{"id":315,"date":"2017-05-26T20:58:00","date_gmt":"2017-05-26T20:58:00","guid":{"rendered":"http:\/\/focas.uniso.br\/index.php\/2017\/05\/26\/radialistas-esportivos-encerram-semana-de-jornalismo-asi-uniso\/"},"modified":"2017-05-26T20:58:00","modified_gmt":"2017-05-26T20:58:00","slug":"radialistas-esportivos-encerram-semana-de-jornalismo-asi-uniso","status":"publish","type":"post","link":"https:\/\/focas.uniso.br\/index.php\/2017\/05\/26\/radialistas-esportivos-encerram-semana-de-jornalismo-asi-uniso\/","title":{"rendered":"Radialistas esportivos encerram Semana de Jornalismo ASI\/Uniso"},"content":{"rendered":"<div style=\"clear: both; text-align: center;\"><a href=\"https:\/\/2.bp.blogspot.com\/-hPJHs-U7H_M\/WSiU5qYH89I\/AAAAAAAAGFg\/5MejvLgzij0h6_Gg7zWft4xBiaeZBof9gCLcB\/s1600\/Radialistas%2Bdas%2BR%25C3%25A1dio%2BCruzeiro%2BFM%2Be%2BIpanema%2B%2528Da%2Besquerda%2Bpara%2Bdireita%25252c%2BGerson%2BJunior%25252c%2BPaulo%2BRoberto%2BJunior%25252c%2BNilson%2BDuarte%25252c%2BCaio%2BRossini%25252c%2BAlex%2Bda%2BMata%2529.jpg\" style=\"margin-left: 1em; margin-right: 1em;\"><img loading=\"lazy\" decoding=\"async\" border=\"0\" data-original-height=\"540\" data-original-width=\"960\" height=\"180\" src=\"https:\/\/2.bp.blogspot.com\/-hPJHs-U7H_M\/WSiU5qYH89I\/AAAAAAAAGFg\/5MejvLgzij0h6_Gg7zWft4xBiaeZBof9gCLcB\/s320\/Radialistas%2Bdas%2BR%25C3%25A1dio%2BCruzeiro%2BFM%2Be%2BIpanema%2B%2528Da%2Besquerda%2Bpara%2Bdireita%25252c%2BGerson%2BJunior%25252c%2BPaulo%2BRoberto%2BJunior%25252c%2BNilson%2BDuarte%25252c%2BCaio%2BRossini%25252c%2BAlex%2Bda%2BMata%2529.jpg\" width=\"320\" \/><\/a><\/div>\n<div style=\"text-align: justify;\">Equipes da R\u00e1dio Ipanema e da R\u00e1dio Cruzeiro FM encerraram a semana de palestras abordando o jornalismo esportivo no r\u00e1dio. Na noite do dia (11), os alunos dos cursos de Jornalismo, Rela\u00e7\u00f5es P\u00fablicas, Publicidade e Propaganda e Educa\u00e7\u00e3o F\u00edsica da Universidade de Sorocaba (Uniso) receberam Paulo Roberto Junior, Gerson J\u00fanior, Nilson Duarte, Caio Rossini e Alex da Mata.<\/div>\n<div style=\"text-align: justify;\">Locutor pela r\u00e1dio Ipanema, Paulo Roberto Junior abriu o bate papo se apresentando e contado sua trajet\u00f3ria no r\u00e1dio. Diretor da Associa\u00e7\u00e3o Sorocabana de Imprensa e com quase 30 anos de profiss\u00e3o, Paulo conta que seu interesse pelo r\u00e1dio surgiu ainda na inf\u00e2ncia. \u201cSempre ouvi r\u00e1dio e gostava principalmente de ouvir transmiss\u00e3o esportiva, a maioria das crian\u00e7as brincava na rua, jogava bola, e eu n\u00e3o, \u00e9 evidente que eu ficava em casa ouvindo r\u00e1dio\u201d. Sua ambi\u00e7\u00e3o o levou a iniciar no r\u00e1dio aos 16 anos. \u201cEntrei em julho de 1986 e jamais sai\u201d.&nbsp;<\/div>\n<div style=\"text-align: justify;\">Segundo ele, \u201cquem trabalha em r\u00e1dio, acima de tudo, \u00e9 paix\u00e3o, \u00e9 vontade de falar no microfone, de passar informa\u00e7\u00e3o, de prestar servi\u00e7o, e isso \u00e9 uma coisa que nasce com a pessoa\u201d. Paulo Roberto Junior concluiu sua fala dando um conselho aos interessados a seguir a carreira de radialista: \u201cSe voc\u00eas gostam de r\u00e1dio, estudem, procurem ouvir pessoas que tem conte\u00fado, e gostar do que faz. \u00c9 uma coisa da qual n\u00e3o abro m\u00e3o, n\u00e3o saberia explicar a minha vida se n\u00e3o fosse o r\u00e1dio\u201d, concluiu.<\/div>\n<div style=\"text-align: justify;\">Na sequ\u00eancia, foi a vez do narrador Nilson Duarte, coordenador de esporte da R\u00e1dio Cruzeiro FM, contar sua hist\u00f3ria no r\u00e1dio. \u201cSempre gostei de r\u00e1dio, de transmiss\u00e3o esportiva, mas nunca achei que tinha condi\u00e7\u00f5es e demorei para entrar nessa linha de trabalho\u201d. Em uma de suas falas, Duarte conta ter iniciado no r\u00e1dio em 1996, e apenas anos mais tarde diz ter perdido a vergonha de arriscar, e a\u00ed sim participou de transmiss\u00f5es esportivas pela internet. \u201cSe voc\u00eas tem vontade de fazer alguma coisa, seja no r\u00e1dio, seja em qualquer ramo de atividade, n\u00e3o coloquem limites, porque quando voc\u00ea tem vontade, voc\u00ea tem aquela coisa que te empurra, que te faz querer, voc\u00ea consegue! \u201d.<\/div>\n<div style=\"text-align: justify;\">Gerson J\u00fanior, jornalista formado pela Uniso e integrante da equipe da R\u00e1dio Ipanema, disse ter iniciado no r\u00e1dio tamb\u00e9m com o desejo de ser narrador esportivo. Em sua carreira, participou de transmiss\u00e3o online para a Federa\u00e7\u00e3o Paulista de Futebol (FPF), j\u00e1 narrou partidas de jud\u00f4 para cegos e, atualmente, al\u00e9m de futebol, narra tamb\u00e9m partidas de basquete. Gerson J\u00fanior afirmou que os alunos devem aproveitar o tempo de universidade e colocar em pr\u00e1tica tudo o que aprendem. \u201cAproveite as oportunidades, v\u00e1 e fa\u00e7a, porque s\u00f3 assim a gente vai aprender\u201d.<\/div>\n<div style=\"text-align: justify;\">O rep\u00f3rter da Cruzeiro FM, Caio Rossini, rec\u00e9m-formado em jornalismo pela Uniso, disse que sentia bem podendo voltar \u00e0 universidade, desta vez, do outro lado do microfone, em uma palestra. Caio abordou a presen\u00e7a da internet nas transmiss\u00f5es e o espa\u00e7o que a r\u00e1dio vem conquistando no meio online. \u201cAcho que a tend\u00eancia \u00e9 essa, cada vez menos as pessoas v\u00e3o ouvir o r\u00e1dio no r\u00e1dio, e cada vez mais v\u00e3o ouvir na internet\u201d. A oportunidade de estar de volta \u00e0 Uniso fez com que Caio relembrasse de sua \u00e9poca de estudos. &nbsp;\u201cExatamente nesse audit\u00f3rio, acompanhei uma palestra do fot\u00f3grafo Epit\u00e1cio Pessoa, e ele disse algo que me marcou muito, que n\u00e3o tinha ganhado dinheiro, mas muita hist\u00f3ria para contar, e isso vale muito mais\u201d.<\/div>\n<div style=\"text-align: justify;\">\u00daltimo a ter a palavra, Alex da Mata, integrante da equipe Ipanema e estudante de jornalismo pela Uniso, se sentiu honrado por estar ao lado de colegas do r\u00e1dio que tanto admira e falando aos seus colegas de sala. Compartilhando das falas dos colegas, citou o sentimento que move o radialista: &nbsp;\u201cComo todos falaram, r\u00e1dio realmente \u00e9 paix\u00e3o, por que n\u00e3o tem dia, n\u00e3o tem hor\u00e1rio para acabar\u201d. Iniciou sua carreira por volta de 2001, tendo passagem pela Cruzeiro FM entre 2006 e 2009, e em 2013 assumiu a coordena\u00e7\u00e3o da web r\u00e1dio Coring\u00e3o em S\u00e3o Paulo onde est\u00e1 at\u00e9 hoje.&nbsp;<\/div>\n<div style=\"text-align: justify;\">Encerradas as apresenta\u00e7\u00f5es, foi aberta uma sess\u00e3o de perguntas. Para Camila Andrade Santos (19), a palestra foi muito interessante. \u201cAchei bem produtiva, ainda mais por gostar do esporte, e do r\u00e1dio esportivo, eles deram v\u00e1rias dicas e comentaram dos bastidores\u201d.<\/div>\n<div style=\"text-align: justify;\">Ao final, Paulo Roberto Junior contou o que sentiu da experi\u00eancia de ministrar uma palestra para os universit\u00e1rios. \u201cFoi muito gratificante poder trocar experi\u00eancias com os alunos, porque um dia estive do outro lado, j\u00e1 participei de eventos como esse. Fiz com o maior prazer\u201d. Para Caio Rossini, a experi\u00eancia foi especial: \u201cAt\u00e9 6 meses atr\u00e1s eu estava aqui, assisti v\u00e1rias palestras, e \u00e9 a primeira vez que eu estou do outro lado. Valeu a pena&#8221;.<\/div>\n<div style=\"text-align: justify;\"><\/div>\n<div style=\"text-align: justify;\"><i><br \/><\/i><\/div>\n<div style=\"text-align: justify;\"><span style=\"font-family: &quot;times new roman&quot; , &quot;serif&quot;; font-size: 12.0pt; line-height: 107%;\"><i>Texto: Lucas Souza\/Ag\u00eanciaJor<\/i><\/span><\/div>\n<div style=\"text-align: justify;\"><span style=\"font-family: &quot;times new roman&quot; , &quot;serif&quot;; font-size: 12.0pt; line-height: 107%;\"><i>Foto: Fernando Negr\u00e3o&nbsp;<\/i><o:p><\/o:p><\/span><\/div>\n","protected":false},"excerpt":{"rendered":"<p>Equipes da R\u00e1dio Ipanema e da R\u00e1dio Cruzeiro FM encerraram a semana de palestras abordando o jornalismo esportivo no r\u00e1dio.<\/p>\n","protected":false},"author":1,"featured_media":0,"comment_status":"open","ping_status":"open","sticky":false,"template":"","format":"standard","meta":{"colormag_page_container_layout":"default_layout","colormag_page_sidebar_layout":"default_layout","footnotes":""},"categories":[1],"tags":[],"class_list":["post-315","post","type-post","status-publish","format-standard","hentry","category-uncategorized"],"featured_image_urls":{"full":"","thumbnail":"","medium":"","medium_large":"","large":"","1536x1536":"","2048x2048":"","colormag-highlighted-post":"","colormag-featured-post-medium":"","colormag-featured-post-small":"","colormag-featured-image":"","colormag-default-news":"","colormag-featured-image-large":""},"author_info":{"info":["focas"]},"category_info":"<a href=\"https:\/\/focas.uniso.br\/index.php\/category\/uncategorized\/\" rel=\"category tag\">Uncategorized<\/a>","tag_info":"Uncategorized","comment_count":"0","_links":{"self":[{"href":"https:\/\/focas.uniso.br\/index.php\/wp-json\/wp\/v2\/posts\/315","targetHints":{"allow":["GET"]}}],"collection":[{"href":"https:\/\/focas.uniso.br\/index.php\/wp-json\/wp\/v2\/posts"}],"about":[{"href":"https:\/\/focas.uniso.br\/index.php\/wp-json\/wp\/v2\/types\/post"}],"author":[{"embeddable":true,"href":"https:\/\/focas.uniso.br\/index.php\/wp-json\/wp\/v2\/users\/1"}],"replies":[{"embeddable":true,"href":"https:\/\/focas.uniso.br\/index.php\/wp-json\/wp\/v2\/comments?post=315"}],"version-history":[{"count":0,"href":"https:\/\/focas.uniso.br\/index.php\/wp-json\/wp\/v2\/posts\/315\/revisions"}],"wp:attachment":[{"href":"https:\/\/focas.uniso.br\/index.php\/wp-json\/wp\/v2\/media?parent=315"}],"wp:term":[{"taxonomy":"category","embeddable":true,"href":"https:\/\/focas.uniso.br\/index.php\/wp-json\/wp\/v2\/categories?post=315"},{"taxonomy":"post_tag","embeddable":true,"href":"https:\/\/focas.uniso.br\/index.php\/wp-json\/wp\/v2\/tags?post=315"}],"curies":[{"name":"wp","href":"https:\/\/api.w.org\/{rel}","templated":true}]}}