{"id":317,"date":"2017-05-22T15:15:00","date_gmt":"2017-05-22T15:15:00","guid":{"rendered":"http:\/\/focas.uniso.br\/index.php\/2017\/05\/22\/colegio-dom-aguirre-comemora-33-anos-em-sorocaba\/"},"modified":"2017-05-22T15:15:00","modified_gmt":"2017-05-22T15:15:00","slug":"colegio-dom-aguirre-comemora-33-anos-em-sorocaba","status":"publish","type":"post","link":"https:\/\/focas.uniso.br\/index.php\/2017\/05\/22\/colegio-dom-aguirre-comemora-33-anos-em-sorocaba\/","title":{"rendered":"Col\u00e9gio Dom Aguirre comemora 33 anos em Sorocaba"},"content":{"rendered":"<div style=\"clear: both; text-align: center;\"><a href=\"https:\/\/3.bp.blogspot.com\/-1NICK17uUPw\/WSL7AG2vWHI\/AAAAAAAAGDU\/y5eGlWlVvU8lI_n1EaZPLvwlvzBIKg0nwCLcB\/s1600\/WhatsApp%2BImage%2B2017-05-22%2Bat%2B11.48.30%2BAM.jpeg\" style=\"margin-left: 1em; margin-right: 1em;\"><img loading=\"lazy\" decoding=\"async\" border=\"0\" height=\"171\" src=\"https:\/\/3.bp.blogspot.com\/-1NICK17uUPw\/WSL7AG2vWHI\/AAAAAAAAGDU\/y5eGlWlVvU8lI_n1EaZPLvwlvzBIKg0nwCLcB\/s320\/WhatsApp%2BImage%2B2017-05-22%2Bat%2B11.48.30%2BAM.jpeg\" width=\"320\" \/><\/a><\/div>\n<div style=\"text-align: justify;\">Com um clima festivo, o Col\u00e9gio Dom Aguirre comemorou seus 33 anos de implanta\u00e7\u00e3o. O evento foi realizado no dia 06 de maio, no gin\u00e1sio do pr\u00f3prio col\u00e9gio. Foi a primeira vez que o anivers\u00e1rio foi celebrado de portas abertas para a comunidade. Al\u00e9m de pais, alunos e professores, visitantes prestigiaram a comemora\u00e7\u00e3o, que coincide com o anivers\u00e1rio do patrono do col\u00e9gio e primeiro Bispo de Sorocaba, Dom Jos\u00e9 Carlos de Aguirre.<\/div>\n<div style=\"text-align: justify;\">Uma exposi\u00e7\u00e3o feita por alunos mostrava em cronologia a vida do Bispo, contextualizada com outros acontecimentos da \u00e9poca. Alunas apresentaram uma coreografia com bandeiras na abertura do evento, e logo ap\u00f3s cantaram o hino nacional e o hino do col\u00e9gio, como abertura solene. Havia barracas beneficentes para a venda de comidas e bebidas e alunos do Ensino M\u00e9dio arrecadavam fundos para formatura, ao som de bandas compostas por alunos e professores.<\/div>\n<table cellpadding=\"0\" cellspacing=\"0\" style=\"float: left; margin-right: 1em; text-align: left;\">\n<tbody>\n<tr>\n<td style=\"text-align: center;\"><a href=\"https:\/\/1.bp.blogspot.com\/-R0kKUKLYLlg\/WSL8xCblEwI\/AAAAAAAAGDk\/EfAh1iG8kgAkPPJxinZgcwtijehj1lRPQCLcB\/s1600\/Exposi%25C3%25A7%25C3%25A3oem%2Bhomenagem%2Bao%2BDom%2BAguirre.JPG\" style=\"clear: left; margin-bottom: 1em; margin-left: auto; margin-right: auto;\"><img loading=\"lazy\" decoding=\"async\" border=\"0\" height=\"200\" src=\"https:\/\/1.bp.blogspot.com\/-R0kKUKLYLlg\/WSL8xCblEwI\/AAAAAAAAGDk\/EfAh1iG8kgAkPPJxinZgcwtijehj1lRPQCLcB\/s320\/Exposi%25C3%25A7%25C3%25A3oem%2Bhomenagem%2Bao%2BDom%2BAguirre.JPG\" width=\"320\" \/><\/a><\/td>\n<\/tr>\n<tr>\n<td style=\"text-align: left;\">&nbsp;Exposi\u00e7\u00e3o em homenagem ao Dom Aguirre<\/td>\n<\/tr>\n<\/tbody>\n<\/table>\n<div style=\"text-align: justify;\">O diretor do col\u00e9gio Dom Aguirre, Jos\u00e9 Martins da Rocha, assumiu o cargo em 2010, mas trabalha na institui\u00e7\u00e3o h\u00e1 22 anos. Democracia e di\u00e1logo s\u00e3o lemas e, para o diretor, educar nesse sentido exige mais do que transmitir conhecimento. \u201cEduca\u00e7\u00e3o \u00e9 um exerc\u00edcio e o Patrono serve para n\u00f3s como inspira\u00e7\u00e3o no sentido de sempre buscar um di\u00e1logo, de n\u00e3o ser radical, ensinar os alunos a aceitar o diferente, perceber que a liberdade dele depende do outro\u201d. Abrir o col\u00e9gio para todos comemorarem o dia do patrono e o anivers\u00e1rio do col\u00e9gio tamb\u00e9m foi uma forma de incentivar a democracia e o di\u00e1logo, segundo o diretor.<\/div>\n<div style=\"text-align: justify;\">Fabiane D. M. Batista, 34, tem duas filhas matriculadas no col\u00e9gio e fala da import\u00e2ncia de participar deste dia. \u201c\u00c9 um momento de a gente participar e se integrar com funcion\u00e1rios e professores, porque no dia a dia \u00e9 muita correria, n\u00e3o d\u00e1 tempo de participar da viv\u00eancia do col\u00e9gio\u201d. Alguns pais de alunos rec\u00e9m-matriculados enfatizaram a import\u00e2ncia da comemora\u00e7\u00e3o aberta para a socializa\u00e7\u00e3o. \u201c\u00c9 muito legal conhecer outros professores que fazem parte da rotina di\u00e1ria. Convidei amigos que talvez venham tamb\u00e9m, acho interessante essa parte social\u201d, diz Sonia Boselli.<\/div>\n<div style=\"text-align: justify;\">O professor Rafael Poveda leciona matem\u00e1tica no Ensino Fundamental e M\u00e9dio, e ajudou na organiza\u00e7\u00e3o das bandas. Ele tamb\u00e9m \u00e9 integrante da Masters of the Cine. \u201cAdoro m\u00fasica e gosto muito de estar com a garotada. Sempre participo com eles da mostra Dom, apresentando rock\u201d.<\/div>\n<div style=\"text-align: justify;\">O ex-aluno do Dom Aguirre e estudante de Psicologia na Uniso, Matheus de Lima, recebeu o convite do professor Rafael Poveda para tocar teclado. Com um repert\u00f3rio do grupo ABBA, o grupo se apresentou pela primeira vez.<\/div>\n<table align=\"center\" cellpadding=\"0\" cellspacing=\"0\" style=\"margin-left: auto; margin-right: auto; text-align: center;\">\n<tbody>\n<tr>\n<td style=\"text-align: center;\"><a href=\"https:\/\/3.bp.blogspot.com\/-pV_IyGJx3CQ\/WSL84UgNAhI\/AAAAAAAAGDw\/HgnHRkV74qc1oC_lSczRXaxLEkJPpQ_ywCEw\/s1600\/Barracas%2Bbeneficientes%2Bforam%2Bdispostas%2Bna%2Bquadra.JPG\" style=\"margin-left: auto; margin-right: auto;\"><img loading=\"lazy\" decoding=\"async\" border=\"0\" height=\"212\" src=\"https:\/\/3.bp.blogspot.com\/-pV_IyGJx3CQ\/WSL84UgNAhI\/AAAAAAAAGDw\/HgnHRkV74qc1oC_lSczRXaxLEkJPpQ_ywCEw\/s320\/Barracas%2Bbeneficientes%2Bforam%2Bdispostas%2Bna%2Bquadra.JPG\" width=\"320\" \/><\/a><\/td>\n<\/tr>\n<tr>\n<td style=\"text-align: left;\">&nbsp;Barracas beneficentes no p\u00e1tio do col\u00e9gio<\/td>\n<\/tr>\n<\/tbody>\n<\/table>\n<div style=\"text-align: justify;\">O Dom Aguirre incentiva a forma\u00e7\u00e3o musical e art\u00edstica dos alunos. Exemplo disso \u00e9 a banda Filhos de Marte, composta por estudantes do Col\u00e9gio. \u201cA banda se formou na escola, a primeira vez que tocamos juntos foi no Sarau de Arte e Cidadania, mas j\u00e1 tocamos no Sesc e fizemos um ac\u00fastico no parque Campolim tamb\u00e9m. Eu entrei como baixista, logo come\u00e7amos a compor nossas m\u00fasicas. A banda sempre tenta tocar alguns covers tamb\u00e9m, mas nosso foco s\u00e3o nossas pr\u00f3prias autorias, inclusive estamos para lan\u00e7ar um single que se chamar\u00e1 \u201cBicho Pap\u00e3o\u201d, comenta Sthefani Caroline, 17, estudante do terceiro ano do Ensino M\u00e9dio.<\/div>\n<div style=\"text-align: justify;\">Isabela Lorena de Souza, 17, tamb\u00e9m estudante do terceiro ano, fala sobre a import\u00e2ncia de se realizar um evento aberto. \u201cAcho sensacional porque existe um preconceito de que o pessoal de escola particular \u00e9 muito chato e fechado. Eu mesma pensava assim antes de estudar aqui. Com essa intera\u00e7\u00e3o, as pessoas podem ver os projetos que fazemos, podem trocar essas informa\u00e7\u00f5es\u201d.<\/div>\n<table align=\"center\" cellpadding=\"0\" cellspacing=\"0\" style=\"margin-left: auto; margin-right: auto; text-align: center;\">\n<tbody>\n<tr>\n<td style=\"text-align: center;\"><a href=\"https:\/\/1.bp.blogspot.com\/-tsocs1NTBk4\/WSL_YfFEQTI\/AAAAAAAAGD4\/I3l-TyYrgl8oWn03y4AKfUSJPa4JXGvdACLcB\/s1600\/banda%2BFilhos%2Bde%2BMarte%2Bfaz%2Bapresenta%25C3%25A7%25C3%25A3o.JPG\" style=\"margin-left: auto; margin-right: auto;\"><img loading=\"lazy\" decoding=\"async\" border=\"0\" height=\"212\" src=\"https:\/\/1.bp.blogspot.com\/-tsocs1NTBk4\/WSL_YfFEQTI\/AAAAAAAAGD4\/I3l-TyYrgl8oWn03y4AKfUSJPa4JXGvdACLcB\/s320\/banda%2BFilhos%2Bde%2BMarte%2Bfaz%2Bapresenta%25C3%25A7%25C3%25A3o.JPG\" width=\"320\" \/><\/a><\/td>\n<\/tr>\n<tr>\n<td style=\"text-align: left;\">&nbsp;Banda &#8220;Filhos de Marte&#8221; se apresentou na comemora\u00e7\u00e3o&nbsp;<\/td>\n<\/tr>\n<\/tbody>\n<\/table>\n<div style=\"line-height: 150%;\"><span style=\"font-family: &quot;Times New Roman&quot;,&quot;serif&quot;; font-size: 12.0pt; line-height: 150%;\"><i>Texto: Camila Sales, P\u00e2mela Ramos \/Ag\u00eancia Jor<o:p><\/o:p><\/i><\/span><\/div>\n<div style=\"line-height: 150%;\"><span style=\"font-family: &quot;Times New Roman&quot;,&quot;serif&quot;; font-size: 12.0pt; line-height: 150%;\"><i>Foto:&nbsp;<\/i><\/span><i style=\"font-family: &quot;Times New Roman&quot;, serif; font-size: 16px;\">P\u00e2mela Ramos \/Ag\u00eancia Jor<\/i><\/div>\n<div style=\"line-height: 150%;\"><\/div>\n","protected":false},"excerpt":{"rendered":"<p>Com um clima festivo, o Col\u00e9gio Dom Aguirre comemorou seus 33 anos de implanta\u00e7\u00e3o. O evento foi realizado no dia<\/p>\n","protected":false},"author":1,"featured_media":0,"comment_status":"open","ping_status":"open","sticky":false,"template":"","format":"standard","meta":{"colormag_page_container_layout":"default_layout","colormag_page_sidebar_layout":"default_layout","footnotes":""},"categories":[1],"tags":[],"class_list":["post-317","post","type-post","status-publish","format-standard","hentry","category-uncategorized"],"featured_image_urls":{"full":"","thumbnail":"","medium":"","medium_large":"","large":"","1536x1536":"","2048x2048":"","colormag-highlighted-post":"","colormag-featured-post-medium":"","colormag-featured-post-small":"","colormag-featured-image":"","colormag-default-news":"","colormag-featured-image-large":""},"author_info":{"info":["focas"]},"category_info":"<a href=\"https:\/\/focas.uniso.br\/index.php\/category\/uncategorized\/\" rel=\"category tag\">Uncategorized<\/a>","tag_info":"Uncategorized","comment_count":"0","_links":{"self":[{"href":"https:\/\/focas.uniso.br\/index.php\/wp-json\/wp\/v2\/posts\/317","targetHints":{"allow":["GET"]}}],"collection":[{"href":"https:\/\/focas.uniso.br\/index.php\/wp-json\/wp\/v2\/posts"}],"about":[{"href":"https:\/\/focas.uniso.br\/index.php\/wp-json\/wp\/v2\/types\/post"}],"author":[{"embeddable":true,"href":"https:\/\/focas.uniso.br\/index.php\/wp-json\/wp\/v2\/users\/1"}],"replies":[{"embeddable":true,"href":"https:\/\/focas.uniso.br\/index.php\/wp-json\/wp\/v2\/comments?post=317"}],"version-history":[{"count":0,"href":"https:\/\/focas.uniso.br\/index.php\/wp-json\/wp\/v2\/posts\/317\/revisions"}],"wp:attachment":[{"href":"https:\/\/focas.uniso.br\/index.php\/wp-json\/wp\/v2\/media?parent=317"}],"wp:term":[{"taxonomy":"category","embeddable":true,"href":"https:\/\/focas.uniso.br\/index.php\/wp-json\/wp\/v2\/categories?post=317"},{"taxonomy":"post_tag","embeddable":true,"href":"https:\/\/focas.uniso.br\/index.php\/wp-json\/wp\/v2\/tags?post=317"}],"curies":[{"name":"wp","href":"https:\/\/api.w.org\/{rel}","templated":true}]}}