{"id":3175,"date":"2025-05-13T09:34:18","date_gmt":"2025-05-13T12:34:18","guid":{"rendered":"https:\/\/focas.uniso.br\/?p=3175"},"modified":"2025-05-13T09:34:19","modified_gmt":"2025-05-13T12:34:19","slug":"sorocaba-recebe-semana-de-cultura-e-arte-negra-com-apresentacoes-musicais-debates-e-feira-de-empreendedorismo-afro","status":"publish","type":"post","link":"https:\/\/focas.uniso.br\/index.php\/2025\/05\/13\/sorocaba-recebe-semana-de-cultura-e-arte-negra-com-apresentacoes-musicais-debates-e-feira-de-empreendedorismo-afro\/","title":{"rendered":"Sorocaba recebe Semana de Cultura e Arte Negra com apresenta\u00e7\u00f5es musicais, debates e feira de empreendedorismo afro"},"content":{"rendered":"\n<p>Por Gabriela Vasconcelos (Ag\u00eancia Focas &#8211; Jornalismo Uniso)<\/p>\n\n\n\n<figure class=\"wp-block-image size-full\"><img loading=\"lazy\" decoding=\"async\" width=\"546\" height=\"683\" src=\"https:\/\/focas.uniso.br\/wp-content\/uploads\/2025\/05\/WhatsApp-Image-2025-05-13-at-07.22.11.jpeg\" alt=\"\" class=\"wp-image-3176\" srcset=\"https:\/\/focas.uniso.br\/wp-content\/uploads\/2025\/05\/WhatsApp-Image-2025-05-13-at-07.22.11.jpeg 546w, https:\/\/focas.uniso.br\/wp-content\/uploads\/2025\/05\/WhatsApp-Image-2025-05-13-at-07.22.11-240x300.jpeg 240w\" sizes=\"auto, (max-width: 546px) 100vw, 546px\" \/><figcaption class=\"wp-element-caption\">Foto- Reprodu\u00e7\u00e3o<\/figcaption><\/figure>\n\n\n\n<p>Entre os dias 14 e 17 de maio, a cidade de Sorocaba (SP) ser\u00e1 palco de uma grande celebra\u00e7\u00e3o da cultura negra. A <em>Semana de Cultura e Arte Negra de Sorocaba 2025<\/em> acontecer\u00e1 das 16h \u00e0s 21h na sede do N\u00facleo ETC UFSCar Sorocaba, reunindo m\u00fasica, arte, literatura, cinema, debates e uma feira de empreendedorismo afro com talentos locais e regionais.<\/p>\n\n\n\n<p>O evento \u00e9 promovido pela Associa\u00e7\u00e3o A\u00e7\u00e3o Perif\u00e9rica, em parceria com o N\u00facleo de Educa\u00e7\u00e3o, Tecnologia e Cultura (ETC) da UFSCar e o Conselho Municipal de Participa\u00e7\u00e3o e Desenvolvimento da Comunidade Negra e Promo\u00e7\u00e3o da Igualdade Racial (COMPIR). A programa\u00e7\u00e3o inclui apresenta\u00e7\u00f5es musicais e art\u00edsticas, exposi\u00e7\u00e3o de obras afros, batalha de slam, exibi\u00e7\u00e3o de curtas e document\u00e1rios, e rodas de conversa.<\/p>\n\n\n\n<p>No dia 17 de maio, das 8h \u00e0s 17h, haver\u00e1 uma jornada especial de debates sobre a 2\u00aa D\u00e9cada Internacional de Afrodescendentes pela Organiza\u00e7\u00e3o das Na\u00e7\u00f5es Unidas (ONU), com temas ligados \u00e0 5\u00aa Confer\u00eancia Nacional e \u00e0 1\u00aa Confer\u00eancia Municipal de Promo\u00e7\u00e3o da Igualdade Racial em Sorocaba.<\/p>\n\n\n\n<p><strong>Inscri\u00e7\u00f5es<\/strong><\/p>\n\n\n\n<p>As inscri\u00e7\u00f5es s\u00e3o gratuitas e podem ser feitas pelo link: <a href=\"https:\/\/forms.gle\/TSBuKKTxFU8eKvQa9\">https:\/\/forms.gle\/TSBuKKTxFU8eKvQa9<\/a><\/p>\n\n\n\n<p><strong>Informa\u00e7\u00f5es e contato<\/strong><\/p>\n\n\n\n<p>E-mail: <a href=\"mailto:acaoperiferica@gmail.cok\">acaoperiferica@gmail.com<\/a><\/p>\n\n\n\n<p>Telefone: (15) 99746-4990<\/p>\n\n\n\n<p><strong>Local do evento<\/strong><\/p>\n\n\n\n<p>N\u00facleo ETC \u2013 UFSCar Sorocaba<\/p>\n\n\n\n<p>Rua Maria Cinto de Biaggi, 130 \u2013 Bairro Santa Ros\u00e1lia, Sorocaba (SP)<\/p>\n","protected":false},"excerpt":{"rendered":"<p>Por Gabriela Vasconcelos (Ag\u00eancia Focas &#8211; Jornalismo Uniso) Entre os dias 14 e 17 de maio, a cidade de Sorocaba<\/p>\n","protected":false},"author":1,"featured_media":0,"comment_status":"open","ping_status":"open","sticky":false,"template":"","format":"standard","meta":{"colormag_page_container_layout":"default_layout","colormag_page_sidebar_layout":"default_layout","footnotes":""},"categories":[15,9,37,14],"tags":[],"class_list":["post-3175","post","type-post","status-publish","format-standard","hentry","category-jornalismo","category-jornalismo-online","category-sorocaba","category-uniso"],"featured_image_urls":{"full":"","thumbnail":"","medium":"","medium_large":"","large":"","1536x1536":"","2048x2048":"","colormag-highlighted-post":"","colormag-featured-post-medium":"","colormag-featured-post-small":"","colormag-featured-image":"","colormag-default-news":"","colormag-featured-image-large":""},"author_info":{"info":["focas"]},"category_info":"<a href=\"https:\/\/focas.uniso.br\/index.php\/category\/jornalismo\/\" rel=\"category tag\">Jornalismo<\/a> <a href=\"https:\/\/focas.uniso.br\/index.php\/category\/jornalismo-online\/\" rel=\"category tag\">jornalismo online<\/a> <a href=\"https:\/\/focas.uniso.br\/index.php\/category\/sorocaba\/\" rel=\"category tag\">Sorocaba<\/a> <a href=\"https:\/\/focas.uniso.br\/index.php\/category\/uniso\/\" rel=\"category tag\">Uniso<\/a>","tag_info":"Uniso","comment_count":"0","_links":{"self":[{"href":"https:\/\/focas.uniso.br\/index.php\/wp-json\/wp\/v2\/posts\/3175","targetHints":{"allow":["GET"]}}],"collection":[{"href":"https:\/\/focas.uniso.br\/index.php\/wp-json\/wp\/v2\/posts"}],"about":[{"href":"https:\/\/focas.uniso.br\/index.php\/wp-json\/wp\/v2\/types\/post"}],"author":[{"embeddable":true,"href":"https:\/\/focas.uniso.br\/index.php\/wp-json\/wp\/v2\/users\/1"}],"replies":[{"embeddable":true,"href":"https:\/\/focas.uniso.br\/index.php\/wp-json\/wp\/v2\/comments?post=3175"}],"version-history":[{"count":2,"href":"https:\/\/focas.uniso.br\/index.php\/wp-json\/wp\/v2\/posts\/3175\/revisions"}],"predecessor-version":[{"id":3178,"href":"https:\/\/focas.uniso.br\/index.php\/wp-json\/wp\/v2\/posts\/3175\/revisions\/3178"}],"wp:attachment":[{"href":"https:\/\/focas.uniso.br\/index.php\/wp-json\/wp\/v2\/media?parent=3175"}],"wp:term":[{"taxonomy":"category","embeddable":true,"href":"https:\/\/focas.uniso.br\/index.php\/wp-json\/wp\/v2\/categories?post=3175"},{"taxonomy":"post_tag","embeddable":true,"href":"https:\/\/focas.uniso.br\/index.php\/wp-json\/wp\/v2\/tags?post=3175"}],"curies":[{"name":"wp","href":"https:\/\/api.w.org\/{rel}","templated":true}]}}