{"id":3221,"date":"2025-05-16T10:37:42","date_gmt":"2025-05-16T13:37:42","guid":{"rendered":"https:\/\/focas.uniso.br\/?p=3221"},"modified":"2025-05-16T10:37:42","modified_gmt":"2025-05-16T13:37:42","slug":"sorocaba-abre-semana-de-cultura-e-arte-negra-com-expressoes-artisticas-marcantes-e-estreia-de-filme","status":"publish","type":"post","link":"https:\/\/focas.uniso.br\/index.php\/2025\/05\/16\/sorocaba-abre-semana-de-cultura-e-arte-negra-com-expressoes-artisticas-marcantes-e-estreia-de-filme\/","title":{"rendered":"Sorocaba abre Semana de Cultura e Arte Negra com express\u00f5es art\u00edsticas marcantes e estreia de filme"},"content":{"rendered":"\n<p>Primeiro dia de evento refor\u00e7a o protagonismo negro com exposi\u00e7\u00f5es de artesanatos e apresenta\u00e7\u00f5es culturais<\/p>\n\n\n\n<p>Por Maria Clara Russini (Ag\u00eancia Focs &#8211; Jornalismo Uniso)<\/p>\n\n\n\n<p>A abertura da Semana de Cultura e Arte Negra de Sorocaba movimentou o N\u00facleo de Extens\u00e3o Educa\u00e7\u00e3o, Tecnologia e Cultura (ETC) da Universidade Federal (UFSCAR), campus Sorocaba, nesta quarta-feira (14), reunindo diversos empreendedores e artistas para celebrar a cultura afro-brasileira e trazer um momento de reflex\u00e3o nesta data t\u00e3o simb\u00f3lica, representando os 137 anos da aboli\u00e7\u00e3o da escravid\u00e3o no Brasil no m\u00eas de maio. Com entrada gratuita, o evento marcou o in\u00edcio de quatro dias dedicados \u00e0 valoriza\u00e7\u00e3o da identidade negra por meio da arte, da educa\u00e7\u00e3o e da resist\u00eancia.<\/p>\n\n\n\n<p>Marcio Roberto do Santos, mais conhecido como \u2018Marcio Brown\u2019, organizador do evento e coordenador da entidade social A\u00e7\u00e3o Perif\u00e9rica, conta como essa data \u00e9 simb\u00f3lica e explica o intuito do evento. \u201cO objetivo desse evento \u00e9 mexer com a cabe\u00e7a das pessoas e mostrar que o que queremos \u00e9 igualdade, a ideia \u00e9 ocupar espa\u00e7os e trazer uma rela\u00e7\u00e3o das pessoas que v\u00e3o passar pelo evento com a comunidade negra. Nosso intuito era trazer para a universidade esse projeto, e n\u00e3o deixar apenas na comunidade.\u201d<\/p>\n\n\n\n<p>O evento conta com empreendedores nas \u00e1reas de bijuterias feitas \u00e0 m\u00e3o como brincos, colares e an\u00e9is, sempre com algum elemento da cultura africana representados nas pe\u00e7as. Alguns elementos das religi\u00f5es de matriz africana foram retratados nos acess\u00f3rios, contando com uma variedade grande de artes para todos os gostos.<\/p>\n\n\n\n<p>Lucimara Aparecida Da Rocha, empreendora que compareceu ao evento para divulgar seus produtos, comenta como a expectativa \u00e9 alta para dias assim e fala do seu entusiasmo com o projeto. \u201cA expectativa \u00e9 muito grande, s\u00e3o quatro dias de muitas experi\u00eancias, e, independente do lado das vendas e do empreendedorismo, esse dia \u00e9 para reflex\u00e3o, principalmente para corrermos atr\u00e1s de pol\u00edticas p\u00fablicas e refor\u00e7ar a luta contra o racismo.\u201d<\/p>\n\n\n\n<p>O Clube 28 de Setembro, entidade mais antiga e hist\u00f3rica da cidade no ativismo negro, marcou presen\u00e7a para comemorar os 80 anos da institui\u00e7\u00e3o em Sorocaba, contando com a participa\u00e7\u00e3o do presidente da Sociedade Cultural Beneficente 28 de Setembro, Fabio Arruda, que explica como a cultura negra \u00e9 importante para a sociedade como um todo. \u201cO evento \u00e9 para mostrar as coisas positivas que o povo negro tem para oferecer, a gente j\u00e1 \u00e9 muito marginalizado, e ainda assim temos muita coisa positiva para mostrar para a comunidade no geral.\u201d<\/p>\n\n\n\n<p>Um dos destaques da primeira noite do evento foi a pr\u00e9-estreia do curta-metragem \u2018Dia Ruim\u2019, dirigido e escrito pelo diretor negro e sorocabano Abu Rei. A produ\u00e7\u00e3o independente traz reflex\u00f5es sobre a desigualdade social e racial, celebrando a cultura local e impulsionando os profissionais do audiovisual da cidade.<\/p>\n\n\n\n<p>O filme conta a hist\u00f3ria de Mendes, um talentoso fot\u00f3grafo negro que lida com a dor de um t\u00e9rmino amoroso, enquanto Renato, um homem branco luta contra a depend\u00eancia qu\u00edmica, buscando desesperadamente recursos para quitar suas d\u00edvidas.<\/p>\n\n\n\n<p>Abu Rei, que al\u00e9m de dirigir tamb\u00e9m produziu o filme, explica que o roteiro existe h\u00e1 mais de 30 anos, e que estreiar em uma data t\u00e3o significativa \u00e9 a recompensa por todo o trabalho. &nbsp;\u201cComecei a escrever esse roteiro quando eu tinha 17 anos, agora com 48, vejo quanto tempo levou para a finaliza\u00e7\u00e3o. Eu, como um diretor negro, sei o quanto nosso povo luta e que nossa trajet\u00f3ria n\u00e3o pode ser s\u00f3 lembrada no m\u00eas da Consci\u00eancia Negra, precisamos resistir todos os dias. A todo instante o povo negro tem suas oportunidades, suas expectativas roubadas pelo racismo, esse filme \u00e9 a representa\u00e7\u00e3o da nossa hist\u00f3ria escrita, e o quanto somos importantes para a sociedade.\u201d<\/p>\n\n\n\n<p>A programa\u00e7\u00e3o continua at\u00e9 s\u00e1bado (17), com palestras, feira de empreendedores e barracas de alimentos. O evento acontece no N\u00facleo ETC UFSCAR, localizado na Rua Maria Cinto de Biaggi, 130, no bairro de Santa Ros\u00e1lia. As inscri\u00e7\u00f5es seguem abertas e podem ser feitas pelo instagram do projeto, @acaoperiferica.<\/p>\n\n\n\n<figure class=\"wp-block-gallery has-nested-images columns-default is-cropped wp-block-gallery-1 is-layout-flex wp-block-gallery-is-layout-flex\">\n<figure class=\"wp-block-image size-large\"><img loading=\"lazy\" decoding=\"async\" width=\"1024\" height=\"686\" data-id=\"3234\" src=\"https:\/\/focas.uniso.br\/wp-content\/uploads\/2025\/05\/WhatsApp-Image-2025-05-16-at-10.32.31-1024x686.jpeg\" alt=\"\" class=\"wp-image-3234\" srcset=\"https:\/\/focas.uniso.br\/wp-content\/uploads\/2025\/05\/WhatsApp-Image-2025-05-16-at-10.32.31-1024x686.jpeg 1024w, https:\/\/focas.uniso.br\/wp-content\/uploads\/2025\/05\/WhatsApp-Image-2025-05-16-at-10.32.31-300x201.jpeg 300w, https:\/\/focas.uniso.br\/wp-content\/uploads\/2025\/05\/WhatsApp-Image-2025-05-16-at-10.32.31-768x515.jpeg 768w, https:\/\/focas.uniso.br\/wp-content\/uploads\/2025\/05\/WhatsApp-Image-2025-05-16-at-10.32.31-1536x1029.jpeg 1536w, https:\/\/focas.uniso.br\/wp-content\/uploads\/2025\/05\/WhatsApp-Image-2025-05-16-at-10.32.31.jpeg 1600w\" sizes=\"auto, (max-width: 1024px) 100vw, 1024px\" \/><figcaption class=\"wp-element-caption\">Foto- Antony Moscatelli<\/figcaption><\/figure>\n\n\n\n<figure class=\"wp-block-image size-large\"><img loading=\"lazy\" decoding=\"async\" width=\"686\" height=\"1024\" data-id=\"3235\" src=\"https:\/\/focas.uniso.br\/wp-content\/uploads\/2025\/05\/WhatsApp-Image-2025-05-16-at-10.32.31-1-686x1024.jpeg\" alt=\"\" class=\"wp-image-3235\" srcset=\"https:\/\/focas.uniso.br\/wp-content\/uploads\/2025\/05\/WhatsApp-Image-2025-05-16-at-10.32.31-1-686x1024.jpeg 686w, https:\/\/focas.uniso.br\/wp-content\/uploads\/2025\/05\/WhatsApp-Image-2025-05-16-at-10.32.31-1-201x300.jpeg 201w, https:\/\/focas.uniso.br\/wp-content\/uploads\/2025\/05\/WhatsApp-Image-2025-05-16-at-10.32.31-1-768x1146.jpeg 768w, https:\/\/focas.uniso.br\/wp-content\/uploads\/2025\/05\/WhatsApp-Image-2025-05-16-at-10.32.31-1-1029x1536.jpeg 1029w, https:\/\/focas.uniso.br\/wp-content\/uploads\/2025\/05\/WhatsApp-Image-2025-05-16-at-10.32.31-1.jpeg 1072w\" sizes=\"auto, (max-width: 686px) 100vw, 686px\" \/><figcaption class=\"wp-element-caption\">Foto- Antony Moscatelli<\/figcaption><\/figure>\n\n\n\n<figure class=\"wp-block-image size-large\"><img loading=\"lazy\" decoding=\"async\" width=\"686\" height=\"1024\" data-id=\"3236\" src=\"https:\/\/focas.uniso.br\/wp-content\/uploads\/2025\/05\/WhatsApp-Image-2025-05-16-at-10.32.31-2-686x1024.jpeg\" alt=\"\" class=\"wp-image-3236\" srcset=\"https:\/\/focas.uniso.br\/wp-content\/uploads\/2025\/05\/WhatsApp-Image-2025-05-16-at-10.32.31-2-686x1024.jpeg 686w, https:\/\/focas.uniso.br\/wp-content\/uploads\/2025\/05\/WhatsApp-Image-2025-05-16-at-10.32.31-2-201x300.jpeg 201w, https:\/\/focas.uniso.br\/wp-content\/uploads\/2025\/05\/WhatsApp-Image-2025-05-16-at-10.32.31-2-768x1146.jpeg 768w, https:\/\/focas.uniso.br\/wp-content\/uploads\/2025\/05\/WhatsApp-Image-2025-05-16-at-10.32.31-2-1029x1536.jpeg 1029w, https:\/\/focas.uniso.br\/wp-content\/uploads\/2025\/05\/WhatsApp-Image-2025-05-16-at-10.32.31-2.jpeg 1072w\" sizes=\"auto, (max-width: 686px) 100vw, 686px\" \/><figcaption class=\"wp-element-caption\">Foto- Antony Moscatelli<\/figcaption><\/figure>\n\n\n\n<figure class=\"wp-block-image size-large\"><img loading=\"lazy\" decoding=\"async\" width=\"1024\" height=\"686\" data-id=\"3237\" src=\"https:\/\/focas.uniso.br\/wp-content\/uploads\/2025\/05\/WhatsApp-Image-2025-05-16-at-10.32.32-1024x686.jpeg\" alt=\"\" class=\"wp-image-3237\" srcset=\"https:\/\/focas.uniso.br\/wp-content\/uploads\/2025\/05\/WhatsApp-Image-2025-05-16-at-10.32.32-1024x686.jpeg 1024w, https:\/\/focas.uniso.br\/wp-content\/uploads\/2025\/05\/WhatsApp-Image-2025-05-16-at-10.32.32-300x201.jpeg 300w, https:\/\/focas.uniso.br\/wp-content\/uploads\/2025\/05\/WhatsApp-Image-2025-05-16-at-10.32.32-768x515.jpeg 768w, https:\/\/focas.uniso.br\/wp-content\/uploads\/2025\/05\/WhatsApp-Image-2025-05-16-at-10.32.32-1536x1029.jpeg 1536w, https:\/\/focas.uniso.br\/wp-content\/uploads\/2025\/05\/WhatsApp-Image-2025-05-16-at-10.32.32.jpeg 1600w\" sizes=\"auto, (max-width: 1024px) 100vw, 1024px\" \/><figcaption class=\"wp-element-caption\">Foto- Antony Moscatelli<\/figcaption><\/figure>\n\n\n\n<figure class=\"wp-block-image size-large\"><img loading=\"lazy\" decoding=\"async\" width=\"1024\" height=\"768\" data-id=\"3238\" src=\"https:\/\/focas.uniso.br\/wp-content\/uploads\/2025\/05\/WhatsApp-Image-2025-05-16-at-10.32.32-1-1024x768.jpeg\" alt=\"\" class=\"wp-image-3238\" srcset=\"https:\/\/focas.uniso.br\/wp-content\/uploads\/2025\/05\/WhatsApp-Image-2025-05-16-at-10.32.32-1-1024x768.jpeg 1024w, https:\/\/focas.uniso.br\/wp-content\/uploads\/2025\/05\/WhatsApp-Image-2025-05-16-at-10.32.32-1-300x225.jpeg 300w, https:\/\/focas.uniso.br\/wp-content\/uploads\/2025\/05\/WhatsApp-Image-2025-05-16-at-10.32.32-1-768x576.jpeg 768w, https:\/\/focas.uniso.br\/wp-content\/uploads\/2025\/05\/WhatsApp-Image-2025-05-16-at-10.32.32-1-1536x1152.jpeg 1536w, https:\/\/focas.uniso.br\/wp-content\/uploads\/2025\/05\/WhatsApp-Image-2025-05-16-at-10.32.32-1.jpeg 1600w\" sizes=\"auto, (max-width: 1024px) 100vw, 1024px\" \/><figcaption class=\"wp-element-caption\">Foto- Antony Moscatelli<\/figcaption><\/figure>\n\n\n\n<figure class=\"wp-block-image size-large\"><img loading=\"lazy\" decoding=\"async\" width=\"768\" height=\"1024\" data-id=\"3239\" src=\"https:\/\/focas.uniso.br\/wp-content\/uploads\/2025\/05\/WhatsApp-Image-2025-05-16-at-10.32.32-2-768x1024.jpeg\" alt=\"\" class=\"wp-image-3239\" srcset=\"https:\/\/focas.uniso.br\/wp-content\/uploads\/2025\/05\/WhatsApp-Image-2025-05-16-at-10.32.32-2-768x1024.jpeg 768w, https:\/\/focas.uniso.br\/wp-content\/uploads\/2025\/05\/WhatsApp-Image-2025-05-16-at-10.32.32-2-225x300.jpeg 225w, https:\/\/focas.uniso.br\/wp-content\/uploads\/2025\/05\/WhatsApp-Image-2025-05-16-at-10.32.32-2-1152x1536.jpeg 1152w, https:\/\/focas.uniso.br\/wp-content\/uploads\/2025\/05\/WhatsApp-Image-2025-05-16-at-10.32.32-2.jpeg 1200w\" sizes=\"auto, (max-width: 768px) 100vw, 768px\" \/><figcaption class=\"wp-element-caption\">Foto- Antony Moscatelli<\/figcaption><\/figure>\n\n\n\n<figure class=\"wp-block-image size-large\"><img loading=\"lazy\" decoding=\"async\" width=\"1024\" height=\"768\" data-id=\"3240\" src=\"https:\/\/focas.uniso.br\/wp-content\/uploads\/2025\/05\/WhatsApp-Image-2025-05-16-at-10.32.32-3-1024x768.jpeg\" alt=\"\" class=\"wp-image-3240\" srcset=\"https:\/\/focas.uniso.br\/wp-content\/uploads\/2025\/05\/WhatsApp-Image-2025-05-16-at-10.32.32-3-1024x768.jpeg 1024w, https:\/\/focas.uniso.br\/wp-content\/uploads\/2025\/05\/WhatsApp-Image-2025-05-16-at-10.32.32-3-300x225.jpeg 300w, https:\/\/focas.uniso.br\/wp-content\/uploads\/2025\/05\/WhatsApp-Image-2025-05-16-at-10.32.32-3-768x576.jpeg 768w, https:\/\/focas.uniso.br\/wp-content\/uploads\/2025\/05\/WhatsApp-Image-2025-05-16-at-10.32.32-3-1536x1152.jpeg 1536w, https:\/\/focas.uniso.br\/wp-content\/uploads\/2025\/05\/WhatsApp-Image-2025-05-16-at-10.32.32-3.jpeg 1600w\" sizes=\"auto, (max-width: 1024px) 100vw, 1024px\" \/><figcaption class=\"wp-element-caption\">Foto- Antony Moscatelli<\/figcaption><\/figure>\n\n\n\n<figure class=\"wp-block-image size-large\"><img loading=\"lazy\" decoding=\"async\" width=\"1024\" height=\"768\" data-id=\"3241\" src=\"https:\/\/focas.uniso.br\/wp-content\/uploads\/2025\/05\/WhatsApp-Image-2025-05-16-at-10.32.32-4-1024x768.jpeg\" alt=\"\" class=\"wp-image-3241\" srcset=\"https:\/\/focas.uniso.br\/wp-content\/uploads\/2025\/05\/WhatsApp-Image-2025-05-16-at-10.32.32-4-1024x768.jpeg 1024w, https:\/\/focas.uniso.br\/wp-content\/uploads\/2025\/05\/WhatsApp-Image-2025-05-16-at-10.32.32-4-300x225.jpeg 300w, https:\/\/focas.uniso.br\/wp-content\/uploads\/2025\/05\/WhatsApp-Image-2025-05-16-at-10.32.32-4-768x576.jpeg 768w, https:\/\/focas.uniso.br\/wp-content\/uploads\/2025\/05\/WhatsApp-Image-2025-05-16-at-10.32.32-4-1536x1152.jpeg 1536w, https:\/\/focas.uniso.br\/wp-content\/uploads\/2025\/05\/WhatsApp-Image-2025-05-16-at-10.32.32-4.jpeg 1600w\" sizes=\"auto, (max-width: 1024px) 100vw, 1024px\" \/><figcaption class=\"wp-element-caption\">Foto- Antony Moscatelli<\/figcaption><\/figure>\n\n\n\n<figure class=\"wp-block-image size-large\"><img loading=\"lazy\" decoding=\"async\" width=\"1024\" height=\"768\" data-id=\"3242\" src=\"https:\/\/focas.uniso.br\/wp-content\/uploads\/2025\/05\/WhatsApp-Image-2025-05-16-at-10.32.33-1024x768.jpeg\" alt=\"\" class=\"wp-image-3242\" srcset=\"https:\/\/focas.uniso.br\/wp-content\/uploads\/2025\/05\/WhatsApp-Image-2025-05-16-at-10.32.33-1024x768.jpeg 1024w, https:\/\/focas.uniso.br\/wp-content\/uploads\/2025\/05\/WhatsApp-Image-2025-05-16-at-10.32.33-300x225.jpeg 300w, https:\/\/focas.uniso.br\/wp-content\/uploads\/2025\/05\/WhatsApp-Image-2025-05-16-at-10.32.33-768x576.jpeg 768w, https:\/\/focas.uniso.br\/wp-content\/uploads\/2025\/05\/WhatsApp-Image-2025-05-16-at-10.32.33-1536x1152.jpeg 1536w, https:\/\/focas.uniso.br\/wp-content\/uploads\/2025\/05\/WhatsApp-Image-2025-05-16-at-10.32.33.jpeg 1600w\" sizes=\"auto, (max-width: 1024px) 100vw, 1024px\" \/><figcaption class=\"wp-element-caption\">Foto- Antony Moscatelli<\/figcaption><\/figure>\n\n\n\n<figure class=\"wp-block-image size-large\"><img loading=\"lazy\" decoding=\"async\" width=\"1024\" height=\"768\" data-id=\"3243\" src=\"https:\/\/focas.uniso.br\/wp-content\/uploads\/2025\/05\/WhatsApp-Image-2025-05-16-at-10.32.33-1-1024x768.jpeg\" alt=\"\" class=\"wp-image-3243\" srcset=\"https:\/\/focas.uniso.br\/wp-content\/uploads\/2025\/05\/WhatsApp-Image-2025-05-16-at-10.32.33-1-1024x768.jpeg 1024w, https:\/\/focas.uniso.br\/wp-content\/uploads\/2025\/05\/WhatsApp-Image-2025-05-16-at-10.32.33-1-300x225.jpeg 300w, https:\/\/focas.uniso.br\/wp-content\/uploads\/2025\/05\/WhatsApp-Image-2025-05-16-at-10.32.33-1-768x576.jpeg 768w, https:\/\/focas.uniso.br\/wp-content\/uploads\/2025\/05\/WhatsApp-Image-2025-05-16-at-10.32.33-1-1536x1152.jpeg 1536w, https:\/\/focas.uniso.br\/wp-content\/uploads\/2025\/05\/WhatsApp-Image-2025-05-16-at-10.32.33-1.jpeg 1600w\" sizes=\"auto, (max-width: 1024px) 100vw, 1024px\" \/><figcaption class=\"wp-element-caption\">Foto- Antony Moscatelli<\/figcaption><\/figure>\n\n\n\n<figure class=\"wp-block-image size-large\"><img loading=\"lazy\" decoding=\"async\" width=\"768\" height=\"1024\" data-id=\"3226\" src=\"https:\/\/focas.uniso.br\/wp-content\/uploads\/2025\/05\/WhatsApp-Image-2025-05-16-at-10.24.52-768x1024.jpeg\" alt=\"\" class=\"wp-image-3226\" srcset=\"https:\/\/focas.uniso.br\/wp-content\/uploads\/2025\/05\/WhatsApp-Image-2025-05-16-at-10.24.52-768x1024.jpeg 768w, https:\/\/focas.uniso.br\/wp-content\/uploads\/2025\/05\/WhatsApp-Image-2025-05-16-at-10.24.52-225x300.jpeg 225w, https:\/\/focas.uniso.br\/wp-content\/uploads\/2025\/05\/WhatsApp-Image-2025-05-16-at-10.24.52-1152x1536.jpeg 1152w, https:\/\/focas.uniso.br\/wp-content\/uploads\/2025\/05\/WhatsApp-Image-2025-05-16-at-10.24.52-1536x2048.jpeg 1536w, https:\/\/focas.uniso.br\/wp-content\/uploads\/2025\/05\/WhatsApp-Image-2025-05-16-at-10.24.52-scaled.jpeg 1920w\" sizes=\"auto, (max-width: 768px) 100vw, 768px\" \/><\/figure>\n\n\n\n<figure class=\"wp-block-image size-large\"><img loading=\"lazy\" decoding=\"async\" width=\"1024\" height=\"768\" data-id=\"3230\" src=\"https:\/\/focas.uniso.br\/wp-content\/uploads\/2025\/05\/WhatsApp-Image-2025-05-16-at-10.24.50-1024x768.jpeg\" alt=\"\" class=\"wp-image-3230\" srcset=\"https:\/\/focas.uniso.br\/wp-content\/uploads\/2025\/05\/WhatsApp-Image-2025-05-16-at-10.24.50-1024x768.jpeg 1024w, https:\/\/focas.uniso.br\/wp-content\/uploads\/2025\/05\/WhatsApp-Image-2025-05-16-at-10.24.50-300x225.jpeg 300w, https:\/\/focas.uniso.br\/wp-content\/uploads\/2025\/05\/WhatsApp-Image-2025-05-16-at-10.24.50-768x576.jpeg 768w, https:\/\/focas.uniso.br\/wp-content\/uploads\/2025\/05\/WhatsApp-Image-2025-05-16-at-10.24.50-1536x1152.jpeg 1536w, https:\/\/focas.uniso.br\/wp-content\/uploads\/2025\/05\/WhatsApp-Image-2025-05-16-at-10.24.50-2048x1536.jpeg 2048w\" sizes=\"auto, (max-width: 1024px) 100vw, 1024px\" \/><figcaption class=\"wp-element-caption\">Foto- Antony Moscatelli<\/figcaption><\/figure>\n\n\n\n<figure class=\"wp-block-image size-large\"><img loading=\"lazy\" decoding=\"async\" width=\"1024\" height=\"768\" data-id=\"3231\" src=\"https:\/\/focas.uniso.br\/wp-content\/uploads\/2025\/05\/WhatsApp-Image-2025-05-16-at-10.24.49-2-1024x768.jpeg\" alt=\"\" class=\"wp-image-3231\" srcset=\"https:\/\/focas.uniso.br\/wp-content\/uploads\/2025\/05\/WhatsApp-Image-2025-05-16-at-10.24.49-2-1024x768.jpeg 1024w, https:\/\/focas.uniso.br\/wp-content\/uploads\/2025\/05\/WhatsApp-Image-2025-05-16-at-10.24.49-2-300x225.jpeg 300w, https:\/\/focas.uniso.br\/wp-content\/uploads\/2025\/05\/WhatsApp-Image-2025-05-16-at-10.24.49-2-768x576.jpeg 768w, https:\/\/focas.uniso.br\/wp-content\/uploads\/2025\/05\/WhatsApp-Image-2025-05-16-at-10.24.49-2-1536x1152.jpeg 1536w, https:\/\/focas.uniso.br\/wp-content\/uploads\/2025\/05\/WhatsApp-Image-2025-05-16-at-10.24.49-2-2048x1536.jpeg 2048w\" sizes=\"auto, (max-width: 1024px) 100vw, 1024px\" \/><figcaption class=\"wp-element-caption\">Foto- Antony Moscatelli<\/figcaption><\/figure>\n\n\n\n<figure class=\"wp-block-image size-large\"><img loading=\"lazy\" decoding=\"async\" width=\"1024\" height=\"768\" data-id=\"3229\" src=\"https:\/\/focas.uniso.br\/wp-content\/uploads\/2025\/05\/WhatsApp-Image-2025-05-16-at-10.24.50-1-1024x768.jpeg\" alt=\"\" class=\"wp-image-3229\" srcset=\"https:\/\/focas.uniso.br\/wp-content\/uploads\/2025\/05\/WhatsApp-Image-2025-05-16-at-10.24.50-1-1024x768.jpeg 1024w, https:\/\/focas.uniso.br\/wp-content\/uploads\/2025\/05\/WhatsApp-Image-2025-05-16-at-10.24.50-1-300x225.jpeg 300w, https:\/\/focas.uniso.br\/wp-content\/uploads\/2025\/05\/WhatsApp-Image-2025-05-16-at-10.24.50-1-768x576.jpeg 768w, https:\/\/focas.uniso.br\/wp-content\/uploads\/2025\/05\/WhatsApp-Image-2025-05-16-at-10.24.50-1-1536x1152.jpeg 1536w, https:\/\/focas.uniso.br\/wp-content\/uploads\/2025\/05\/WhatsApp-Image-2025-05-16-at-10.24.50-1-2048x1536.jpeg 2048w\" sizes=\"auto, (max-width: 1024px) 100vw, 1024px\" \/><figcaption class=\"wp-element-caption\">Foto- Antony Moscatelli<\/figcaption><\/figure>\n\n\n\n<figure class=\"wp-block-image size-large\"><img loading=\"lazy\" decoding=\"async\" width=\"768\" height=\"1024\" data-id=\"3227\" src=\"https:\/\/focas.uniso.br\/wp-content\/uploads\/2025\/05\/WhatsApp-Image-2025-05-16-at-10.24.51-1-768x1024.jpeg\" alt=\"\" class=\"wp-image-3227\" srcset=\"https:\/\/focas.uniso.br\/wp-content\/uploads\/2025\/05\/WhatsApp-Image-2025-05-16-at-10.24.51-1-768x1024.jpeg 768w, https:\/\/focas.uniso.br\/wp-content\/uploads\/2025\/05\/WhatsApp-Image-2025-05-16-at-10.24.51-1-225x300.jpeg 225w, https:\/\/focas.uniso.br\/wp-content\/uploads\/2025\/05\/WhatsApp-Image-2025-05-16-at-10.24.51-1-1152x1536.jpeg 1152w, https:\/\/focas.uniso.br\/wp-content\/uploads\/2025\/05\/WhatsApp-Image-2025-05-16-at-10.24.51-1-1536x2048.jpeg 1536w, https:\/\/focas.uniso.br\/wp-content\/uploads\/2025\/05\/WhatsApp-Image-2025-05-16-at-10.24.51-1-scaled.jpeg 1920w\" sizes=\"auto, (max-width: 768px) 100vw, 768px\" \/><figcaption class=\"wp-element-caption\">Foto- Antony Moscatelli<\/figcaption><\/figure>\n<\/figure>\n","protected":false},"excerpt":{"rendered":"<p>Primeiro dia de evento refor\u00e7a o protagonismo negro com exposi\u00e7\u00f5es de artesanatos e apresenta\u00e7\u00f5es culturais Por Maria Clara Russini (Ag\u00eancia<\/p>\n","protected":false},"author":1,"featured_media":0,"comment_status":"open","ping_status":"open","sticky":false,"template":"","format":"standard","meta":{"colormag_page_container_layout":"default_layout","colormag_page_sidebar_layout":"default_layout","footnotes":""},"categories":[15,9,37,14],"tags":[30,41,29,28],"class_list":["post-3221","post","type-post","status-publish","format-standard","hentry","category-jornalismo","category-jornalismo-online","category-sorocaba","category-uniso","tag-focas","tag-focas-na-rede","tag-jornalismo","tag-uniso"],"featured_image_urls":{"full":"","thumbnail":"","medium":"","medium_large":"","large":"","1536x1536":"","2048x2048":"","colormag-highlighted-post":"","colormag-featured-post-medium":"","colormag-featured-post-small":"","colormag-featured-image":"","colormag-default-news":"","colormag-featured-image-large":""},"author_info":{"info":["focas"]},"category_info":"<a href=\"https:\/\/focas.uniso.br\/index.php\/category\/jornalismo\/\" rel=\"category tag\">Jornalismo<\/a> <a href=\"https:\/\/focas.uniso.br\/index.php\/category\/jornalismo-online\/\" rel=\"category tag\">jornalismo online<\/a> <a href=\"https:\/\/focas.uniso.br\/index.php\/category\/sorocaba\/\" rel=\"category tag\">Sorocaba<\/a> <a href=\"https:\/\/focas.uniso.br\/index.php\/category\/uniso\/\" rel=\"category tag\">Uniso<\/a>","tag_info":"Uniso","comment_count":"0","_links":{"self":[{"href":"https:\/\/focas.uniso.br\/index.php\/wp-json\/wp\/v2\/posts\/3221","targetHints":{"allow":["GET"]}}],"collection":[{"href":"https:\/\/focas.uniso.br\/index.php\/wp-json\/wp\/v2\/posts"}],"about":[{"href":"https:\/\/focas.uniso.br\/index.php\/wp-json\/wp\/v2\/types\/post"}],"author":[{"embeddable":true,"href":"https:\/\/focas.uniso.br\/index.php\/wp-json\/wp\/v2\/users\/1"}],"replies":[{"embeddable":true,"href":"https:\/\/focas.uniso.br\/index.php\/wp-json\/wp\/v2\/comments?post=3221"}],"version-history":[{"count":1,"href":"https:\/\/focas.uniso.br\/index.php\/wp-json\/wp\/v2\/posts\/3221\/revisions"}],"predecessor-version":[{"id":3244,"href":"https:\/\/focas.uniso.br\/index.php\/wp-json\/wp\/v2\/posts\/3221\/revisions\/3244"}],"wp:attachment":[{"href":"https:\/\/focas.uniso.br\/index.php\/wp-json\/wp\/v2\/media?parent=3221"}],"wp:term":[{"taxonomy":"category","embeddable":true,"href":"https:\/\/focas.uniso.br\/index.php\/wp-json\/wp\/v2\/categories?post=3221"},{"taxonomy":"post_tag","embeddable":true,"href":"https:\/\/focas.uniso.br\/index.php\/wp-json\/wp\/v2\/tags?post=3221"}],"curies":[{"name":"wp","href":"https:\/\/api.w.org\/{rel}","templated":true}]}}