{"id":330,"date":"2017-04-26T18:27:00","date_gmt":"2017-04-26T18:27:00","guid":{"rendered":"http:\/\/focas.uniso.br\/index.php\/2017\/04\/26\/uniso-investe-em-quadras-esportivas\/"},"modified":"2017-04-26T18:27:00","modified_gmt":"2017-04-26T18:27:00","slug":"uniso-investe-em-quadras-esportivas","status":"publish","type":"post","link":"https:\/\/focas.uniso.br\/index.php\/2017\/04\/26\/uniso-investe-em-quadras-esportivas\/","title":{"rendered":"Uniso investe em quadras esportivas"},"content":{"rendered":"<div style=\"clear: both; text-align: center;\"><a href=\"https:\/\/1.bp.blogspot.com\/-ktfIXP3wJ3I\/WQDkHmK5L5I\/AAAAAAAAF8s\/RrWwu5v1-W8_ALcGTA-1edZ9-jhcH50GgCLcB\/s1600\/M%25C3%25A3os%2Ba%2BObra.JPG\" style=\"margin-left: 1em; margin-right: 1em;\"><img loading=\"lazy\" decoding=\"async\" border=\"0\" height=\"236\" src=\"https:\/\/1.bp.blogspot.com\/-ktfIXP3wJ3I\/WQDkHmK5L5I\/AAAAAAAAF8s\/RrWwu5v1-W8_ALcGTA-1edZ9-jhcH50GgCLcB\/s320\/M%25C3%25A3os%2Ba%2BObra.JPG\" width=\"320\" \/><\/a><\/div>\n<div style=\"text-align: justify;\">Com as duas novas quadras esportivas prestes a serem inauguradas na Cidade Universit\u00e1ria, ao lado do Bloco D, a Universidade de Sorocaba (Uniso) passa a contar com cinco quadras, considerando as outras tr\u00eas em funcionamento no c\u00e2mpus Trujillo. Al\u00e9m da constru\u00e7\u00e3o das novas quadras, houve a revitaliza\u00e7\u00e3o das j\u00e1 existentes, com reforma de pisos, vesti\u00e1rios, sanit\u00e1rios e arquibancada, entre outros itens.&nbsp;<\/div>\n<div style=\"text-align: justify;\"><\/div>\n<div style=\"text-align: justify;\">Segundo o coordenador do curso de Educa\u00e7\u00e3o F\u00edsica, professor Vagner Reolon Marcelino, \u201cas quadras estar\u00e3o voltadas para o uso de todos os cursos e estudantes da Uniso, ap\u00f3s a ado\u00e7\u00e3o de normas de conviv\u00eancia que est\u00e3o sendo estabelecidas com a Reitoria\u201d. A proposta, de acordo com o professor, \u00e9 que as quadras estejam em funcionamento durante todo o per\u00edodo letivo, inclusive no m\u00eas de julho\u201d.<\/div>\n<div style=\"text-align: justify;\">A implanta\u00e7\u00e3o das quadras trar\u00e1 benef\u00edcio em especial para o curso de Educa\u00e7\u00e3o F\u00edsica: \u201c\u00c9 fundamental que haja melhorias e a constru\u00e7\u00e3o de novas quadras para o aperfei\u00e7oamento das t\u00e9cnicas\u201d, conclui Marcelino.<\/div>\n<table align=\"center\" cellpadding=\"0\" cellspacing=\"0\" style=\"margin-left: auto; margin-right: auto; text-align: center;\">\n<tbody>\n<tr>\n<td style=\"text-align: center;\"><a href=\"https:\/\/3.bp.blogspot.com\/-WrEOqIn9yt8\/WQDk7kMXXrI\/AAAAAAAAF8w\/1hjGtWCafVQ0UTX-424cyH5VHckHrfKKQCLcB\/s1600\/Dawilson%25252cVanderson%25252cTiago.JPG\" style=\"margin-left: auto; margin-right: auto;\"><img loading=\"lazy\" decoding=\"async\" border=\"0\" height=\"162\" src=\"https:\/\/3.bp.blogspot.com\/-WrEOqIn9yt8\/WQDk7kMXXrI\/AAAAAAAAF8w\/1hjGtWCafVQ0UTX-424cyH5VHckHrfKKQCLcB\/s400\/Dawilson%25252cVanderson%25252cTiago.JPG\" width=\"400\" \/><\/a><\/td>\n<\/tr>\n<tr>\n<td style=\"text-align: center;\">A equipe t\u00e9cnica da Uniso respons\u00e1vel pela obra&nbsp;<\/td>\n<\/tr>\n<\/tbody>\n<\/table>\n<div style=\"text-align: justify;\">O projeto de implanta\u00e7\u00e3o das novas quadras foi coordenado pelo engenheiro Dawilson Menna Junior; pelo analista ambiental, Vanderson Urbaiti Gimenez, e pelo t\u00e9cnico em desenho e constru\u00e7\u00e3o, Tiago Gimenez, todos eles ex-alunos da Uniso. &nbsp;<\/div>\n<div style=\"text-align: justify;\"><\/div>\n<div style=\"text-align: justify;\"><\/div>\n<div style=\"text-align: justify;\">Texto e Fotos: Fernando Ramirez \/Ag\u00eanciaJor<\/div>\n<div style=\"text-align: justify;\"><\/div>\n<div style=\"text-align: justify;\"><\/div>\n<div style=\"text-align: justify;\"><\/div>\n","protected":false},"excerpt":{"rendered":"<p>Com as duas novas quadras esportivas prestes a serem inauguradas na Cidade Universit\u00e1ria, ao lado do Bloco D, a Universidade<\/p>\n","protected":false},"author":1,"featured_media":0,"comment_status":"open","ping_status":"open","sticky":false,"template":"","format":"standard","meta":{"colormag_page_container_layout":"default_layout","colormag_page_sidebar_layout":"default_layout","footnotes":""},"categories":[1],"tags":[],"class_list":["post-330","post","type-post","status-publish","format-standard","hentry","category-uncategorized"],"featured_image_urls":{"full":"","thumbnail":"","medium":"","medium_large":"","large":"","1536x1536":"","2048x2048":"","colormag-highlighted-post":"","colormag-featured-post-medium":"","colormag-featured-post-small":"","colormag-featured-image":"","colormag-default-news":"","colormag-featured-image-large":""},"author_info":{"info":["focas"]},"category_info":"<a href=\"https:\/\/focas.uniso.br\/index.php\/category\/uncategorized\/\" rel=\"category tag\">Uncategorized<\/a>","tag_info":"Uncategorized","comment_count":"0","_links":{"self":[{"href":"https:\/\/focas.uniso.br\/index.php\/wp-json\/wp\/v2\/posts\/330","targetHints":{"allow":["GET"]}}],"collection":[{"href":"https:\/\/focas.uniso.br\/index.php\/wp-json\/wp\/v2\/posts"}],"about":[{"href":"https:\/\/focas.uniso.br\/index.php\/wp-json\/wp\/v2\/types\/post"}],"author":[{"embeddable":true,"href":"https:\/\/focas.uniso.br\/index.php\/wp-json\/wp\/v2\/users\/1"}],"replies":[{"embeddable":true,"href":"https:\/\/focas.uniso.br\/index.php\/wp-json\/wp\/v2\/comments?post=330"}],"version-history":[{"count":0,"href":"https:\/\/focas.uniso.br\/index.php\/wp-json\/wp\/v2\/posts\/330\/revisions"}],"wp:attachment":[{"href":"https:\/\/focas.uniso.br\/index.php\/wp-json\/wp\/v2\/media?parent=330"}],"wp:term":[{"taxonomy":"category","embeddable":true,"href":"https:\/\/focas.uniso.br\/index.php\/wp-json\/wp\/v2\/categories?post=330"},{"taxonomy":"post_tag","embeddable":true,"href":"https:\/\/focas.uniso.br\/index.php\/wp-json\/wp\/v2\/tags?post=330"}],"curies":[{"name":"wp","href":"https:\/\/api.w.org\/{rel}","templated":true}]}}