{"id":3307,"date":"2025-05-23T09:32:59","date_gmt":"2025-05-23T12:32:59","guid":{"rendered":"https:\/\/focas.uniso.br\/?p=3307"},"modified":"2025-05-23T09:32:59","modified_gmt":"2025-05-23T12:32:59","slug":"professores-e-alunos-da-uniso-aproximam-ciencia-e-campo-em-projeto-de-apoio-agricola","status":"publish","type":"post","link":"https:\/\/focas.uniso.br\/index.php\/2025\/05\/23\/professores-e-alunos-da-uniso-aproximam-ciencia-e-campo-em-projeto-de-apoio-agricola\/","title":{"rendered":"Professores e alunos da Uniso aproximam ci\u00eancia e campo em projeto de apoio agr\u00edcola"},"content":{"rendered":"\n<p>Iniciativa tem como objetivo conectar a comunidade a pesquisadores e atuar na preserva\u00e7\u00e3o de plantas e abelhas nativas sem ferr\u00e3o<\/p>\n\n\n\n<p>Por Maria Clara Russini e Kau\u00e3 Bueno (Ag\u00eancia Focas &#8211; Jornalismo Uniso)<\/p>\n\n\n\n<figure class=\"wp-block-image size-large\"><img loading=\"lazy\" decoding=\"async\" width=\"579\" height=\"1024\" src=\"https:\/\/focas.uniso.br\/wp-content\/uploads\/2025\/05\/WhatsApp-Image-2025-05-23-at-09.32.06-579x1024.jpeg\" alt=\"\" class=\"wp-image-3310\" srcset=\"https:\/\/focas.uniso.br\/wp-content\/uploads\/2025\/05\/WhatsApp-Image-2025-05-23-at-09.32.06-579x1024.jpeg 579w, https:\/\/focas.uniso.br\/wp-content\/uploads\/2025\/05\/WhatsApp-Image-2025-05-23-at-09.32.06-170x300.jpeg 170w, https:\/\/focas.uniso.br\/wp-content\/uploads\/2025\/05\/WhatsApp-Image-2025-05-23-at-09.32.06-768x1359.jpeg 768w, https:\/\/focas.uniso.br\/wp-content\/uploads\/2025\/05\/WhatsApp-Image-2025-05-23-at-09.32.06-868x1536.jpeg 868w, https:\/\/focas.uniso.br\/wp-content\/uploads\/2025\/05\/WhatsApp-Image-2025-05-23-at-09.32.06.jpeg 904w\" sizes=\"auto, (max-width: 579px) 100vw, 579px\" \/><figcaption class=\"wp-element-caption\">\u00facleo de Estudos Ambientais. | Cr\u00e9ditos: Maria Clara Russini<\/figcaption><\/figure>\n\n\n\n<p>Um grupo de estudantes e professores da Universidade de Sorocaba (Uniso) est\u00e1 transformando o jeito de levar conhecimento t\u00e9cnico ao campo, por meio do projeto de extens\u00e3o Uniso Crop Care Service (UCCS). O projeto oferece de forma gratuita e online servi\u00e7os de suporte a produtores rurais e profissionais da agronomia, auxiliando no controle de pragas e doen\u00e7as nas planta\u00e7\u00f5es, usando m\u00e9todos biodegrad\u00e1veis e n\u00e3o t\u00f3xicos para o combate de pragas.<\/p>\n\n\n\n<p>O atendimento \u00e9 feito de forma online. Os interessados enviam fotos, v\u00eddeos ou \u00e1udios explicando o problema agr\u00edcola por meio de um formul\u00e1rio. Com essas informa\u00e7\u00f5es, a equipe do UCCS realiza um diagn\u00f3stico presuntivo. Quando necess\u00e1rio, pode ser solicitado o envio de amostras para um diagn\u00f3stico mais preciso. Em seguida, s\u00e3o oferecidas sugest\u00f5es t\u00e9cnicas para o manejo da situa\u00e7\u00e3o.<\/p>\n\n\n\n<p>Usando dos conhecimentos em prol da comunidade, o projeto al\u00e9m de oferecer aux\u00edlio a produtores agr\u00edcolas de forma simples, atua tamb\u00e9m na preserva\u00e7\u00e3o das abelhas nativas sem ferr\u00e3o, que enfrentam risco crescente de extin\u00e7\u00e3o devido a diversas causas, incluindo perda de habitat natural, uso de agrot\u00f3xicos e mudan\u00e7as clim\u00e1ticas.&nbsp; A ideia surgiu ap\u00f3s a apresenta\u00e7\u00e3o de um Trabalho de Conclus\u00e3o de Curso (TCC) de alunos da Engenharia Agron\u00f4mica cujo foco eram as abelhas nativas sem ferr\u00e3o e a import\u00e2ncia da preserva\u00e7\u00e3o da esp\u00e9cie.<\/p>\n\n\n\n<p>Heitor Zochio Fisher, professor do curso de Ci\u00eancias Biol\u00f3gicas, Mestre em Entomologia e Doutor em Zoologia, \u00e9 um dos fundadores do projeto. Ele fala sobre o manejo de plantas nativas que est\u00e3o presentes no campus cidade universit\u00e1ria Professor Aldo Vannucchi e sobre o jardim que atualmente serve como alimento e ajuda na poliniza\u00e7\u00e3o das abelhas nativas sem ferr\u00e3o. \u201cDepois do TCC do aluno da engenharia, ele trouxe aqui para o projeto caixas onde as abelhas ficam, e como sou entom\u00f3logo, me propus a cuidar delas. Da\u00ed surgiu \u00e0 ideia de come\u00e7ar a montar um jardim que servisse de alimento, tentando sempre dar o melhor espa\u00e7o para elas\u201d, conta o professor.<\/p>\n\n\n\n<p>O jardim fica no N\u00facleo de Estudos Ambientais (NEAS), dentro da cidade universit\u00e1ria da Uniso, onde o projeto ganhou mais autonomia por conta do espa\u00e7o. Contando com o crescimento de plantas como a lavanda, o manejo do jardim fica por conta tamb\u00e9m de alunos do curso de biologia, para um trabalho de finaliza\u00e7\u00e3o de semestre, chamado de Projeto Integrador.<\/p>\n\n\n\n<p>&nbsp;A finalidade \u00e9 criar experi\u00eancias e mostrar situa\u00e7\u00f5es que os estudantes v\u00e3o acabar enfrentando durante a profiss\u00e3o, sempre com a supervis\u00e3o de algum dos professores do corpo docente.<\/p>\n\n\n\n<p>Outra atividade presente no UCCS \u00e9 o est\u00e1gio obrigat\u00f3rio oferecido dentro do projeto com o objetivo de atrair os alunos para pesquisas, criando um espa\u00e7o com experi\u00eancias e integrando estudantes e pesquisadores nos mesmos trabalhos.<\/p>\n\n\n\n<p>Francisco Sanches Neto, estudante do s\u00e9timo semestre do curso de biologia, conta como \u00e9 o processo de est\u00e1gio e suas atividades. \u201cA gente mexe com as plantas e mudas dentro da estufa, limpa os tubetes e dependendo tamb\u00e9m fazemos plantio, \u00e9 muito divertido, adquirimos experi\u00eancia a todo instante. Andamos pelo NEAS, conferindo se est\u00e1 tudo ok, sempre com o objetivo de preservar os canteiros.\u201d<\/p>\n\n\n\n<p>O projeto refor\u00e7a o compromisso da universidade com a extens\u00e3o e o papel social da ci\u00eancia, contribuindo com a sustentabilidade da agricultura local, e conectando a comunidade a atividades oferecidas dentro da universidade.<\/p>\n\n\n\n<p>Para contato, a rede social do projeto \u00e9 @uniso_crop_care_service no instagram ou por e-mail: ucopccareservice@gmail.com.<\/p>\n","protected":false},"excerpt":{"rendered":"<p>Iniciativa tem como objetivo conectar a comunidade a pesquisadores e atuar na preserva\u00e7\u00e3o de plantas e abelhas nativas sem ferr\u00e3o<\/p>\n","protected":false},"author":1,"featured_media":0,"comment_status":"open","ping_status":"open","sticky":false,"template":"","format":"standard","meta":{"colormag_page_container_layout":"default_layout","colormag_page_sidebar_layout":"default_layout","footnotes":""},"categories":[15,9,37,14],"tags":[30,41,29,28],"class_list":["post-3307","post","type-post","status-publish","format-standard","hentry","category-jornalismo","category-jornalismo-online","category-sorocaba","category-uniso","tag-focas","tag-focas-na-rede","tag-jornalismo","tag-uniso"],"featured_image_urls":{"full":"","thumbnail":"","medium":"","medium_large":"","large":"","1536x1536":"","2048x2048":"","colormag-highlighted-post":"","colormag-featured-post-medium":"","colormag-featured-post-small":"","colormag-featured-image":"","colormag-default-news":"","colormag-featured-image-large":""},"author_info":{"info":["focas"]},"category_info":"<a href=\"https:\/\/focas.uniso.br\/index.php\/category\/jornalismo\/\" rel=\"category tag\">Jornalismo<\/a> <a href=\"https:\/\/focas.uniso.br\/index.php\/category\/jornalismo-online\/\" rel=\"category tag\">jornalismo online<\/a> <a href=\"https:\/\/focas.uniso.br\/index.php\/category\/sorocaba\/\" rel=\"category tag\">Sorocaba<\/a> <a href=\"https:\/\/focas.uniso.br\/index.php\/category\/uniso\/\" rel=\"category tag\">Uniso<\/a>","tag_info":"Uniso","comment_count":"0","_links":{"self":[{"href":"https:\/\/focas.uniso.br\/index.php\/wp-json\/wp\/v2\/posts\/3307","targetHints":{"allow":["GET"]}}],"collection":[{"href":"https:\/\/focas.uniso.br\/index.php\/wp-json\/wp\/v2\/posts"}],"about":[{"href":"https:\/\/focas.uniso.br\/index.php\/wp-json\/wp\/v2\/types\/post"}],"author":[{"embeddable":true,"href":"https:\/\/focas.uniso.br\/index.php\/wp-json\/wp\/v2\/users\/1"}],"replies":[{"embeddable":true,"href":"https:\/\/focas.uniso.br\/index.php\/wp-json\/wp\/v2\/comments?post=3307"}],"version-history":[{"count":2,"href":"https:\/\/focas.uniso.br\/index.php\/wp-json\/wp\/v2\/posts\/3307\/revisions"}],"predecessor-version":[{"id":3311,"href":"https:\/\/focas.uniso.br\/index.php\/wp-json\/wp\/v2\/posts\/3307\/revisions\/3311"}],"wp:attachment":[{"href":"https:\/\/focas.uniso.br\/index.php\/wp-json\/wp\/v2\/media?parent=3307"}],"wp:term":[{"taxonomy":"category","embeddable":true,"href":"https:\/\/focas.uniso.br\/index.php\/wp-json\/wp\/v2\/categories?post=3307"},{"taxonomy":"post_tag","embeddable":true,"href":"https:\/\/focas.uniso.br\/index.php\/wp-json\/wp\/v2\/tags?post=3307"}],"curies":[{"name":"wp","href":"https:\/\/api.w.org\/{rel}","templated":true}]}}