{"id":331,"date":"2017-04-25T18:43:00","date_gmt":"2017-04-25T18:43:00","guid":{"rendered":"http:\/\/focas.uniso.br\/index.php\/2017\/04\/25\/alunos-do-curso-de-comunicacao-visitam-exposicoes-em-sao-paulo\/"},"modified":"2017-04-25T18:43:00","modified_gmt":"2017-04-25T18:43:00","slug":"alunos-do-curso-de-comunicacao-visitam-exposicoes-em-sao-paulo","status":"publish","type":"post","link":"https:\/\/focas.uniso.br\/index.php\/2017\/04\/25\/alunos-do-curso-de-comunicacao-visitam-exposicoes-em-sao-paulo\/","title":{"rendered":"Alunos do curso de Comunica\u00e7\u00e3o visitam exposi\u00e7\u00f5es em S\u00e3o Paulo"},"content":{"rendered":"<div style=\"clear: both; text-align: center;\"><a href=\"https:\/\/2.bp.blogspot.com\/-xv82M3HAkrc\/WP-KDM5TAiI\/AAAAAAAAF7o\/TUQPwIErb20YEDMORwte5of5G19KoYdQACLcB\/s1600\/capa1.JPG\" style=\"margin-left: 1em; margin-right: 1em;\"><img loading=\"lazy\" decoding=\"async\" border=\"0\" height=\"265\" src=\"https:\/\/2.bp.blogspot.com\/-xv82M3HAkrc\/WP-KDM5TAiI\/AAAAAAAAF7o\/TUQPwIErb20YEDMORwte5of5G19KoYdQACLcB\/s400\/capa1.JPG\" width=\"400\" \/><\/a><\/div>\n<div style=\"text-align: justify;\">Alunos dos cursos de Jornalismo, Rela\u00e7\u00f5es P\u00fablicas e Publicidade visitaram o Museu do futebol e a mostra \u201cSilvio Santos vem a\u00ed\u201d!, no Museu da Imagem e do Som, em S\u00e3o Paulo. A excurs\u00e3o aconteceu no dia 7 de mar\u00e7o, na sequ\u00eancia \u00e0 Semana do Esquenta 2017.<\/div>\n<div style=\"text-align: justify;\">A primeira visita foi ao Museu do Futebol, instalado no interior do Est\u00e1dio do Pacaembu em S\u00e3o Paulo. Iniciando o tour pelo museu, os alunos foram recepcionados por uma educadora do est\u00e1dio, que contou uma breve hist\u00f3ria do futebol e sua import\u00e2ncia. A mostra do museu foi inaugurada em 2008 e n\u00e3o tem previs\u00e3o de terminar. Apenas nos dias de jogos o museu \u00e9 fechado para prote\u00e7\u00e3o e conserva\u00e7\u00e3o da exposi\u00e7\u00e3o. O museu conta com 16 salas, cada uma com imagens e v\u00eddeos dos jogadores e suas trajet\u00f3rias no mundo do futebol.<\/div>\n<div style=\"clear: both; text-align: center;\"><\/div>\n<table cellpadding=\"0\" cellspacing=\"0\" style=\"float: left; margin-right: 1em; text-align: left;\">\n<tbody>\n<tr>\n<td style=\"text-align: center;\"><a href=\"https:\/\/2.bp.blogspot.com\/-SQo_CXfttes\/WP-QiLUozDI\/AAAAAAAAF78\/cY-s4oI_Jw4nz7IBQHzUsBvBej5-ccYywCLcB\/s1600\/Matheus%2BHenrique.jpg\" style=\"clear: left; margin-bottom: 1em; margin-left: auto; margin-right: auto;\"><img loading=\"lazy\" decoding=\"async\" border=\"0\" height=\"320\" src=\"https:\/\/2.bp.blogspot.com\/-SQo_CXfttes\/WP-QiLUozDI\/AAAAAAAAF78\/cY-s4oI_Jw4nz7IBQHzUsBvBej5-ccYywCLcB\/s320\/Matheus%2BHenrique.jpg\" width=\"308\" \/><\/a><\/td>\n<\/tr>\n<tr>\n<td style=\"text-align: left;\">&nbsp;Aluno Mateus Henrique no Museu do Futebol&nbsp;<\/td>\n<\/tr>\n<\/tbody>\n<\/table>\n<div style=\"text-align: justify;\">O estudante do primeiro semestre de Jornalismo da Uniso, Mateus Henrique Gon\u00e7alves, 17, comenta que fazia algum tempo que gostaria de visitar o Museu do Futebol e que o passeio o surpreendeu. Seu time de cora\u00e7\u00e3o representa a cidade em que reside, o XV de Piracicaba, e que tamb\u00e9m torce para o S\u00e3o Paulo. Conta ainda que, desde os oito anos, seu pai o levava para passear no est\u00e1dio de futebol de sua cidade, que frequenta at\u00e9 hoje. \u201cMeu av\u00f4 era corintiano. Quando assisti o jogo entre Corinthians e S\u00e3o Paulo, eu disse seria torcedor eterno do time que vencesse, [&#8230;] e nunca mais parei de torcer\u201d.<\/div>\n<div style=\"text-align: justify;\">Maria Maia da Cruz Clarke, 47, estudante do primeiro semestre de Jornalismo da Uniso, declara que nunca teve interesse por futebol, apenas acompanha em \u00e9poca de Copa do Mundo. Come\u00e7ou a se interessar por conta do filho, que hoje treina futebol. \u201cN\u00e3o imaginava que a hist\u00f3ria do futebol brasileiro pudesse ser t\u00e3o maravilhosa e, ao mesmo tempo, triste, como foi, com rela\u00e7\u00e3o aos negros, pobres e \u00e0s mulheres, pois somos conhecidos como o pa\u00eds do futebol\u201d.<\/div>\n<p>Exposi\u00e7\u00e3o Silvio Santos vem a\u00ed! <\/p>\n<div style=\"clear: both; text-align: center;\"><a href=\"https:\/\/2.bp.blogspot.com\/-I_sL0NGU2wg\/WP-TomFfl8I\/AAAAAAAAF8U\/z29Fd8bgc6wQAidQS3kuk4lWDQ3jdNO1gCLcB\/s1600\/DSC_0442.JPG\" style=\"margin-left: 1em; margin-right: 1em;\"><img loading=\"lazy\" decoding=\"async\" border=\"0\" height=\"212\" src=\"https:\/\/2.bp.blogspot.com\/-I_sL0NGU2wg\/WP-TomFfl8I\/AAAAAAAAF8U\/z29Fd8bgc6wQAidQS3kuk4lWDQ3jdNO1gCLcB\/s320\/DSC_0442.JPG\" width=\"320\" \/><\/a><\/div>\n<div style=\"clear: both; text-align: center;\"><\/div>\n<div style=\"clear: both; text-align: center;\"><\/div>\n<div style=\"text-align: justify;\">A segunda visita foi ao Museu da Imagem e do Som, \u00e0 exposi\u00e7\u00e3o \u201cSilvio Santos vem a\u00ed!\u201d, em homenagem ao dono do SBT, um dos maiores comunicadores do Brasil.<\/div>\n<div style=\"text-align: justify;\">A exposi\u00e7\u00e3o ficou em cartaz por 3 meses, com curadoria de Andr\u00e9 Sturm, e foi montada em ordem cronol\u00f3gica, ocupando dois andares divididos em 30 \u00e1reas e uma m\u00e9dia 400 produtos, entre fotos, objetos e v\u00eddeos que remetem \u00e0 hist\u00f3ria e a curiosidades sobre a vida de Silvio Santos.&nbsp;<\/div>\n<table cellpadding=\"0\" cellspacing=\"0\" style=\"float: left; margin-right: 1em; text-align: left;\">\n<tbody>\n<tr>\n<td style=\"text-align: center;\"><a href=\"https:\/\/2.bp.blogspot.com\/-7bB1_dgqkQM\/WP-ShGH3eRI\/AAAAAAAAF8I\/AvLZrgVUBVAr2ywMmpwVyCG03X_10-TMQCLcB\/s1600\/WhatsApp%2BImage%2B2017-03-08%2Bat%2B11.37.45%2BAM%2B%25281%2529.jpeg\" style=\"clear: left; margin-bottom: 1em; margin-left: auto; margin-right: auto;\"><img loading=\"lazy\" decoding=\"async\" border=\"0\" height=\"240\" src=\"https:\/\/2.bp.blogspot.com\/-7bB1_dgqkQM\/WP-ShGH3eRI\/AAAAAAAAF8I\/AvLZrgVUBVAr2ywMmpwVyCG03X_10-TMQCLcB\/s320\/WhatsApp%2BImage%2B2017-03-08%2Bat%2B11.37.45%2BAM%2B%25281%2529.jpeg\" width=\"320\" \/><\/a><\/td>\n<\/tr>\n<tr>\n<td style=\"text-align: left;\">&nbsp;B\u00e1rbara, aluna do curso de Jornalismo (Foto:Gi\u00falia Henriane)<\/td>\n<\/tr>\n<\/tbody>\n<\/table>\n<div style=\"text-align: justify;\">Alexandre Meiken, 18, aluno do primeiro semestre de Jornalismo, conta que foi muito divertido e que ficou surpreso com a parte interativa do Museu, que possibilita ao visitante se ver do pr\u00f3prio programa apresentado por Silvio Santos. Acredita que a exposi\u00e7\u00e3o estimula a pesquisa sobre a hist\u00f3ria dos objeto exibidos, despertando curiosidade, que \u00e9 uma das caracter\u00edsticas do profissional de Jornalismo. \u201cComo jornalista, acredito que seja de grande import\u00e2ncia saber sobre a hist\u00f3ria de Silvio Santos, porque ele \u00e9 uma refer\u00eancia como comunicador e quando se conhece o passado, \u00e9 poss\u00edvel entender como era a comunica\u00e7\u00e3o na tv em termos de equipamentos, transmiss\u00e3o e p\u00fablico\u201d, afirma o aluno.<\/div>\n<div style=\"text-align: justify;\">Barbara Brisolla Ferreira, 20, estudante do terceiro semestre de Jornalismo, conta que foi uma experi\u00eancia \u00fanica e proveitosa, pois conheceu lugares, hist\u00f3rias e fez amigos. \u201cAchei muito interessante ambas exposi\u00e7\u00f5es valorizarem o papel do jornalista, pois n\u00f3s n\u00e3o s\u00f3 levamos a not\u00edcia, mas tamb\u00e9m somos parte dessa hist\u00f3ria. Tive ainda mais certeza do que quero pra minha vida\u201d, conclui.<\/div>\n<table align=\"center\" cellpadding=\"0\" cellspacing=\"0\" style=\"margin-left: auto; margin-right: auto; text-align: center;\">\n<tbody>\n<tr>\n<td style=\"text-align: center;\"><a href=\"https:\/\/3.bp.blogspot.com\/-hVP5RDoRPMU\/WP-UEWexfsI\/AAAAAAAAF8Y\/IPRpGiD7AVEDT4Pa9e-lz5O4z52LrEFmwCLcB\/s1600\/20170307_190255.jpg\" style=\"margin-left: auto; margin-right: auto;\"><img loading=\"lazy\" decoding=\"async\" border=\"0\" height=\"231\" src=\"https:\/\/3.bp.blogspot.com\/-hVP5RDoRPMU\/WP-UEWexfsI\/AAAAAAAAF8Y\/IPRpGiD7AVEDT4Pa9e-lz5O4z52LrEFmwCLcB\/s320\/20170307_190255.jpg\" width=\"320\" \/><\/a><\/td>\n<\/tr>\n<tr>\n<td style=\"text-align: justify;\">&nbsp;Alunos do Curso de Comunica\u00e7\u00e3o da Uniso&nbsp;<\/td>\n<\/tr>\n<\/tbody>\n<\/table>\n<div style=\"text-align: justify;\"><\/div>\n<div style=\"background-color: white; color: #444444; font-family: Arial, Helvetica, sans-serif; font-size: 13px; text-align: justify;\"><i>Texto e Fotos: Cl\u00e9o Nunes\/Ag\u00eanciaJor<\/i><\/div>\n<div style=\"background-color: white; color: #444444; font-family: Arial, Helvetica, sans-serif; font-size: 13px; text-align: justify;\"><\/div>\n","protected":false},"excerpt":{"rendered":"<p>Alunos dos cursos de Jornalismo, Rela\u00e7\u00f5es P\u00fablicas e Publicidade visitaram o Museu do futebol e a mostra \u201cSilvio Santos vem<\/p>\n","protected":false},"author":1,"featured_media":0,"comment_status":"open","ping_status":"open","sticky":false,"template":"","format":"standard","meta":{"colormag_page_container_layout":"default_layout","colormag_page_sidebar_layout":"default_layout","footnotes":""},"categories":[1],"tags":[],"class_list":["post-331","post","type-post","status-publish","format-standard","hentry","category-uncategorized"],"featured_image_urls":{"full":"","thumbnail":"","medium":"","medium_large":"","large":"","1536x1536":"","2048x2048":"","colormag-highlighted-post":"","colormag-featured-post-medium":"","colormag-featured-post-small":"","colormag-featured-image":"","colormag-default-news":"","colormag-featured-image-large":""},"author_info":{"info":["focas"]},"category_info":"<a href=\"https:\/\/focas.uniso.br\/index.php\/category\/uncategorized\/\" rel=\"category tag\">Uncategorized<\/a>","tag_info":"Uncategorized","comment_count":"0","_links":{"self":[{"href":"https:\/\/focas.uniso.br\/index.php\/wp-json\/wp\/v2\/posts\/331","targetHints":{"allow":["GET"]}}],"collection":[{"href":"https:\/\/focas.uniso.br\/index.php\/wp-json\/wp\/v2\/posts"}],"about":[{"href":"https:\/\/focas.uniso.br\/index.php\/wp-json\/wp\/v2\/types\/post"}],"author":[{"embeddable":true,"href":"https:\/\/focas.uniso.br\/index.php\/wp-json\/wp\/v2\/users\/1"}],"replies":[{"embeddable":true,"href":"https:\/\/focas.uniso.br\/index.php\/wp-json\/wp\/v2\/comments?post=331"}],"version-history":[{"count":0,"href":"https:\/\/focas.uniso.br\/index.php\/wp-json\/wp\/v2\/posts\/331\/revisions"}],"wp:attachment":[{"href":"https:\/\/focas.uniso.br\/index.php\/wp-json\/wp\/v2\/media?parent=331"}],"wp:term":[{"taxonomy":"category","embeddable":true,"href":"https:\/\/focas.uniso.br\/index.php\/wp-json\/wp\/v2\/categories?post=331"},{"taxonomy":"post_tag","embeddable":true,"href":"https:\/\/focas.uniso.br\/index.php\/wp-json\/wp\/v2\/tags?post=331"}],"curies":[{"name":"wp","href":"https:\/\/api.w.org\/{rel}","templated":true}]}}