{"id":3312,"date":"2025-05-26T09:15:13","date_gmt":"2025-05-26T12:15:13","guid":{"rendered":"https:\/\/focas.uniso.br\/?p=3312"},"modified":"2025-05-26T09:15:13","modified_gmt":"2025-05-26T12:15:13","slug":"farmacia-comunitaria-vital-brazil-completa-58-anos","status":"publish","type":"post","link":"https:\/\/focas.uniso.br\/index.php\/2025\/05\/26\/farmacia-comunitaria-vital-brazil-completa-58-anos\/","title":{"rendered":"Farm\u00e1cia comunit\u00e1ria Vital Brazil completa 58 anos"},"content":{"rendered":"\n<p>A farm\u00e1cia distribui diversos medicamentos de forma gratuita para popula\u00e7\u00e3o de Sorocaba e regi\u00e3o<\/p>\n\n\n\n<p>Por Rafael Filho (Ag\u00eancia Focas \u2013 Jornalismo Uniso)<\/p>\n\n\n\n<figure class=\"wp-block-image size-large\"><img loading=\"lazy\" decoding=\"async\" width=\"1024\" height=\"576\" src=\"https:\/\/focas.uniso.br\/wp-content\/uploads\/2025\/05\/WhatsApp-Image-2025-05-21-at-10.02.06-1024x576.jpeg\" alt=\"\" class=\"wp-image-3313\" srcset=\"https:\/\/focas.uniso.br\/wp-content\/uploads\/2025\/05\/WhatsApp-Image-2025-05-21-at-10.02.06-1024x576.jpeg 1024w, https:\/\/focas.uniso.br\/wp-content\/uploads\/2025\/05\/WhatsApp-Image-2025-05-21-at-10.02.06-300x169.jpeg 300w, https:\/\/focas.uniso.br\/wp-content\/uploads\/2025\/05\/WhatsApp-Image-2025-05-21-at-10.02.06-768x432.jpeg 768w, https:\/\/focas.uniso.br\/wp-content\/uploads\/2025\/05\/WhatsApp-Image-2025-05-21-at-10.02.06-1536x864.jpeg 1536w, https:\/\/focas.uniso.br\/wp-content\/uploads\/2025\/05\/WhatsApp-Image-2025-05-21-at-10.02.06.jpeg 1600w\" sizes=\"auto, (max-width: 1024px) 100vw, 1024px\" \/><figcaption class=\"wp-element-caption\">Foto: Rafael Filho<\/figcaption><\/figure>\n\n\n\n<p>A Farm\u00e1cia Comunit\u00e1ria Vital Brazil, mantida por meio de uma parceria entre a Universidade de Sorocaba (Uniso), a Pontif\u00edcia Universidade Cat\u00f3lica de S\u00e3o Paulo (PUC-SP) e o Centro Acad\u00eamico Vital Brazil (CAVB), fornece gratuitamente medicamentos e servi\u00e7os farmac\u00eauticos \u00e0 comunidade de Sorocaba e regi\u00e3o.<\/p>\n\n\n\n<p>Com o objetivo de ampliar a rela\u00e7\u00e3o entre o ensino e a comunidade, a Vital Brazil foi fundada em 15 de maio de 1967 por um grupo de estudantes de medicina da PUC-SP, campus de Sorocaba. Em outubro de 2002, ela se tornou farm\u00e1cia-escola, a partir de uma iniciativa do CAVB e atualmente atende pessoas de toda a regi\u00e3o.<\/p>\n\n\n\n<p>Os medicamentos fornecidos s\u00e3o entregues somente com a apresenta\u00e7\u00e3o de documento de identidade do paciente e receita m\u00e9dica, mesmo aqueles que n\u00e3o possuem essa obrigatoriedade. Para os atendimentos s\u00e3o distribu\u00eddas senhas conforme a ordem de chegada. Qualquer informa\u00e7\u00e3o \u00e9 fornecida somente de maneira presencial e n\u00e3o existe reserva de medicamentos.<\/p>\n\n\n\n<p>Reconhecida pelo Conselho Regional de Farm\u00e1cia do Estado de S\u00e3o Paulo, a Vital Brazil distribui aproximadamente 20 senhas por dia, somando, em m\u00e9dia, 1500 atendimentos por m\u00eas. Os mais de&nbsp;3000 mil pacientes cadastrados s\u00e3o em sua maioria da faixa et\u00e1ria de 35 a 80 anos. Uma pesquisa realizada em 2024, com os pacientes que utilizaram os servi\u00e7os da farm\u00e1cia, apontou que 82% deles classificaram o atendimento como excelente.<\/p>\n\n\n\n<p><strong>A rotina da farm\u00e1cia<\/strong><\/p>\n\n\n\n<figure class=\"wp-block-image size-large\"><img loading=\"lazy\" decoding=\"async\" width=\"1024\" height=\"576\" src=\"https:\/\/focas.uniso.br\/wp-content\/uploads\/2025\/05\/WhatsApp-Image-2025-05-21-at-10.02.13-1024x576.jpeg\" alt=\"\" class=\"wp-image-3314\" srcset=\"https:\/\/focas.uniso.br\/wp-content\/uploads\/2025\/05\/WhatsApp-Image-2025-05-21-at-10.02.13-1024x576.jpeg 1024w, https:\/\/focas.uniso.br\/wp-content\/uploads\/2025\/05\/WhatsApp-Image-2025-05-21-at-10.02.13-300x169.jpeg 300w, https:\/\/focas.uniso.br\/wp-content\/uploads\/2025\/05\/WhatsApp-Image-2025-05-21-at-10.02.13-768x432.jpeg 768w, https:\/\/focas.uniso.br\/wp-content\/uploads\/2025\/05\/WhatsApp-Image-2025-05-21-at-10.02.13-1536x864.jpeg 1536w, https:\/\/focas.uniso.br\/wp-content\/uploads\/2025\/05\/WhatsApp-Image-2025-05-21-at-10.02.13.jpeg 1600w\" sizes=\"auto, (max-width: 1024px) 100vw, 1024px\" \/><figcaption class=\"wp-element-caption\">A farmac\u00eautica e professora da Uniso, F\u00e2ni Ribeiro, \u00e9 a atual coordenadora da Farm\u00e1cia Vital Brazil. | Foto: Rafael Filho<\/figcaption><\/figure>\n\n\n\n<p>Coordenada atualmente pela farmac\u00eautica e professora da Uniso F\u00e2ni Ribeiro Silva, a farm\u00e1cia recebe alunos da PUC que estejam cursando do 1\u00ba ao 3 \u00ba ano de medicina, para o desenvolvimento de est\u00e1gio volunt\u00e1rio e da Uniso em projetos de extens\u00e3o universit\u00e1ria e est\u00e1gios obrigat\u00f3rios.<\/p>\n\n\n\n<p>F\u00e2ni comenta que a farm\u00e1cia \u201c\u00e9 pequena em espa\u00e7o [f\u00edsico], mas gigante no trabalho que faz\u201d. A professora afirma que os trabalhos realizados pela farm\u00e1cia necessitam de divulga\u00e7\u00e3o por parte dos meios de comunica\u00e7\u00e3o, para que as pessoas doem, mas tamb\u00e9m busquem medicamentos. \u201cJ\u00e1 atendi at\u00e9 colegas de outras farm\u00e1cias comunit\u00e1rias que estavam procurando determinado medicamento. Tenho muitas vezes medicamentos de alto custo e o paciente que precisa n\u00e3o sabe.\u201d<\/p>\n\n\n\n<p>A professora destaca que o tipo de atendimento diferenciado, praticado na Vital Brazil, \u00e9 um fator muito importante para a forma\u00e7\u00e3o dos estudantes e para o bem-estar dos pacientes. \u201cApesar de seguirmos os mesmos moldes das drogarias, temos o diferencial da triagem e atendimento orientativos. Conversamos com o paciente, analisamos todas as receitas e damos todas as informa\u00e7\u00f5es sobre o tratamento.\u201d<\/p>\n\n\n\n<figure class=\"wp-block-image size-large\"><img loading=\"lazy\" decoding=\"async\" width=\"1024\" height=\"576\" src=\"https:\/\/focas.uniso.br\/wp-content\/uploads\/2025\/05\/WhatsApp-Image-2025-05-21-at-10.02.19-1024x576.jpeg\" alt=\"\" class=\"wp-image-3315\" srcset=\"https:\/\/focas.uniso.br\/wp-content\/uploads\/2025\/05\/WhatsApp-Image-2025-05-21-at-10.02.19-1024x576.jpeg 1024w, https:\/\/focas.uniso.br\/wp-content\/uploads\/2025\/05\/WhatsApp-Image-2025-05-21-at-10.02.19-300x169.jpeg 300w, https:\/\/focas.uniso.br\/wp-content\/uploads\/2025\/05\/WhatsApp-Image-2025-05-21-at-10.02.19-768x432.jpeg 768w, https:\/\/focas.uniso.br\/wp-content\/uploads\/2025\/05\/WhatsApp-Image-2025-05-21-at-10.02.19-1536x864.jpeg 1536w, https:\/\/focas.uniso.br\/wp-content\/uploads\/2025\/05\/WhatsApp-Image-2025-05-21-at-10.02.19.jpeg 1600w\" sizes=\"auto, (max-width: 1024px) 100vw, 1024px\" \/><figcaption class=\"wp-element-caption\">Professora F\u00e2ni Ribeiro: \u201cA farm\u00e1cia \u00e9 pequena em espa\u00e7o, mas gigante no trabalho que faz\u201d. | Foto: Rafael Filho<\/figcaption><\/figure>\n\n\n\n<p>F\u00e2ni explica, e pede a compreens\u00e3o dos pacientes, que a quantidade de senhas que s\u00e3o distribu\u00eddas diariamente \u00e9 controlada e os hor\u00e1rios variam dependendo do semestre, pois diferente de uma drogaria convencional, a Vital Brazil n\u00e3o possui a mesma quantidade de \u201cbra\u00e7os\u201d. \u201cS\u00e3o v\u00e1rios processos de triagem. Aqui n\u00e3o \u00e9 como nas grades drogarias, s\u00e3o processos que geram trabalho e demandam tempo. Os cuidados s\u00e3o grandes para garantir que o que est\u00e1 sendo entregue \u00e9 seguro.\u201d<\/p>\n\n\n\n<p>\u201c\u00c0s vezes as pessoas julgam por n\u00e3o aceitarmos alguns tipos de medicamentos\u201d, confessa F\u00e2ni. A farmac\u00eautica conta que para a seguran\u00e7a dos pacientes que receber\u00e3o os medicamentos doados, nem todos podem ser aceitos pela farm\u00e1cia. Ela orienta por exemplo, para que a popula\u00e7\u00e3o evite cortar cartelas de rem\u00e9dios pois eles possuem dados vitais para a triagem que \u00e9 feita antes do recebimento da doa\u00e7\u00e3o. \u201cRecebemos cartelas soltas, fora da caixinha, mas desde que contenham as informa\u00e7\u00f5es de lote, validade, nome e concentra\u00e7\u00e3o (miligrama do princ\u00edpio ativo)\u201d, explica.<\/p>\n\n\n\n<p>Conforme explica a professora, a farm\u00e1cia recebe doa\u00e7\u00f5es de diversos tipos de medicamentos, exceto aqueles que dependem de refrigera\u00e7\u00e3o pois demandam ainda mais cuidados. Pomadas e l\u00edquidos s\u00e3o aceitos somente com o lacre do fabricante.<\/p>\n\n\n\n<figure class=\"wp-block-image size-large\"><img loading=\"lazy\" decoding=\"async\" width=\"1024\" height=\"576\" src=\"https:\/\/focas.uniso.br\/wp-content\/uploads\/2025\/05\/WhatsApp-Image-2025-05-21-at-10.02.26-1024x576.jpeg\" alt=\"\" class=\"wp-image-3316\" srcset=\"https:\/\/focas.uniso.br\/wp-content\/uploads\/2025\/05\/WhatsApp-Image-2025-05-21-at-10.02.26-1024x576.jpeg 1024w, https:\/\/focas.uniso.br\/wp-content\/uploads\/2025\/05\/WhatsApp-Image-2025-05-21-at-10.02.26-300x169.jpeg 300w, https:\/\/focas.uniso.br\/wp-content\/uploads\/2025\/05\/WhatsApp-Image-2025-05-21-at-10.02.26-768x432.jpeg 768w, https:\/\/focas.uniso.br\/wp-content\/uploads\/2025\/05\/WhatsApp-Image-2025-05-21-at-10.02.26-1536x864.jpeg 1536w, https:\/\/focas.uniso.br\/wp-content\/uploads\/2025\/05\/WhatsApp-Image-2025-05-21-at-10.02.26.jpeg 1600w\" sizes=\"auto, (max-width: 1024px) 100vw, 1024px\" \/><figcaption class=\"wp-element-caption\">Os medicamentos entregues pela farm\u00e1cia passam por rigorosos processos de triagem e revis\u00e3o de diversas pessoas garantindo a seguran\u00e7a dos pacientes. | Foto: Rafael Filho<\/figcaption><\/figure>\n\n\n\n<p>F\u00e2ni refor\u00e7a a seguran\u00e7a dos medicamentos entregues pela farm\u00e1cia, detalhando que na hora da doa\u00e7\u00e3o a pessoa doadora preenche e assina um documento com informa\u00e7\u00f5es que possibilitam a cria\u00e7\u00e3o de um lastro para aquele medicamento. Ela pede tamb\u00e9m um pouco mais de consci\u00eancia das pessoas na hora da doa\u00e7\u00e3o, \u201cmuita gente deixa para doar quando j\u00e1 est\u00e1 muito perto do vencimento.\u201d<\/p>\n\n\n\n<p>Refor\u00e7ando a necessidade da preocupa\u00e7\u00e3o com a qualidade do que se \u00e9 doado, a professora usa as campanhas do agasalho e do brinquedo como exemplo: \u201cquando voc\u00ea vai doar, voc\u00ea tem que verificar se o agasalho ou o brinquedo est\u00e3o em condi\u00e7\u00f5es de serem utilizados pelo pr\u00f3ximo. No caso dos medicamentos, \u00e9 a mesma coisa\u201d. Outra orienta\u00e7\u00e3o da professora \u00e9 para que as pessoas doem medicamentos de prefer\u00eancia com no m\u00e1ximo 30 dias para o vencimento.<\/p>\n\n\n\n<p>Para poder atender o m\u00e1ximo de pacientes, F\u00e2ni realiza diversas \u201cmanobras\u201d log\u00edsticas entre os medicamentos. Aqueles que j\u00e1 se encontram nas prateleiras e pr\u00f3ximos do vencimento s\u00e3o sinalizados com etiquetas coloridas e as respectivas datas de retirada para descarte. \u201cSe o medicamento que chega para doa\u00e7\u00e3o est\u00e1 pr\u00f3ximo do vencimento, mas ele \u00e9 muito procurado e vemos que ele possui uma rotatividade alta, recebemos mesmo assim e entregamos para o paciente a quantidade exata que ser\u00e1 usada e somente se o fim do tratamento estiver dentro daquele prazo\u201d, detalha.<\/p>\n\n\n\n<figure class=\"wp-block-image size-large\"><img loading=\"lazy\" decoding=\"async\" width=\"1024\" height=\"576\" src=\"https:\/\/focas.uniso.br\/wp-content\/uploads\/2025\/05\/WhatsApp-Image-2025-05-21-at-10.02.31-1024x576.jpeg\" alt=\"\" class=\"wp-image-3317\" srcset=\"https:\/\/focas.uniso.br\/wp-content\/uploads\/2025\/05\/WhatsApp-Image-2025-05-21-at-10.02.31-1024x576.jpeg 1024w, https:\/\/focas.uniso.br\/wp-content\/uploads\/2025\/05\/WhatsApp-Image-2025-05-21-at-10.02.31-300x169.jpeg 300w, https:\/\/focas.uniso.br\/wp-content\/uploads\/2025\/05\/WhatsApp-Image-2025-05-21-at-10.02.31-768x432.jpeg 768w, https:\/\/focas.uniso.br\/wp-content\/uploads\/2025\/05\/WhatsApp-Image-2025-05-21-at-10.02.31-1536x864.jpeg 1536w, https:\/\/focas.uniso.br\/wp-content\/uploads\/2025\/05\/WhatsApp-Image-2025-05-21-at-10.02.31.jpeg 1600w\" sizes=\"auto, (max-width: 1024px) 100vw, 1024px\" \/><figcaption class=\"wp-element-caption\">Professora F\u00e2ni Ribeiro: \u201c\u00c9 preciso conscientiza\u00e7\u00e3o, pensar no pr\u00f3ximo. Muitas pessoas \u00e0s vezes s\u00f3 doam quando v\u00e3o limpar os arm\u00e1rios, a\u00ed chegam para n\u00f3s medicamentos perto do vencimento\u201d. | Foto: Rafael Filho<\/figcaption><\/figure>\n\n\n\n<p>Outra manobra feita pela farmac\u00eautica \u00e9 em rela\u00e7\u00e3o aos medicamentos de alto custo que s\u00e3o os mais procurados pela popula\u00e7\u00e3o. \u201cSe eu tenho, por exemplo, medica\u00e7\u00e3o para 30 dias de um medicamento que est\u00e1 em falta, dependendo do caso, existe a necessidade do fracionamento. Ao inv\u00e9s de eu fornecer 30 comprimidos para uma pessoa, forne\u00e7o 15. Desta forma consigo atender dois pacientes ao inv\u00e9s de um. Eles ganham um tempo para procurarem em outras farm\u00e1cias ou aguardarem a chegada no mercado.\u201d<\/p>\n\n\n\n<p>No caso dos antibi\u00f3ticos, por exemplo, F\u00e2ni explica que as entregas n\u00e3o s\u00e3o fracionadas, para evitar que o paciente tenha que vir buscar a quantidade complementar \u2014 o que muitas vezes n\u00e3o ocorre, pois, o paciente acredita que j\u00e1 est\u00e1 \u201ccurado\u201d e n\u00e3o precisa tomar mais a medica\u00e7\u00e3o \u2014 evitando assim, uma poss\u00edvel descontinuidade do tratamento.<\/p>\n\n\n\n<p><strong>A import\u00e2ncia da educa\u00e7\u00e3o em sa\u00fade<\/strong><\/p>\n\n\n\n<p>Segundo a <a href=\"https:\/\/www.gov.br\/anvisa\/pt-br\">Ag\u00eancia Nacional de Vigil\u00e2ncia Sanit\u00e1ria (Anvisa<\/a>), quase 80% dos casos de intoxica\u00e7\u00e3o, registrados em 2021, com produtos fiscalizados pela ag\u00eancia estavam relacionados a medicamentos. Apesar da redu\u00e7\u00e3o no n\u00famero anual de notifica\u00e7\u00f5es (por milh\u00e3o de habitantes) de rea\u00e7\u00f5es adversas \u00e0 medicamentos \u2014 de 317 em 2021, para 268 em 2024 \u2014 conforme destaca o relat\u00f3rio de monitoramento da Anvisa, o volume de casos de automedica\u00e7\u00e3o ainda \u00e9 elevado, gerando preocupa\u00e7\u00e3o entres os profissionais da sa\u00fade e demonstrando que ainda existe a necessidade de campanhas de conscientiza\u00e7\u00e3o e educa\u00e7\u00e3o.<\/p>\n\n\n\n<figure class=\"wp-block-image size-large\"><img loading=\"lazy\" decoding=\"async\" width=\"1024\" height=\"576\" src=\"https:\/\/focas.uniso.br\/wp-content\/uploads\/2025\/05\/WhatsApp-Image-2025-05-21-at-10.02.35-1024x576.jpeg\" alt=\"\" class=\"wp-image-3318\" srcset=\"https:\/\/focas.uniso.br\/wp-content\/uploads\/2025\/05\/WhatsApp-Image-2025-05-21-at-10.02.35-1024x576.jpeg 1024w, https:\/\/focas.uniso.br\/wp-content\/uploads\/2025\/05\/WhatsApp-Image-2025-05-21-at-10.02.35-300x169.jpeg 300w, https:\/\/focas.uniso.br\/wp-content\/uploads\/2025\/05\/WhatsApp-Image-2025-05-21-at-10.02.35-768x432.jpeg 768w, https:\/\/focas.uniso.br\/wp-content\/uploads\/2025\/05\/WhatsApp-Image-2025-05-21-at-10.02.35-1536x864.jpeg 1536w, https:\/\/focas.uniso.br\/wp-content\/uploads\/2025\/05\/WhatsApp-Image-2025-05-21-at-10.02.35.jpeg 1600w\" sizes=\"auto, (max-width: 1024px) 100vw, 1024px\" \/><figcaption class=\"wp-element-caption\">Professora F\u00e2ni Ribeiro: \u201cA falta de informa\u00e7\u00e3o \u00e9 triste. Atendo muitos idosos que vem com v\u00e1rias receitas vencidas, est\u00e1 a\u00ed a import\u00e2ncia da educa\u00e7\u00e3o em sa\u00fade. Mesmo que n\u00e3o tenha a medica\u00e7\u00e3o naquele dia, eles recebem informa\u00e7\u00e3o. Medicamentos vencidos, por exemplo, podem ser descartados em drogarias. Muitas pessoas n\u00e3o sabem disso\u201d. | Foto: Rafael Filho<\/figcaption><\/figure>\n\n\n\n<p>Por isso, durante a meia hora em que os pacientes \u2014 em sua maioria idosos \u2014 que pegaram a senha e est\u00e3o aguardando a abertura da farm\u00e1cia, s\u00e3o realizadas rodas de conversas, chamadas de \u201cCaf\u00e9 com Informa\u00e7\u00e3o\u201d. A atividade faz parte do treinamento dos alunos de farm\u00e1cia e de medicina que conduzem os bate-papos. Com um cafezinho e bolachas servidos pela farm\u00e1cia, os participantes dessas rodas de conversa ficam sabendo mais sobre maneiras adequadas de armazenar medicamentos, formas corretas de ingest\u00e3o e descarte, al\u00e9m de receberem dicas sobre doen\u00e7as como hipertens\u00e3o, diabetes e sobre o combate \u00e0 dengue. \u201cChamamos isso tamb\u00e9m de acompanhamento farmacoterap\u00eautico\u201d, complementa F\u00e2ni. Al\u00e9m dessa a\u00e7\u00e3o, a farm\u00e1cia possui uma biblioteca rotativa que disponibiliza livros gratuitamente para os pacientes.<\/p>\n\n\n\n<p><strong>Farm\u00e1cia-escola Vital Brasil possui o Selo Social desde 2022<\/strong><\/p>\n\n\n\n<p>Em fevereiro de 2025, a Farm\u00e1cia Vital Brazil recebeu pelo terceiro ano consecutivo, a certifica\u00e7\u00e3o do Selo Social. O programa \u00e9 realizado pelo Instituto Selo Social e articulado pela parceria entre Prefeitura de Sorocaba e SEBRAE. As a\u00e7\u00f5es da Vital Brazil beneficiaram 2 mil pessoas de diferentes idades e as entidades: Projeto Isac; Lar Casa Bela; Instituto C\u00e1ssio Xavier de Azevedo Filho; Instituto Casa Cattani; Instituto Paz e Amor; Hospital Francisco Arantes do Nascimento; Casa Nova Vida; Associa\u00e7\u00e3o Crist\u00e3 de Assist\u00eancia Social (Acridas).<\/p>\n\n\n\n<p>As atividades realizadas pelas iniciativas beneficiaram principalmente o p\u00fablico que integra grupos considerados socialmente vulner\u00e1veis como LGBTQIAP+; pessoas negras, ind\u00edgenas e em situa\u00e7\u00e3o de rua; pescadores ribeirinhos; PCD; quilombolas; refugiados e outros. As a\u00e7\u00f5es atendem os Objetivos de Desenvolvimento Sustent\u00e1vel (ODS) da Agenda 2030, promovida pela Organiza\u00e7\u00e3o das Na\u00e7\u00f5es Unidas (ONU) com o intuito de diminuir as desigualdades sociais e proteger o meio ambiente.<\/p>\n\n\n\n<figure class=\"wp-block-image size-large\"><img loading=\"lazy\" decoding=\"async\" width=\"1024\" height=\"768\" src=\"https:\/\/focas.uniso.br\/wp-content\/uploads\/2025\/05\/WhatsApp-Image-2025-05-21-at-10.02.40-1024x768.jpeg\" alt=\"\" class=\"wp-image-3319\" srcset=\"https:\/\/focas.uniso.br\/wp-content\/uploads\/2025\/05\/WhatsApp-Image-2025-05-21-at-10.02.40-1024x768.jpeg 1024w, https:\/\/focas.uniso.br\/wp-content\/uploads\/2025\/05\/WhatsApp-Image-2025-05-21-at-10.02.40-300x225.jpeg 300w, https:\/\/focas.uniso.br\/wp-content\/uploads\/2025\/05\/WhatsApp-Image-2025-05-21-at-10.02.40-768x576.jpeg 768w, https:\/\/focas.uniso.br\/wp-content\/uploads\/2025\/05\/WhatsApp-Image-2025-05-21-at-10.02.40-1536x1152.jpeg 1536w, https:\/\/focas.uniso.br\/wp-content\/uploads\/2025\/05\/WhatsApp-Image-2025-05-21-at-10.02.40.jpeg 1600w\" sizes=\"auto, (max-width: 1024px) 100vw, 1024px\" \/><figcaption class=\"wp-element-caption\">Professora F\u00e2ni Ribeiro (ao centro) ao lado do Pr\u00f3-Reitor de P\u00f3s-Gradua\u00e7\u00e3o, Pesquisa, Extens\u00e3o e Inova\u00e7\u00e3o Prof. Jos\u00e9 Martins, representaram a Uniso no evento. | Foto: Rose Campos (Assecom\/PMS)<\/figcaption><\/figure>\n\n\n\n<p>As iniciativas premiadas foram as pr\u00f3prias atividades di\u00e1rias da Vital Brazil, enquanto \u201cFarm\u00e1cia Comunit\u00e1ria, Educativa e Solid\u00e1ria\u201d,&nbsp;e a campanha&nbsp;\u201cMedicamentos e Meio Ambiente: Popula\u00e7\u00e3o consciente, Comunidades Sustent\u00e1veis\u201d em parceria com a Secretaria Municipal do Meio Ambiente (SEMA). Os ODS atingidos pelas atividades di\u00e1rias da farm\u00e1cia foram: Consumo e produ\u00e7\u00e3o respons\u00e1vel, Sa\u00fade e bem-estar, Parcerias e meios de implanta\u00e7\u00e3o e Paz justi\u00e7a e institui\u00e7\u00f5es eficazes.<\/p>\n\n\n\n<p>Na parceria, a farmac\u00eautica respons\u00e1vel, F\u00e2ni Ribeiro Silva, alunos de Farm\u00e1cia da Uniso e integrantes da SEMA visitaram escolas de ensino fundamental II e m\u00e9dio e empresas, fazendo uma campanha sobre sa\u00fade e meio ambiente. \u201cAl\u00e9m de diversas informa\u00e7\u00f5es importantes sobre o uso de medicamentos e cuidados com a sa\u00fade, falamos sobre o descarte correto de medicamentos em desuso, o que afeta diretamente nossas \u00e1guas\u201d, explica F\u00e2ni.<\/p>\n\n\n\n<figure class=\"wp-block-image size-large\"><img loading=\"lazy\" decoding=\"async\" width=\"1024\" height=\"576\" src=\"https:\/\/focas.uniso.br\/wp-content\/uploads\/2025\/05\/WhatsApp-Image-2025-05-21-at-10.02.49-1024x576.jpeg\" alt=\"\" class=\"wp-image-3320\" srcset=\"https:\/\/focas.uniso.br\/wp-content\/uploads\/2025\/05\/WhatsApp-Image-2025-05-21-at-10.02.49-1024x576.jpeg 1024w, https:\/\/focas.uniso.br\/wp-content\/uploads\/2025\/05\/WhatsApp-Image-2025-05-21-at-10.02.49-300x169.jpeg 300w, https:\/\/focas.uniso.br\/wp-content\/uploads\/2025\/05\/WhatsApp-Image-2025-05-21-at-10.02.49-768x432.jpeg 768w, https:\/\/focas.uniso.br\/wp-content\/uploads\/2025\/05\/WhatsApp-Image-2025-05-21-at-10.02.49-1536x864.jpeg 1536w, https:\/\/focas.uniso.br\/wp-content\/uploads\/2025\/05\/WhatsApp-Image-2025-05-21-at-10.02.49.jpeg 1600w\" sizes=\"auto, (max-width: 1024px) 100vw, 1024px\" \/><figcaption class=\"wp-element-caption\">Professora F\u00e2ni Ribeiro: \u201cEm rela\u00e7\u00e3o aos hor\u00e1rios de funcionamento, sempre oriento as pessoas a olharem nossa p\u00e1gina no Instagram, pois eles podem mudar a cada semestre, conforme as turmas de estagi\u00e1rios que me auxiliam nos processos\u201d. | Foto: Rafael Filho<\/figcaption><\/figure>\n\n\n\n<p><strong>Servi\u00e7o<\/strong><strong><\/strong><\/p>\n\n\n\n<p><strong>Atendimento<\/strong><strong><\/strong><\/p>\n\n\n\n<p>Rua Doutor Seme Stefano, n\u00ba 13 \u2013 Jardim Vergueiro<\/p>\n\n\n\n<p>Pr\u00e9dio anexo ao campus Sorocaba da PUC-SP.<\/p>\n\n\n\n<p><strong>Hor\u00e1rio<\/strong><strong><\/strong><\/p>\n\n\n\n<p>Segunda-feira a quarta-feira, das 13h30 \u00e0s 16h (at\u00e9 30 de junho de 2025. Ap\u00f3s essa data, um novo hor\u00e1rio ser\u00e1 divulgado).<\/p>\n\n\n\n<p><strong>Senha e retirada de medicamento<\/strong><strong><\/strong><\/p>\n\n\n\n<p>Senha retirada na portaria: 30 min. antes do in\u00edcio do atendimento.<\/p>\n\n\n\n<p>A receita original e documento de identidade do paciente devem ser apresentados.<\/p>\n\n\n\n<p><strong>Informa\u00e7\u00f5es Gerais<\/strong><strong><\/strong><\/p>\n\n\n\n<p>E-mail fani.silva@uniso.br<\/p>\n\n\n\n<p>Instagram:&nbsp;<a href=\"http:\/\/www.instagram.com\/fcvbsorocaba\">www.instagram.com\/fcvbsorocaba<\/a><\/p>\n\n\n\n<p><strong>*<\/strong>A Farm\u00e1cia Comunit\u00e1ria n\u00e3o fornece informa\u00e7\u00f5es sobre estoque de medicamentos por telefone ou e-mail ou rede social.<\/p>\n\n\n\n<figure class=\"wp-block-gallery has-nested-images columns-default is-cropped wp-block-gallery-1 is-layout-flex wp-block-gallery-is-layout-flex\">\n<figure class=\"wp-block-image size-large\"><img loading=\"lazy\" decoding=\"async\" width=\"763\" height=\"1024\" data-id=\"3322\" src=\"https:\/\/focas.uniso.br\/wp-content\/uploads\/2025\/05\/WhatsApp-Image-2025-05-21-at-10.02.52-763x1024.jpeg\" alt=\"\" class=\"wp-image-3322\" srcset=\"https:\/\/focas.uniso.br\/wp-content\/uploads\/2025\/05\/WhatsApp-Image-2025-05-21-at-10.02.52-763x1024.jpeg 763w, https:\/\/focas.uniso.br\/wp-content\/uploads\/2025\/05\/WhatsApp-Image-2025-05-21-at-10.02.52-224x300.jpeg 224w, https:\/\/focas.uniso.br\/wp-content\/uploads\/2025\/05\/WhatsApp-Image-2025-05-21-at-10.02.52-768x1031.jpeg 768w, https:\/\/focas.uniso.br\/wp-content\/uploads\/2025\/05\/WhatsApp-Image-2025-05-21-at-10.02.52.jpeg 877w\" sizes=\"auto, (max-width: 763px) 100vw, 763px\" \/><figcaption class=\"wp-element-caption\">Selo Social 2024. Foto: Rafael Filho                      <\/figcaption><\/figure>\n\n\n\n<figure class=\"wp-block-image size-large\"><img loading=\"lazy\" decoding=\"async\" width=\"604\" height=\"1024\" data-id=\"3321\" src=\"https:\/\/focas.uniso.br\/wp-content\/uploads\/2025\/05\/WhatsApp-Image-2025-05-21-at-10.03.00-604x1024.jpeg\" alt=\"\" class=\"wp-image-3321\" srcset=\"https:\/\/focas.uniso.br\/wp-content\/uploads\/2025\/05\/WhatsApp-Image-2025-05-21-at-10.03.00-604x1024.jpeg 604w, https:\/\/focas.uniso.br\/wp-content\/uploads\/2025\/05\/WhatsApp-Image-2025-05-21-at-10.03.00-177x300.jpeg 177w, https:\/\/focas.uniso.br\/wp-content\/uploads\/2025\/05\/WhatsApp-Image-2025-05-21-at-10.03.00-768x1303.jpeg 768w, https:\/\/focas.uniso.br\/wp-content\/uploads\/2025\/05\/WhatsApp-Image-2025-05-21-at-10.03.00-905x1536.jpeg 905w, https:\/\/focas.uniso.br\/wp-content\/uploads\/2025\/05\/WhatsApp-Image-2025-05-21-at-10.03.00.jpeg 943w\" sizes=\"auto, (max-width: 604px) 100vw, 604px\" \/><figcaption class=\"wp-element-caption\">Biblioteca Rotativa Foto: Rafael Filho<\/figcaption><\/figure>\n<\/figure>\n","protected":false},"excerpt":{"rendered":"<p>A farm\u00e1cia distribui diversos medicamentos de forma gratuita para popula\u00e7\u00e3o de Sorocaba e regi\u00e3o Por Rafael Filho (Ag\u00eancia Focas \u2013<\/p>\n","protected":false},"author":1,"featured_media":0,"comment_status":"open","ping_status":"open","sticky":false,"template":"","format":"standard","meta":{"colormag_page_container_layout":"default_layout","colormag_page_sidebar_layout":"default_layout","footnotes":""},"categories":[15,9,37,14],"tags":[30,41,29,28],"class_list":["post-3312","post","type-post","status-publish","format-standard","hentry","category-jornalismo","category-jornalismo-online","category-sorocaba","category-uniso","tag-focas","tag-focas-na-rede","tag-jornalismo","tag-uniso"],"featured_image_urls":{"full":"","thumbnail":"","medium":"","medium_large":"","large":"","1536x1536":"","2048x2048":"","colormag-highlighted-post":"","colormag-featured-post-medium":"","colormag-featured-post-small":"","colormag-featured-image":"","colormag-default-news":"","colormag-featured-image-large":""},"author_info":{"info":["focas"]},"category_info":"<a href=\"https:\/\/focas.uniso.br\/index.php\/category\/jornalismo\/\" rel=\"category tag\">Jornalismo<\/a> <a href=\"https:\/\/focas.uniso.br\/index.php\/category\/jornalismo-online\/\" rel=\"category tag\">jornalismo online<\/a> <a href=\"https:\/\/focas.uniso.br\/index.php\/category\/sorocaba\/\" rel=\"category tag\">Sorocaba<\/a> <a href=\"https:\/\/focas.uniso.br\/index.php\/category\/uniso\/\" rel=\"category tag\">Uniso<\/a>","tag_info":"Uniso","comment_count":"0","_links":{"self":[{"href":"https:\/\/focas.uniso.br\/index.php\/wp-json\/wp\/v2\/posts\/3312","targetHints":{"allow":["GET"]}}],"collection":[{"href":"https:\/\/focas.uniso.br\/index.php\/wp-json\/wp\/v2\/posts"}],"about":[{"href":"https:\/\/focas.uniso.br\/index.php\/wp-json\/wp\/v2\/types\/post"}],"author":[{"embeddable":true,"href":"https:\/\/focas.uniso.br\/index.php\/wp-json\/wp\/v2\/users\/1"}],"replies":[{"embeddable":true,"href":"https:\/\/focas.uniso.br\/index.php\/wp-json\/wp\/v2\/comments?post=3312"}],"version-history":[{"count":1,"href":"https:\/\/focas.uniso.br\/index.php\/wp-json\/wp\/v2\/posts\/3312\/revisions"}],"predecessor-version":[{"id":3323,"href":"https:\/\/focas.uniso.br\/index.php\/wp-json\/wp\/v2\/posts\/3312\/revisions\/3323"}],"wp:attachment":[{"href":"https:\/\/focas.uniso.br\/index.php\/wp-json\/wp\/v2\/media?parent=3312"}],"wp:term":[{"taxonomy":"category","embeddable":true,"href":"https:\/\/focas.uniso.br\/index.php\/wp-json\/wp\/v2\/categories?post=3312"},{"taxonomy":"post_tag","embeddable":true,"href":"https:\/\/focas.uniso.br\/index.php\/wp-json\/wp\/v2\/tags?post=3312"}],"curies":[{"name":"wp","href":"https:\/\/api.w.org\/{rel}","templated":true}]}}