{"id":332,"date":"2017-04-24T13:53:00","date_gmt":"2017-04-24T13:53:00","guid":{"rendered":"http:\/\/focas.uniso.br\/index.php\/2017\/04\/24\/exposicao-de-autorretratos-explora-linguagem-fotografica\/"},"modified":"2017-04-24T13:53:00","modified_gmt":"2017-04-24T13:53:00","slug":"exposicao-de-autorretratos-explora-linguagem-fotografica","status":"publish","type":"post","link":"https:\/\/focas.uniso.br\/index.php\/2017\/04\/24\/exposicao-de-autorretratos-explora-linguagem-fotografica\/","title":{"rendered":"Exposi\u00e7\u00e3o de autorretratos explora linguagem fotogr\u00e1fica"},"content":{"rendered":"<div style=\"clear: both; text-align: center;\"><a href=\"https:\/\/1.bp.blogspot.com\/-ecsO1cZ7B0w\/WP4Bc4EjTZI\/AAAAAAAAF7Q\/ExpUrXRnYgoqQMiWIQkSvSu9ggX7RK8qQCLcB\/s1600\/3.jpg\" style=\"margin-left: 1em; margin-right: 1em;\"><img loading=\"lazy\" decoding=\"async\" border=\"0\" height=\"215\" src=\"https:\/\/1.bp.blogspot.com\/-ecsO1cZ7B0w\/WP4Bc4EjTZI\/AAAAAAAAF7Q\/ExpUrXRnYgoqQMiWIQkSvSu9ggX7RK8qQCLcB\/s400\/3.jpg\" width=\"400\" \/><\/a><\/div>\n<div style=\"text-align: justify;\">O potencial comunicativo da fotografia \u00e9 objeto de um trabalho fotogr\u00e1fico de alunos de Jornalismo, Publicidade e Propaganda e Rela\u00e7\u00f5es P\u00fablicas da Universidade de Sorocaba (Uniso). Foram produzidos autorretratos, a partir de objetos pessoais, e criada uma frase que representasse cada autor. O resultado pode ser conferido em uma exposi\u00e7\u00e3o, instalada no t\u00e9rreo do Bloco B, Cidade Universit\u00e1ria.<\/div>\n<div style=\"text-align: justify;\">O trabalho foi desenvolvido no componente Linguagem Fotogr\u00e1fica, ministrado pelo professor Jos\u00e9 Ferreira Neto. \u201cA ideia era utilizar a representa\u00e7\u00e3o visual como uma possibilidade de comunica\u00e7\u00e3o\u201d, afirma.<\/div>\n<table cellpadding=\"0\" cellspacing=\"0\" style=\"float: left; text-align: left;\">\n<tbody>\n<tr>\n<td style=\"text-align: center;\"><a href=\"https:\/\/3.bp.blogspot.com\/-FjhnNMISrBc\/WP4BwjMP9dI\/AAAAAAAAF7U\/ZlyQhWNCclEE9AK55M79gghls6rOpXpBQCLcB\/s1600\/1.jpg\" style=\"clear: left; margin-bottom: 1em; margin-left: auto; margin-right: auto;\"><img loading=\"lazy\" decoding=\"async\" border=\"0\" height=\"212\" src=\"https:\/\/3.bp.blogspot.com\/-FjhnNMISrBc\/WP4BwjMP9dI\/AAAAAAAAF7U\/ZlyQhWNCclEE9AK55M79gghls6rOpXpBQCLcB\/s320\/1.jpg\" width=\"320\" \/><\/a><\/td>\n<\/tr>\n<tr>\n<td style=\"text-align: center;\">\n<div style=\"text-align: left;\">&nbsp;A aluna Gabriela Yabiko teve a ideia de expor o trabalho&nbsp;<\/div>\n<\/td>\n<\/tr>\n<\/tbody>\n<\/table>\n<div style=\"text-align: justify;\">Segundo o professor, os autorretratos foram expostos para a classe e as frases correspondentes foram distribu\u00eddas entre alunos, que tinham que descobrir a que imagem pertenciam e quem eram os autores das fotos. &nbsp;\u201c\u00c0s vezes, voc\u00ea conversa com a pessoa que est\u00e1 do seu lado e n\u00e3o sabe do que ela gosta. Por meio dessa din\u00e2mica, muitos alunos descobriram curiosidades sobre seus colegas de sala que n\u00e3o imaginavam. Foi uma experi\u00eancia muito rica\u201d, conta, empolgado, o professor.<\/div>\n<div style=\"text-align: justify;\">A ideia de expor esses trabalhos surgiu da aluna Gabriela Yabiko, 17, do 1\u00ba semestre do curso de Publicidade e Propaganda, que participou da atividade. Ela gostou tanto da experi\u00eancia que n\u00e3o achou justo que o trabalho ficasse apenas dentro da sala de aula. \u201cFoi um trabalho muito legal. Expor a personalidade das pessoas \u00e9 algo dif\u00edcil, falar sobre n\u00f3s tamb\u00e9m, ent\u00e3o, a foto facilitou bastante. Estou muito satisfeita, \u00e9 gratificante saber que outras pessoas ir\u00e3o ver e admirar o que a gente fez\u201d, afirma a aluna.<\/div>\n<div style=\"text-align: justify;\"><\/div>\n<table cellpadding=\"0\" cellspacing=\"0\" style=\"margin-left: auto; margin-right: auto; text-align: center;\">\n<tbody>\n<tr>\n<td style=\"text-align: center;\"><a href=\"https:\/\/1.bp.blogspot.com\/-ztZPdU69DoU\/WP4CBZkRJ7I\/AAAAAAAAF7Y\/y7A0X1xj5W4edA75EhC5VMFqwea659MOQCLcB\/s1600\/2.jpg\" style=\"margin-left: auto; margin-right: auto;\"><img loading=\"lazy\" decoding=\"async\" border=\"0\" height=\"326\" src=\"https:\/\/1.bp.blogspot.com\/-ztZPdU69DoU\/WP4CBZkRJ7I\/AAAAAAAAF7Y\/y7A0X1xj5W4edA75EhC5VMFqwea659MOQCLcB\/s400\/2.jpg\" width=\"400\" \/><\/a><\/td>\n<\/tr>\n<tr>\n<td style=\"text-align: center;\">\n<div style=\"text-align: justify;\">&nbsp;Um dos trabalhos desenvolvidos&nbsp; e que pode ser visto na exposi\u00e7\u00e3o<span style=\"font-family: &quot;times new roman&quot; , &quot;serif&quot;; font-size: 12.0pt;\"><o:p><\/o:p><\/span><\/div>\n<\/td>\n<\/tr>\n<\/tbody>\n<\/table>\n<div style=\"text-align: justify;\"><\/div>\n<div style=\"text-align: justify;\"><\/div>\n<div style=\"text-align: justify;\"><\/div>\n<div style=\"text-align: justify;\"><i>Texto: Melissa Regina\/Ag\u00eanciaJor<\/i><\/div>\n<div style=\"text-align: justify;\"><i>Fotos: Gabriel Rosa\/Ag\u00eanciaJor<\/i><\/div>\n","protected":false},"excerpt":{"rendered":"<p>O potencial comunicativo da fotografia \u00e9 objeto de um trabalho fotogr\u00e1fico de alunos de Jornalismo, Publicidade e Propaganda e Rela\u00e7\u00f5es<\/p>\n","protected":false},"author":1,"featured_media":0,"comment_status":"open","ping_status":"open","sticky":false,"template":"","format":"standard","meta":{"colormag_page_container_layout":"default_layout","colormag_page_sidebar_layout":"default_layout","footnotes":""},"categories":[1],"tags":[],"class_list":["post-332","post","type-post","status-publish","format-standard","hentry","category-uncategorized"],"featured_image_urls":{"full":"","thumbnail":"","medium":"","medium_large":"","large":"","1536x1536":"","2048x2048":"","colormag-highlighted-post":"","colormag-featured-post-medium":"","colormag-featured-post-small":"","colormag-featured-image":"","colormag-default-news":"","colormag-featured-image-large":""},"author_info":{"info":["focas"]},"category_info":"<a href=\"https:\/\/focas.uniso.br\/index.php\/category\/uncategorized\/\" rel=\"category tag\">Uncategorized<\/a>","tag_info":"Uncategorized","comment_count":"0","_links":{"self":[{"href":"https:\/\/focas.uniso.br\/index.php\/wp-json\/wp\/v2\/posts\/332","targetHints":{"allow":["GET"]}}],"collection":[{"href":"https:\/\/focas.uniso.br\/index.php\/wp-json\/wp\/v2\/posts"}],"about":[{"href":"https:\/\/focas.uniso.br\/index.php\/wp-json\/wp\/v2\/types\/post"}],"author":[{"embeddable":true,"href":"https:\/\/focas.uniso.br\/index.php\/wp-json\/wp\/v2\/users\/1"}],"replies":[{"embeddable":true,"href":"https:\/\/focas.uniso.br\/index.php\/wp-json\/wp\/v2\/comments?post=332"}],"version-history":[{"count":0,"href":"https:\/\/focas.uniso.br\/index.php\/wp-json\/wp\/v2\/posts\/332\/revisions"}],"wp:attachment":[{"href":"https:\/\/focas.uniso.br\/index.php\/wp-json\/wp\/v2\/media?parent=332"}],"wp:term":[{"taxonomy":"category","embeddable":true,"href":"https:\/\/focas.uniso.br\/index.php\/wp-json\/wp\/v2\/categories?post=332"},{"taxonomy":"post_tag","embeddable":true,"href":"https:\/\/focas.uniso.br\/index.php\/wp-json\/wp\/v2\/tags?post=332"}],"curies":[{"name":"wp","href":"https:\/\/api.w.org\/{rel}","templated":true}]}}