{"id":3324,"date":"2025-05-26T13:01:39","date_gmt":"2025-05-26T16:01:39","guid":{"rendered":"https:\/\/focas.uniso.br\/?p=3324"},"modified":"2025-05-26T13:01:39","modified_gmt":"2025-05-26T16:01:39","slug":"tracando-caminhos-historias-de-futuros-agentes-de-mudanca","status":"publish","type":"post","link":"https:\/\/focas.uniso.br\/index.php\/2025\/05\/26\/tracando-caminhos-historias-de-futuros-agentes-de-mudanca\/","title":{"rendered":"Tra\u00e7ando caminhos: Hist\u00f3rias de futuros agentes de mudan\u00e7a"},"content":{"rendered":"\n<p>Por Gabriela Dias (Ag\u00eancia Focas &#8211; Jornalismo Uniso)<\/p>\n\n\n\n<p>Fundada em 15 de setembro de 1994, a Universidade de Sorocaba (Uniso) \u00e9 uma institui\u00e7\u00e3o comunit\u00e1ria reconhecida por sua excel\u00eancia acad\u00eamica, com nota 5 no MEC (Minist\u00e9rio da Educa\u00e7\u00e3o). Desde ent\u00e3o, formou mais de 55 mil profissionais, oriundos de diversas cidades situadas em um raio de 100 quil\u00f4metros ao redor de Sorocaba, onde a Uniso est\u00e1 sediada.<\/p>\n\n\n\n<p>Diariamente, estudantes circulam pelos corredores, pelas cantinas, pela biblioteca e por diversos outros espa\u00e7os da institui\u00e7\u00e3o. Mas, afinal, quem s\u00e3o esses alunos? Como chegaram \u00e0 Uniso? Quais s\u00e3o seus planos para o futuro?<\/p>\n\n\n\n<p>Os cursos da \u00e1rea de comunica\u00e7\u00e3o s\u00e3o conhecidos por formar profissionais que se destacam por sua capacidade de gerar impacto \u2014 seja por meio do Jornalismo, Publicidade e Propaganda ou Rela\u00e7\u00f5es P\u00fablicas. Beatriz Jarins (24), jornalista rec\u00e9m-formada, escolheu o curso exatamente por esse motivo \u2014 ou pode-se dizer que o curso a escolheu. Essa conex\u00e3o e vontade de contar hist\u00f3rias come\u00e7ou de forma espont\u00e2nea ao iniciar um trabalho volunt\u00e1rio na APAE (Associa\u00e7\u00e3o de Pais e Amigos dos Excepcionais) de Mairinque (SP), sua cidade natal. &#8220;Eu percebi que eu gostava ainda mais de ajudar as pessoas, tentar esse lado mais humanit\u00e1rio, e eu fazia a comunica\u00e7\u00e3o interna deles, ent\u00e3o, meio que eu j\u00e1 estava fazendo assessoria [de imprensa], comunica\u00e7\u00e3o interna, sem saber&#8221;, comenta.<\/p>\n\n\n\n<p>No segundo semestre de 2020, um novo ciclo come\u00e7ou na vida de Beatriz. Apesar dos desafios impostos pela pandemia, ela n\u00e3o deixou de lutar pelos seus novos objetivos. As aulas eram virtuais, mas a expectativa de finalmente viver a experi\u00eancia presencial na universidade era enorme: conhecer os professores e colegas pessoalmente, al\u00e9m de poder utilizar os est\u00fadios de r\u00e1dio, televis\u00e3o e fotografia.<\/p>\n\n\n\n<p>Diversas aulas marcaram sua vida acad\u00eamica, como a primeira vez que comandou, ao vivo, um per\u00edodo na R\u00e1dio Uniso \u2014 com orienta\u00e7\u00e3o da professora doutora Mara Ferreira Rovida \u2014 e as aulas de fotojornalismo, guiadas pelo professor doutor Jos\u00e9 Ferreira da Silva Neto, que a inspiraram a escrever um livro-reportagem para seu Trabalho de Conclus\u00e3o de Curso (TCC). &#8220;Na apresenta\u00e7\u00e3o do trabalho em si, eu n\u00e3o conseguia apresentar, porque eu ficava chorando. E a\u00ed eu percebi que as pessoas que estavam assistindo tamb\u00e9m estavam chorando&#8221;, compartilha.<\/p>\n\n\n\n<p>A iniciativa de registrar sua av\u00f3 cozinhando tomou grandes propor\u00e7\u00f5es e se transformou no livro <em>EnvelheSer<\/em>. Toda a obra foi pensada para homenagear seus av\u00f3s e representar os pr\u00f3prios idosos de forma po\u00e9tica e \u00e9tica. Para a separa\u00e7\u00e3o dos cap\u00edtulos, a ideia foi dividir cada hist\u00f3ria em uma esta\u00e7\u00e3o do ano: &#8220;No inverno \u00e9 mais triste, no outono \u00e9 mais duro, no ver\u00e3o \u00e9 mais alegre.&#8221;<\/p>\n\n\n\n<figure class=\"wp-block-image size-full\"><img loading=\"lazy\" decoding=\"async\" width=\"679\" height=\"453\" src=\"https:\/\/focas.uniso.br\/wp-content\/uploads\/2025\/05\/WhatsApp-Image-2025-05-25-at-21.24.33.jpeg\" alt=\"\" class=\"wp-image-3325\" srcset=\"https:\/\/focas.uniso.br\/wp-content\/uploads\/2025\/05\/WhatsApp-Image-2025-05-25-at-21.24.33.jpeg 679w, https:\/\/focas.uniso.br\/wp-content\/uploads\/2025\/05\/WhatsApp-Image-2025-05-25-at-21.24.33-300x200.jpeg 300w\" sizes=\"auto, (max-width: 679px) 100vw, 679px\" \/><figcaption class=\"wp-element-caption\">Thiago Rizan, Mara Rovida, Beatriz Jarins e Evenize Batista, respectivamente, no dia da apresenta\u00e7\u00e3o do TCC &#8211; Foto: Gustavo Monteiro <\/figcaption><\/figure>\n\n\n\n<p>Al\u00e9m disso, o livro finalmente ganhou o mundo ao ser publicado no Dia Internacional do Idoso, 1\u00ba de outubro. Os leitores interessados podem acessar o site oficial (<a href=\"http:\/\/beatrizjarins.com\/envelheser\">beatrizjarins.com\/envelheser<\/a>) para ler o e-book e fazer o download.<\/p>\n\n\n\n<figure class=\"wp-block-image size-full\"><img loading=\"lazy\" decoding=\"async\" width=\"691\" height=\"498\" src=\"https:\/\/focas.uniso.br\/wp-content\/uploads\/2025\/05\/WhatsApp-Image-2025-05-25-at-21.24.41.jpeg\" alt=\"\" class=\"wp-image-3326\" srcset=\"https:\/\/focas.uniso.br\/wp-content\/uploads\/2025\/05\/WhatsApp-Image-2025-05-25-at-21.24.41.jpeg 691w, https:\/\/focas.uniso.br\/wp-content\/uploads\/2025\/05\/WhatsApp-Image-2025-05-25-at-21.24.41-300x216.jpeg 300w\" sizes=\"auto, (max-width: 691px) 100vw, 691px\" \/><figcaption class=\"wp-element-caption\">Beatriz Jarins e seu exemplar f\u00edsico de EnvelheSer &#8211; Foto: Gabriela Dias<\/figcaption><\/figure>\n\n\n\n<p>Vitor Jos\u00e9 Silva (19) \u00e9 um relato daqueles que nos surpreendemos ao ouvir. Sua meta \u00e9 ser jornalista esportivo \u2014 e, para isso, ele j\u00e1 tem feito escolhas que demonstram sua dedica\u00e7\u00e3o e determina\u00e7\u00e3o em tornar esse sonho poss\u00edvel.\u201d<\/p>\n\n\n\n<figure class=\"wp-block-image size-full\"><img loading=\"lazy\" decoding=\"async\" width=\"703\" height=\"526\" src=\"https:\/\/focas.uniso.br\/wp-content\/uploads\/2025\/05\/WhatsApp-Image-2025-05-25-at-21.24.48.jpeg\" alt=\"\" class=\"wp-image-3327\" srcset=\"https:\/\/focas.uniso.br\/wp-content\/uploads\/2025\/05\/WhatsApp-Image-2025-05-25-at-21.24.48.jpeg 703w, https:\/\/focas.uniso.br\/wp-content\/uploads\/2025\/05\/WhatsApp-Image-2025-05-25-at-21.24.48-300x224.jpeg 300w\" sizes=\"auto, (max-width: 703px) 100vw, 703px\" \/><figcaption class=\"wp-element-caption\">Estudante em sua cobertura dos Jogos Ol\u00edmpicos de 2024 &#8211; Foto: Arquivo pessoal<\/figcaption><\/figure>\n\n\n\n<p>Entre julho e agosto do ano passado, foram realizados os Jogos Ol\u00edmpicos de Paris 2024, uma edi\u00e7\u00e3o que contou com feitos in\u00e9ditos \u2014 e Vitor esteve l\u00e1 para documentar tudo. Ele diz que todas as dificuldades se tornaram aprendizados e expressa orgulho dessa parte de sua trajet\u00f3ria: &#8220;Eu estava no 1\u00ba semestre, ent\u00e3o muito do que fiz, eu tive que fazer por mim mesmo e pelos meus cursos externos. Mas, ainda assim, mat\u00e9rias como &#8216;Linguagem Jornal\u00edstica&#8217; me auxiliaram muito, principalmente ao redigir as mat\u00e9rias escritas \u2014 uma delas veiculada na FOCAS [Ag\u00eancia Experimental de Jornalismo da universidade]\u201d.<\/p>\n\n\n\n<p>A Uniso \u00e9 vista pelo futuro jornalista como uma institui\u00e7\u00e3o bem estruturada, com colaboradores sempre dispostos a ajudar. Inicialmente, sua meta era estudar fora do pa\u00eds, fazendo vestibulares para universidades internacionais. No entanto, devido aos altos custos, ele decidiu priorizar institui\u00e7\u00f5es em Sorocaba (SP) e, ap\u00f3s pesquisar, escolheu a Uniso por atender aos requisitos de uma boa faculdade de Jornalismo na regi\u00e3o.<\/p>\n\n\n\n<p>Enquanto isso, Larissa Almeida (22), estudante de Publicidade e Propaganda, escolheu a Uniso porque os cursos de comunica\u00e7\u00e3o tinham boa reputa\u00e7\u00e3o na regi\u00e3o.<\/p>\n\n\n\n<figure class=\"wp-block-image size-full\"><img loading=\"lazy\" decoding=\"async\" width=\"723\" height=\"538\" src=\"https:\/\/focas.uniso.br\/wp-content\/uploads\/2025\/05\/WhatsApp-Image-2025-05-25-at-21.24.56.jpeg\" alt=\"\" class=\"wp-image-3328\" srcset=\"https:\/\/focas.uniso.br\/wp-content\/uploads\/2025\/05\/WhatsApp-Image-2025-05-25-at-21.24.56.jpeg 723w, https:\/\/focas.uniso.br\/wp-content\/uploads\/2025\/05\/WhatsApp-Image-2025-05-25-at-21.24.56-300x223.jpeg 300w\" sizes=\"auto, (max-width: 723px) 100vw, 723px\" \/><figcaption class=\"wp-element-caption\">Larissa Almeida no Campus Cidade Universit\u00e1ria &#8211; Foto: Gabriela Dias<\/figcaption><\/figure>\n\n\n\n<p>&#8220;N\u00e3o tenho metas muito concretas a longo prazo, isso ataca minha ansiedade, mas tenho algumas metas que j\u00e1 foram atingidas pela minha experi\u00eancia acad\u00eamica. Definitivamente, essas experi\u00eancias n\u00e3o s\u00e3o suficientes para atingir as maiores, como conquistar um Le\u00e3o de Cannes&#8221;, compartilhou, de maneira sincera.<\/p>\n\n\n\n<p>A Universidade de Sorocaba \u00e9 um espa\u00e7o acad\u00eamico, mas os alunos n\u00e3o se sustentam apenas com os estudos; as amizades s\u00e3o de extrema import\u00e2ncia nesse ambiente. Larissa concorda ao afirmar: &#8220;As pessoas que conhe\u00e7o e os grupos que fa\u00e7o parte, diariamente, me proporcionam hist\u00f3rias incr\u00edveis.&#8221; Para ela, cada conex\u00e3o traz viv\u00eancias e aprendizados.<\/p>\n\n\n\n<p>Assim como Beatriz Jarins, para Giulia Araki (21), estudante de Publicidade e Propaganda, a ideia era estudar algo diferente do que a vida acabou indicando. Inicialmente, ela tinha em mente estudar Cinema ou Audiovisual, mas, devido \u00e0 escassez desses cursos na regi\u00e3o, ela optou por Publicidade e Propaganda.<\/p>\n\n\n\n<figure class=\"wp-block-image size-full\"><img loading=\"lazy\" decoding=\"async\" width=\"742\" height=\"541\" src=\"https:\/\/focas.uniso.br\/wp-content\/uploads\/2025\/05\/WhatsApp-Image-2025-05-25-at-21.25.04.jpeg\" alt=\"\" class=\"wp-image-3329\" srcset=\"https:\/\/focas.uniso.br\/wp-content\/uploads\/2025\/05\/WhatsApp-Image-2025-05-25-at-21.25.04.jpeg 742w, https:\/\/focas.uniso.br\/wp-content\/uploads\/2025\/05\/WhatsApp-Image-2025-05-25-at-21.25.04-300x219.jpeg 300w\" sizes=\"auto, (max-width: 742px) 100vw, 742px\" \/><figcaption class=\"wp-element-caption\">Giulia Araki em frente ao 4hub &#8211; Foto: Gabriela Dias<\/figcaption><\/figure>\n\n\n\n<p>Alguns trabalhos ajudaram a aluna a unir seus sonhos, como ao realizar um document\u00e1rio em que ouviu diversas hist\u00f3rias \u2014 felizes e tristes \u2014 da <em>Cidadania Reviver<\/em>, uma ONG dedicada a idosos em busca de bem-estar, sa\u00fade ou apenas um lugar acolhedor. &#8220;Mas uma pessoa que eu nunca vou esquecer \u00e9 a pr\u00f3pria fundadora da institui\u00e7\u00e3o, Mitie. O que mais me impressiona \u00e9 a sua disposi\u00e7\u00e3o e energia, mesmo com mais de 90 anos. Ela viaja sozinha com seu carro para competir em campeonatos esportivos, e esse seu amor pelo constante movimento \u00e9 o que transforma a ONG em um lugar t\u00e3o especial para tantas pessoas&#8221;, conta Giulia.<\/p>\n\n\n\n<p>Laura Machado (20), estudante de Jornalismo, recebeu o certificado de Aluno TOP pelo seu desempenho no segundo semestre de 2023. O pr\u00eamio celebra e reconhece os estudantes que se destacam pela dedica\u00e7\u00e3o acad\u00eamica a cada per\u00edodo letivo.<\/p>\n\n\n\n<figure class=\"wp-block-image size-full\"><img loading=\"lazy\" decoding=\"async\" width=\"785\" height=\"552\" src=\"https:\/\/focas.uniso.br\/wp-content\/uploads\/2025\/05\/WhatsApp-Image-2025-05-25-at-21.25.12.jpeg\" alt=\"\" class=\"wp-image-3330\" srcset=\"https:\/\/focas.uniso.br\/wp-content\/uploads\/2025\/05\/WhatsApp-Image-2025-05-25-at-21.25.12.jpeg 785w, https:\/\/focas.uniso.br\/wp-content\/uploads\/2025\/05\/WhatsApp-Image-2025-05-25-at-21.25.12-300x211.jpeg 300w, https:\/\/focas.uniso.br\/wp-content\/uploads\/2025\/05\/WhatsApp-Image-2025-05-25-at-21.25.12-768x540.jpeg 768w, https:\/\/focas.uniso.br\/wp-content\/uploads\/2025\/05\/WhatsApp-Image-2025-05-25-at-21.25.12-130x90.jpeg 130w\" sizes=\"auto, (max-width: 785px) 100vw, 785px\" \/><figcaption class=\"wp-element-caption\">Laura Machado na cerim\u00f4nia do Aluno TOP, que aconteceu em abril de 2024, na Universidade de Sorocaba &#8211; Foto: Syllos Eventos<br><\/figcaption><\/figure>\n\n\n\n<p>Laura comenta que ficou surpresa ao receber o e-mail, mas diz que o reconhecimento significou muito, especialmente ap\u00f3s um semestre em que se dedicou intensamente aos trabalhos. &#8220;Eles fazem uma cerim\u00f4nia bem legal, que faz voc\u00ea se sentir importante. Eu realmente me senti parte da institui\u00e7\u00e3o&#8221;, comenta.<\/p>\n\n\n\n<p>A Universidade de Sorocaba \u00e9, sem d\u00favida, um espa\u00e7o de crescimento acad\u00eamico \u2014 mas tamb\u00e9m \u00e9 um lugar onde sonhos se constroem, hist\u00f3rias se cruzam e futuros profissionais se formam com a certeza de que est\u00e3o prontos para transformar o mundo ao seu redor.<\/p>\n","protected":false},"excerpt":{"rendered":"<p>Por Gabriela Dias (Ag\u00eancia Focas &#8211; Jornalismo Uniso) Fundada em 15 de setembro de 1994, a Universidade de Sorocaba (Uniso)<\/p>\n","protected":false},"author":1,"featured_media":0,"comment_status":"open","ping_status":"open","sticky":false,"template":"","format":"standard","meta":{"colormag_page_container_layout":"default_layout","colormag_page_sidebar_layout":"default_layout","footnotes":""},"categories":[15,9,37,14],"tags":[30,41,29,28],"class_list":["post-3324","post","type-post","status-publish","format-standard","hentry","category-jornalismo","category-jornalismo-online","category-sorocaba","category-uniso","tag-focas","tag-focas-na-rede","tag-jornalismo","tag-uniso"],"featured_image_urls":{"full":"","thumbnail":"","medium":"","medium_large":"","large":"","1536x1536":"","2048x2048":"","colormag-highlighted-post":"","colormag-featured-post-medium":"","colormag-featured-post-small":"","colormag-featured-image":"","colormag-default-news":"","colormag-featured-image-large":""},"author_info":{"info":["focas"]},"category_info":"<a href=\"https:\/\/focas.uniso.br\/index.php\/category\/jornalismo\/\" rel=\"category tag\">Jornalismo<\/a> <a href=\"https:\/\/focas.uniso.br\/index.php\/category\/jornalismo-online\/\" rel=\"category tag\">jornalismo online<\/a> <a href=\"https:\/\/focas.uniso.br\/index.php\/category\/sorocaba\/\" rel=\"category tag\">Sorocaba<\/a> <a href=\"https:\/\/focas.uniso.br\/index.php\/category\/uniso\/\" rel=\"category tag\">Uniso<\/a>","tag_info":"Uniso","comment_count":"0","_links":{"self":[{"href":"https:\/\/focas.uniso.br\/index.php\/wp-json\/wp\/v2\/posts\/3324","targetHints":{"allow":["GET"]}}],"collection":[{"href":"https:\/\/focas.uniso.br\/index.php\/wp-json\/wp\/v2\/posts"}],"about":[{"href":"https:\/\/focas.uniso.br\/index.php\/wp-json\/wp\/v2\/types\/post"}],"author":[{"embeddable":true,"href":"https:\/\/focas.uniso.br\/index.php\/wp-json\/wp\/v2\/users\/1"}],"replies":[{"embeddable":true,"href":"https:\/\/focas.uniso.br\/index.php\/wp-json\/wp\/v2\/comments?post=3324"}],"version-history":[{"count":1,"href":"https:\/\/focas.uniso.br\/index.php\/wp-json\/wp\/v2\/posts\/3324\/revisions"}],"predecessor-version":[{"id":3331,"href":"https:\/\/focas.uniso.br\/index.php\/wp-json\/wp\/v2\/posts\/3324\/revisions\/3331"}],"wp:attachment":[{"href":"https:\/\/focas.uniso.br\/index.php\/wp-json\/wp\/v2\/media?parent=3324"}],"wp:term":[{"taxonomy":"category","embeddable":true,"href":"https:\/\/focas.uniso.br\/index.php\/wp-json\/wp\/v2\/categories?post=3324"},{"taxonomy":"post_tag","embeddable":true,"href":"https:\/\/focas.uniso.br\/index.php\/wp-json\/wp\/v2\/tags?post=3324"}],"curies":[{"name":"wp","href":"https:\/\/api.w.org\/{rel}","templated":true}]}}