{"id":333,"date":"2017-04-20T19:31:00","date_gmt":"2017-04-20T19:31:00","guid":{"rendered":"http:\/\/focas.uniso.br\/index.php\/2017\/04\/20\/desafios-e-prazeres-da-leitura\/"},"modified":"2017-04-20T19:31:00","modified_gmt":"2017-04-20T19:31:00","slug":"desafios-e-prazeres-da-leitura","status":"publish","type":"post","link":"https:\/\/focas.uniso.br\/index.php\/2017\/04\/20\/desafios-e-prazeres-da-leitura\/","title":{"rendered":"Desafios e prazeres da leitura"},"content":{"rendered":"<div style=\"text-align: justify;\"><\/div>\n<div style=\"clear: both; text-align: center;\"><\/div>\n<div style=\"clear: both; text-align: center;\"><a href=\"https:\/\/3.bp.blogspot.com\/-7pWZT_X60eA\/WPkF0wK5asI\/AAAAAAAAF6s\/3zOf6pWkQcgHkxBz9h70crKujRRY3M17wCLcB\/s1600\/WhatsApp%2BImage%2B2017-04-20%2Bat%2B3.54.13%2BPM.jpeg\" style=\"margin-left: 1em; margin-right: 1em;\"><img loading=\"lazy\" decoding=\"async\" border=\"0\" height=\"277\" src=\"https:\/\/3.bp.blogspot.com\/-7pWZT_X60eA\/WPkF0wK5asI\/AAAAAAAAF6s\/3zOf6pWkQcgHkxBz9h70crKujRRY3M17wCLcB\/s320\/WhatsApp%2BImage%2B2017-04-20%2Bat%2B3.54.13%2BPM.jpeg\" width=\"320\" \/><\/a><\/div>\n<div style=\"text-align: justify;\">No Brasil, o n\u00famero de leitores subiu 6 pontos percentuais entre 2011 e 2015, mas, apesar desse crescimento, o n\u00famero de brasileiros que n\u00e3o possuem o h\u00e1bito de leitura passa dos 40% da popula\u00e7\u00e3o, segundo o Instituto Pr\u00f3-Livro.&nbsp;<\/div>\n<div style=\"text-align: justify;\">A pesquisa mostrou tamb\u00e9m que o brasileiro l\u00ea apenas 4,96 livros por ano. Trinta por cento dos entrevistados nunca compraram e 67% n\u00e3o tiveram uma pessoa que os incentivasse a ler no decorrer da vida, dado que possivelmente explica a falta do h\u00e1bito da leitura.<\/div>\n<div style=\"text-align: justify;\">Comemorado em 18 de abril, o Dia Nacional da Literatura Infantil marca o nascimento do escritor brasileiro Monteiro Lobato, precursor da literatura infantil no pa\u00eds. Em busca de informa\u00e7\u00f5es sobre a forma\u00e7\u00e3o dos leitores, o Focas na Rede foi conversar com alguns alunos e professores da Universidade de Sorocaba para saber quais s\u00e3o seus h\u00e1bitos quando o assunto \u00e9 leitura.&nbsp;<\/div>\n<div style=\"text-align: justify;\">Alguns alunos s\u00e3o fascinados por livros de sua \u00e1rea, como o mestrando em Comunica\u00e7\u00e3o e Cultura, Andr\u00e9 Lu\u00eds. Leitor ass\u00edduo desde a inf\u00e2ncia, agora tem o costume de ler de dois a tr\u00eas livros na semana. Seu \u00faltimo livro foi o volume 5 Peirce Collected Papers. Assim como Lu\u00eds, a aluna de Publicidade e Propaganda, Milena Moura, desde crian\u00e7a gosta de ler sobre tudo. Seu \u00faltimo livro foi A casa do penhasco, de Agatha Christie, uma de suas autoras preferidas.&nbsp;<\/div>\n<table cellpadding=\"0\" cellspacing=\"0\" style=\"float: left; margin-right: 1em; text-align: left;\">\n<tbody>\n<tr>\n<td style=\"text-align: center;\"><a href=\"https:\/\/4.bp.blogspot.com\/-Q9wIQeFtU48\/WPkGdOAmb-I\/AAAAAAAAF60\/msyPfi3eNx8WlEd23RiILCqiYa8vRUSLQCLcB\/s1600\/WhatsApp%2BImage%2B2017-04-20%2Bat%2B3.54.28%2BPM.jpeg\" style=\"clear: left; margin-bottom: 1em; margin-left: auto; margin-right: auto;\"><img loading=\"lazy\" decoding=\"async\" border=\"0\" height=\"272\" src=\"https:\/\/4.bp.blogspot.com\/-Q9wIQeFtU48\/WPkGdOAmb-I\/AAAAAAAAF60\/msyPfi3eNx8WlEd23RiILCqiYa8vRUSLQCLcB\/s320\/WhatsApp%2BImage%2B2017-04-20%2Bat%2B3.54.28%2BPM.jpeg\" width=\"320\" \/><\/a><\/td>\n<\/tr>\n<tr>\n<td style=\"text-align: left;\">&nbsp;Pedagoga Maria Maia da Cruz Clarke<\/td>\n<\/tr>\n<\/tbody>\n<\/table>\n<div style=\"text-align: justify;\"><\/div>\n<div style=\"text-align: justify;\">Inf\u00e2ncia<\/div>\n<div style=\"text-align: justify;\">A estudante de Jornalismo, Maria Maia da Cruz Clarke, graduada em Pedagogia e formada em Radialismo e Locu\u00e7\u00e3o, atualmente trabalha com crian\u00e7as e acha de extrema import\u00e2ncia o incentivo \u00e0 leitura na inf\u00e2ncia. A pedagoga procura apresentar obras de autoras como Ana Maria Machado, Eva Furnari, que trabalha com alguns livros de imagens, e Ingrid Biesemeyer Bellinghausen, autora da cole\u00e7\u00e3o \u201cO Mundinho\u201d, que aborda v\u00e1rios assuntos em uma linguagem acess\u00edvel \u00e0s crian\u00e7as. Clarke diz que a falta de leitura est\u00e1 muito ligada \u00e0 falta de tempo dos pais. Descobrir que tipo de leitura interessa aos pequenos tamb\u00e9m \u00e9 uma boa maneira de incentiv\u00e1-los a ler, segundo Clarke, pois, al\u00e9m de livros, podem ser oferecidos gibis e revistas.<\/div>\n<div style=\"text-align: justify;\">Para ela, medidas como essas ajudariam no combate ao baixo \u00edndice de leitores. Por isso, ela procura sempre fazer com que seus alunos levem livros para casa nos finais de semana, com o intuito de criar o h\u00e1bito de lerem com seus pais.<\/div>\n<table cellpadding=\"0\" cellspacing=\"0\" style=\"float: right; margin-left: 1em; text-align: justify;\">\n<tbody>\n<tr>\n<td style=\"text-align: center;\"><a href=\"https:\/\/4.bp.blogspot.com\/-u8DAYL3Q_z4\/WPkGCjJ6xWI\/AAAAAAAAF6w\/zRjbaTV4NswPzJaUVeJrq7Ap33Brds0WgCLcB\/s1600\/WhatsApp%2BImage%2B2017-04-20%2Bat%2B3.54.07%2BPM.jpeg\" style=\"clear: right; margin-bottom: 1em; margin-left: auto; margin-right: auto;\"><img loading=\"lazy\" decoding=\"async\" border=\"0\" height=\"400\" src=\"https:\/\/4.bp.blogspot.com\/-u8DAYL3Q_z4\/WPkGCjJ6xWI\/AAAAAAAAF6w\/zRjbaTV4NswPzJaUVeJrq7Ap33Brds0WgCLcB\/s400\/WhatsApp%2BImage%2B2017-04-20%2Bat%2B3.54.07%2BPM.jpeg\" width=\"263\" \/><\/a><\/td>\n<\/tr>\n<tr>\n<td style=\"text-align: left;\">&nbsp;Professora do curso de Portugu\u00eas, Paula Valelongo<\/td>\n<\/tr>\n<\/tbody>\n<\/table>\n<div style=\"text-align: justify;\">Para a professora da Universidade de Sorocaba, Paula Valelongo, graduada em Letras e mestra em Educa\u00e7\u00e3o, o problema n\u00e3o a falta de leitura, pois, com a internet, esse processo fico muito mais din\u00e2mico, mas sim o conte\u00fado.<\/div>\n<div style=\"text-align: justify;\">&nbsp;Segundo Valelongo, os livros v\u00eam perdendo lugar para atividades como assistir televis\u00e3o e jogar videogame, e a leitura acaba sendo vista como uma obriga\u00e7\u00e3o, e n\u00e3o como prazer. Uma sa\u00edda, de acordo com a professora, seria a mudan\u00e7a dessa vis\u00e3o, &nbsp;a partir da leitura de pequenos livros ou e-books, com assuntos de interesse do leitor.<\/div>\n<div style=\"text-align: justify;\"><\/div>\n<div style=\"text-align: justify;\">Projeto<\/div>\n<div style=\"text-align: justify;\"><\/div>\n<div style=\"text-align: justify;\">Na Uniso, muitos entrevistados n\u00e3o s\u00f3 apenas leitores, como possuem projetos relacionados a livros.<\/div>\n<div style=\"text-align: justify;\">A aluna de Biomedicina, Isabella Kurokawa Sanches, come\u00e7ou pelos gibis e atualmente l\u00ea os mais diversos g\u00eaneros.<\/div>\n<div style=\"text-align: justify;\">A estudante possui um projeto que nasceu da sua paix\u00e3o pela leitura, iniciado como Instagram liter\u00e1rio, onde compartilhava suas opini\u00f5es sobre livros. O projeto cresceu e agora est\u00e1 presente em outras redes sociais. Com mais de 11.300 seguidores) no Instagram (@umlivroaposooutro), Sanches posta fotos de livros, recomendando-os, e faz resenhas, trabalho similar ao realizado em seu canal no Youtube (Um Livro ap\u00f3s o outro). Nessa plataforma, procura sempre fazer parcerias com outras youtubers. Ela j\u00e1 organizou um encontro na cidade de Sorocaba com a participa\u00e7\u00e3o de outras instagramers, e disse que tem planos de organizar outros encontros e um clube de leitura.<\/div>\n<table align=\"center\" cellpadding=\"0\" cellspacing=\"0\" style=\"margin-left: auto; margin-right: auto; text-align: center;\">\n<tbody>\n<tr>\n<td style=\"text-align: center;\"><a href=\"https:\/\/1.bp.blogspot.com\/-Bao3t7ZYcsA\/WPkGtCEG9GI\/AAAAAAAAF64\/gFBkVfkibsAPJpo4COAzRFQwAQgxlNtHwCLcB\/s1600\/WhatsApp%2BImage%2B2017-04-20%2Bat%2B3.54.20%2BPM.jpeg\" style=\"margin-left: auto; margin-right: auto;\"><img loading=\"lazy\" decoding=\"async\" border=\"0\" height=\"317\" src=\"https:\/\/1.bp.blogspot.com\/-Bao3t7ZYcsA\/WPkGtCEG9GI\/AAAAAAAAF64\/gFBkVfkibsAPJpo4COAzRFQwAQgxlNtHwCLcB\/s320\/WhatsApp%2BImage%2B2017-04-20%2Bat%2B3.54.20%2BPM.jpeg\" width=\"320\" \/><\/a><\/td>\n<\/tr>\n<tr>\n<td style=\"text-align: left;\">&nbsp;Aluna do curso de Biomedicina Isabella Kurokawa<\/td>\n<\/tr>\n<\/tbody>\n<\/table>\n<div style=\"text-align: justify;\"><\/div>\n<div style=\"text-align: justify;\"><\/div>\n<div style=\"text-align: justify;\"><i style=\"background-color: white; color: #444444; font-family: Arial, Helvetica, sans-serif; font-size: 13px; text-align: left;\">Texto: Eduardo LIra e Vivian Piloto\/Ag\u00eanciaJor&nbsp;<\/i><\/div>\n<div style=\"text-align: justify;\"><i>Fotos:&nbsp;<span style=\"background-color: white; color: #444444; font-family: Arial, Helvetica, sans-serif; font-size: 13px; text-align: left;\">Eduardo Lira e Vivian Piloto\/Ag\u00eanciaJor \/\/<\/span><span style=\"background-color: white; color: #444444; font-family: Arial, Helvetica, sans-serif; font-size: 13px; text-align: left;\">&nbsp;site <\/span>autofalanteuniso.com<\/i><\/div>\n<div style=\"text-align: justify;\"><\/div>\n","protected":false},"excerpt":{"rendered":"<p>No Brasil, o n\u00famero de leitores subiu 6 pontos percentuais entre 2011 e 2015, mas, apesar desse crescimento, o n\u00famero<\/p>\n","protected":false},"author":1,"featured_media":0,"comment_status":"open","ping_status":"open","sticky":false,"template":"","format":"standard","meta":{"colormag_page_container_layout":"default_layout","colormag_page_sidebar_layout":"default_layout","footnotes":""},"categories":[1],"tags":[],"class_list":["post-333","post","type-post","status-publish","format-standard","hentry","category-uncategorized"],"featured_image_urls":{"full":"","thumbnail":"","medium":"","medium_large":"","large":"","1536x1536":"","2048x2048":"","colormag-highlighted-post":"","colormag-featured-post-medium":"","colormag-featured-post-small":"","colormag-featured-image":"","colormag-default-news":"","colormag-featured-image-large":""},"author_info":{"info":["focas"]},"category_info":"<a href=\"https:\/\/focas.uniso.br\/index.php\/category\/uncategorized\/\" rel=\"category tag\">Uncategorized<\/a>","tag_info":"Uncategorized","comment_count":"0","_links":{"self":[{"href":"https:\/\/focas.uniso.br\/index.php\/wp-json\/wp\/v2\/posts\/333","targetHints":{"allow":["GET"]}}],"collection":[{"href":"https:\/\/focas.uniso.br\/index.php\/wp-json\/wp\/v2\/posts"}],"about":[{"href":"https:\/\/focas.uniso.br\/index.php\/wp-json\/wp\/v2\/types\/post"}],"author":[{"embeddable":true,"href":"https:\/\/focas.uniso.br\/index.php\/wp-json\/wp\/v2\/users\/1"}],"replies":[{"embeddable":true,"href":"https:\/\/focas.uniso.br\/index.php\/wp-json\/wp\/v2\/comments?post=333"}],"version-history":[{"count":0,"href":"https:\/\/focas.uniso.br\/index.php\/wp-json\/wp\/v2\/posts\/333\/revisions"}],"wp:attachment":[{"href":"https:\/\/focas.uniso.br\/index.php\/wp-json\/wp\/v2\/media?parent=333"}],"wp:term":[{"taxonomy":"category","embeddable":true,"href":"https:\/\/focas.uniso.br\/index.php\/wp-json\/wp\/v2\/categories?post=333"},{"taxonomy":"post_tag","embeddable":true,"href":"https:\/\/focas.uniso.br\/index.php\/wp-json\/wp\/v2\/tags?post=333"}],"curies":[{"name":"wp","href":"https:\/\/api.w.org\/{rel}","templated":true}]}}