{"id":334,"date":"2017-04-19T22:04:00","date_gmt":"2017-04-19T22:04:00","guid":{"rendered":"http:\/\/focas.uniso.br\/index.php\/2017\/04\/19\/universidade-de-sorocaba-recebe-a-jornalista-denize-bacoccina\/"},"modified":"2017-04-19T22:04:00","modified_gmt":"2017-04-19T22:04:00","slug":"universidade-de-sorocaba-recebe-a-jornalista-denize-bacoccina","status":"publish","type":"post","link":"https:\/\/focas.uniso.br\/index.php\/2017\/04\/19\/universidade-de-sorocaba-recebe-a-jornalista-denize-bacoccina\/","title":{"rendered":"Universidade de Sorocaba recebe a jornalista Denize Bacoccina"},"content":{"rendered":"<div style=\"clear: both; text-align: center;\"><a href=\"https:\/\/2.bp.blogspot.com\/-2OoCmToczpY\/WPfdp4jw15I\/AAAAAAAAF6M\/zj3PCFc7874_55nfWAuQ3B8iDcuvIWZ8gCLcB\/s1600\/denize.jpg\" style=\"margin-left: 1em; margin-right: 1em;\"><img loading=\"lazy\" decoding=\"async\" border=\"0\" height=\"320\" src=\"https:\/\/2.bp.blogspot.com\/-2OoCmToczpY\/WPfdp4jw15I\/AAAAAAAAF6M\/zj3PCFc7874_55nfWAuQ3B8iDcuvIWZ8gCLcB\/s320\/denize.jpg\" width=\"320\" \/><\/a><\/div>\n<div style=\"text-align: justify;\">Alunos do curso de Jornalismo da Uniso receber\u00e3o a jornalista Denize Bacoccina. A palestra acontecer\u00e1 nesta ter\u00e7a-feira (25), \u00e0s 19h30, no Audit\u00f3rio C da Cidade Universit\u00e1ria.<\/div>\n<div style=\"text-align: justify;\"><\/div>\n<div style=\"text-align: justify;\">Denize Bacoccina \u00e9 jornalista formada pela PUC de Campinas, com especializa\u00e7\u00e3o em Rela\u00e7\u00f5es Internacionais pela Universidade de Bras\u00edlia, possui quase 30 anos de carreira e passagens por importantes ve\u00edculos de imprensa nacionais e larga experi\u00eancia internacional.<\/div>\n<div style=\"text-align: justify;\"><\/div>\n<div style=\"text-align: justify;\">Participou de cobertura eventos em todos os continentes, de elei\u00e7\u00f5es e posses presidenciais a encontros de c\u00fapula e reportagens especiais sobre imigra\u00e7\u00e3o. Foi chefe da sucursal da Isto \u00c9 Dinheiro em Bras\u00edlia e superintendente executiva do Conte\u00fado Digital da EBC.<\/div>\n","protected":false},"excerpt":{"rendered":"<p>Alunos do curso de Jornalismo da Uniso receber\u00e3o a jornalista Denize Bacoccina. A palestra acontecer\u00e1 nesta ter\u00e7a-feira (25), \u00e0s 19h30,<\/p>\n","protected":false},"author":1,"featured_media":0,"comment_status":"open","ping_status":"open","sticky":false,"template":"","format":"standard","meta":{"colormag_page_container_layout":"default_layout","colormag_page_sidebar_layout":"default_layout","footnotes":""},"categories":[1],"tags":[],"class_list":["post-334","post","type-post","status-publish","format-standard","hentry","category-uncategorized"],"featured_image_urls":{"full":"","thumbnail":"","medium":"","medium_large":"","large":"","1536x1536":"","2048x2048":"","colormag-highlighted-post":"","colormag-featured-post-medium":"","colormag-featured-post-small":"","colormag-featured-image":"","colormag-default-news":"","colormag-featured-image-large":""},"author_info":{"info":["focas"]},"category_info":"<a href=\"https:\/\/focas.uniso.br\/index.php\/category\/uncategorized\/\" rel=\"category tag\">Uncategorized<\/a>","tag_info":"Uncategorized","comment_count":"0","_links":{"self":[{"href":"https:\/\/focas.uniso.br\/index.php\/wp-json\/wp\/v2\/posts\/334","targetHints":{"allow":["GET"]}}],"collection":[{"href":"https:\/\/focas.uniso.br\/index.php\/wp-json\/wp\/v2\/posts"}],"about":[{"href":"https:\/\/focas.uniso.br\/index.php\/wp-json\/wp\/v2\/types\/post"}],"author":[{"embeddable":true,"href":"https:\/\/focas.uniso.br\/index.php\/wp-json\/wp\/v2\/users\/1"}],"replies":[{"embeddable":true,"href":"https:\/\/focas.uniso.br\/index.php\/wp-json\/wp\/v2\/comments?post=334"}],"version-history":[{"count":0,"href":"https:\/\/focas.uniso.br\/index.php\/wp-json\/wp\/v2\/posts\/334\/revisions"}],"wp:attachment":[{"href":"https:\/\/focas.uniso.br\/index.php\/wp-json\/wp\/v2\/media?parent=334"}],"wp:term":[{"taxonomy":"category","embeddable":true,"href":"https:\/\/focas.uniso.br\/index.php\/wp-json\/wp\/v2\/categories?post=334"},{"taxonomy":"post_tag","embeddable":true,"href":"https:\/\/focas.uniso.br\/index.php\/wp-json\/wp\/v2\/tags?post=334"}],"curies":[{"name":"wp","href":"https:\/\/api.w.org\/{rel}","templated":true}]}}