{"id":335,"date":"2017-04-19T20:50:00","date_gmt":"2017-04-19T20:50:00","guid":{"rendered":"http:\/\/focas.uniso.br\/index.php\/2017\/04\/19\/alunos-do-curso-de-relacoes-publicas-da-uniso-promove-evento-no-lar-sao-vicente-de-paulo\/"},"modified":"2017-04-19T20:50:00","modified_gmt":"2017-04-19T20:50:00","slug":"alunos-do-curso-de-relacoes-publicas-da-uniso-promove-evento-no-lar-sao-vicente-de-paulo","status":"publish","type":"post","link":"https:\/\/focas.uniso.br\/index.php\/2017\/04\/19\/alunos-do-curso-de-relacoes-publicas-da-uniso-promove-evento-no-lar-sao-vicente-de-paulo\/","title":{"rendered":"Alunos do curso de Rela\u00e7\u00f5es P\u00fablicas da Uniso promove evento no Lar S\u00e3o Vicente de Paulo"},"content":{"rendered":"<div style=\"clear: both; text-align: center;\"><a href=\"https:\/\/2.bp.blogspot.com\/-mku60IkwJfI\/WPfJnPZJuOI\/AAAAAAAAF5g\/bzE05KO-MSMMuQNCZKJvsO6CgEMtXWfrwCLcB\/s1600\/Alunos%2Bdo%2Bterceiro%2Bsemestre%2Bde%2BRela%25C3%25A7%25C3%25B5es%2BP%25C3%25BAblicas_Foto-%2BP%25C3%25A2mela%2BRamos.jpg\" style=\"margin-left: 1em; margin-right: 1em;\"><img loading=\"lazy\" decoding=\"async\" border=\"0\" height=\"265\" src=\"https:\/\/2.bp.blogspot.com\/-mku60IkwJfI\/WPfJnPZJuOI\/AAAAAAAAF5g\/bzE05KO-MSMMuQNCZKJvsO6CgEMtXWfrwCLcB\/s400\/Alunos%2Bdo%2Bterceiro%2Bsemestre%2Bde%2BRela%25C3%25A7%25C3%25B5es%2BP%25C3%25BAblicas_Foto-%2BP%25C3%25A2mela%2BRamos.jpg\" width=\"400\" \/><\/a><\/div>\n<div style=\"text-align: justify;\">Os alunos do terceiro semestre de Rela\u00e7\u00f5es P\u00fablicas realizaram o evento \u201cRP em a\u00e7\u00e3o- 10 anos\u201d. A comemora\u00e7\u00e3o aconteceu dia 9 de abril, das 14h \u00e0s 17h, no Lar S\u00e3o Vicente de Paulo, em Sorocaba.<\/div>\n<div style=\"text-align: justify;\">A primeira edi\u00e7\u00e3o do evento, como parte do \u201ctrote solid\u00e1rio\u201d, tamb\u00e9m ocorreu no Lar S\u00e3o Vicente de Paulo h\u00e1 dez anos, partindo da\u00ed a escolha da mesma institui\u00e7\u00e3o para comemorar a a\u00e7\u00e3o.<br \/>Os idosos que l\u00e1 residem foram contemplados com um caf\u00e9 da tarde, bingo, m\u00fasica ao vivo com Gustavo Peres, da banda Los Tikanos, e um cantinho de beleza onde havia cabelereiros, esteticista e manicures, que se disponibilizaram como volunt\u00e1rios e ofereceram um dia de cuidados especiais para eles. &nbsp;Houve tamb\u00e9m arrecada\u00e7\u00f5es de fraldas e alimentos.<\/div>\n<div style=\"text-align: justify;\">O professor de Rela\u00e7\u00f5es P\u00fablicas F\u00e1bio Mascarenhas, que esteve na primeira edi\u00e7\u00e3o realizada, explica a import\u00e2ncia de os alunos poderem produzir um evento como esse. \u201cOs estudantes puderam por em pr\u00e1tica a organiza\u00e7\u00e3o de eventos, arrecada\u00e7\u00e3o, e montar um planejamento, ter responsabilidades e distribui-las, porque \u00e9 muito prov\u00e1vel que eles v\u00e3o enfrentar isso em sua rotina di\u00e1ria do mercado de trabalho. E isso \u00e9 uma pr\u00e1tica social permeada por aquilo que tem de mais bonito no ser humano, que \u00e9 voc\u00ea poder transmitir carinho, amor, e nada melhor do que uma institui\u00e7\u00e3o como essa, um asilo que abriga em torno de 100 idosos.\u201d<\/div>\n<table cellpadding=\"0\" cellspacing=\"0\" style=\"float: right; margin-left: 1em; text-align: right;\">\n<tbody>\n<tr>\n<td style=\"text-align: center;\"><a href=\"https:\/\/1.bp.blogspot.com\/-X7ckp07sy8k\/WPfKX9Gv2yI\/AAAAAAAAF5o\/gtKQCN4AGYMgWnpLLE7P6b-kyvha9e-2wCLcB\/s1600\/DSC_0127.JPG\" style=\"clear: right; margin-bottom: 1em; margin-left: auto; margin-right: auto;\"><img loading=\"lazy\" decoding=\"async\" border=\"0\" height=\"212\" src=\"https:\/\/1.bp.blogspot.com\/-X7ckp07sy8k\/WPfKX9Gv2yI\/AAAAAAAAF5o\/gtKQCN4AGYMgWnpLLE7P6b-kyvha9e-2wCLcB\/s320\/DSC_0127.JPG\" width=\"320\" \/><\/a><\/td>\n<\/tr>\n<tr>\n<td style=\"text-align: left;\">&nbsp;Mesa do caf\u00e9 da tarde oferecido pelos alunos<\/td>\n<\/tr>\n<\/tbody>\n<\/table>\n<div style=\"text-align: justify;\">Os alunos do curso se mostraram satisfeitos com o resultado e isso pode alimentar ainda mais a admira\u00e7\u00e3o pela profiss\u00e3o escolhida, conforme explica Renan Machado, 19, estudante de Rela\u00e7\u00f5es P\u00fablicas. \u201c\u00c9 bom porque a gente pode usar as t\u00e9cnicas que aprende na faculdade, isso tudo vai me ajudar no futuro. Vou ter uma base para produzir de uma maneira que d\u00ea certo. Como cidad\u00e3o, me sinto parte de Sorocaba, na verdade sou de Ribeir\u00e3o branco, mas participando do evento \u00e9 como se eu fosse daqui. Vejo essas pessoas com um sorriso no rosto e \u00e9 muito gratificante\u201d.<\/div>\n<div style=\"text-align: justify;\">Trabalho em equipe e uni\u00e3o foram essenciais para o sucesso do evento. Gabriel Luvizotto, 19, estudante de Rela\u00e7\u00f5es P\u00fablicas, fala de como a experi\u00eancia o afetou. \u201c A satisfa\u00e7\u00e3o \u00e9 muito grande, porque estamos come\u00e7ando, e j\u00e1 fazer esse projeto com idosos gera para n\u00f3s o sentimento de gratid\u00e3o\u201d.<\/div>\n<table cellpadding=\"0\" cellspacing=\"0\" style=\"float: left; margin-right: 1em; text-align: left;\">\n<tbody>\n<tr>\n<td style=\"text-align: center;\"><a href=\"https:\/\/4.bp.blogspot.com\/-L9z8KtmsccQ\/WPfLUGQXRnI\/AAAAAAAAF5w\/bfGI6AdxtuQm-SOdSQOcGDcb8j8TuuLAwCLcB\/s1600\/DSC_0209.JPG\" style=\"clear: left; margin-bottom: 1em; margin-left: auto; margin-right: auto;\"><img loading=\"lazy\" decoding=\"async\" border=\"0\" height=\"212\" src=\"https:\/\/4.bp.blogspot.com\/-L9z8KtmsccQ\/WPfLUGQXRnI\/AAAAAAAAF5w\/bfGI6AdxtuQm-SOdSQOcGDcb8j8TuuLAwCLcB\/s320\/DSC_0209.JPG\" width=\"320\" \/><\/a><\/td>\n<\/tr>\n<tr>\n<td style=\"text-align: left;\">&nbsp;Moradoras do Lar S\u00e3o Vicente de Paulo<\/td>\n<\/tr>\n<\/tbody>\n<\/table>\n<div style=\"text-align: justify;\">A esteticista Joceline Soares da Silva e o barbeiro Douglas dos Santos, da WM Vintage Club, se dispuseram a prestar servi\u00e7os como volunt\u00e1rios. Joceline comenta a import\u00e2ncia de promoverem projetos como esse entre os estudantes para a comunidade. \u201cAcho que toda faculdade deveria fazer mais eventos assim, para os alunos ficarem mais perto deles. Muitos foram abandonados pela fam\u00edlia e ficam esperando os filhos visitar, ent\u00e3o, n\u00f3s viemos para ver se eles ficam alegres e se distraem\u201d.<\/div>\n<div style=\"text-align: justify;\">Douglas dos Santos conta que \u00e9 a primeira vez que participa de um trabalho como esse e relata que ficou muito contente. \u201cTodo mundo gosta de cuidados e n\u00e3o custa nada doar tempo para pessoas que nem sempre tem acesso a esse tipo de servi\u00e7o\u201d. E comentou a respeito do trabalho dos alunos no evento. \u201cTem que ter pessoas com mais vontade assim como eles, acredito que assim o mundo iria melhorar\u201d, finaliza Douglas.<\/div>\n<div style=\"text-align: justify;\">Os idosos puderam contar hist\u00f3rias e suas viv\u00eancias aos mais jovens. &nbsp;Jos\u00e9 Sales do Amaral, 71, que mora h\u00e1 um ano e tr\u00eas meses no asilo, ganhou tr\u00eas vezes o jogo do bingo e conta como foi participar do evento. \u201c\u00c9 um divertimento para n\u00f3s, tem m\u00fasica boa para a gente se distrair. N\u00f3s ficamos muito felizes\u201d.<\/div>\n<div style=\"text-align: justify;\">Maria Benedita Arruda Silva, 72, vive h\u00e1 dois anos no asilo, para ela, essa a\u00e7\u00e3o possibilita conversar com mais pessoas. \u201cEu acho que os jovens deveriam vir sempre, n\u00f3s, velhos, gostamos deles\u201d.<\/div>\n<div style=\"text-align: justify;\">\u201cEm rela\u00e7\u00e3o ao dia de hoje, o que fala mais alto \u00e9 voc\u00ea parar para pensar um pouco no outro. Eu acho muito simples a gente doar dinheiro, comprar rifas e outras coisas, mas quando voc\u00ea doa o tempo, esse tempo tem um valor maior\u201d, conclui Fabio Mascarenhas.<\/div>\n<table cellpadding=\"0\" cellspacing=\"0\" style=\"margin-left: auto; margin-right: auto; text-align: center;\">\n<tbody>\n<tr>\n<td style=\"text-align: center;\"><a href=\"https:\/\/2.bp.blogspot.com\/-T_cfSkzUcDU\/WPfMoaMZj2I\/AAAAAAAAF58\/QZdC7QE98L4zEmvmI7iq_hlFMzPXMbrFQCLcB\/s1600\/Maria%2BBenedita%2BArruda%2BSilva%25252c%2Bconversando%2Bcom%2Bestudante.%2BFoto-%2BP%25C3%25A2mela%2BRamos.jpg\" style=\"margin-left: auto; margin-right: auto;\"><img loading=\"lazy\" decoding=\"async\" border=\"0\" height=\"212\" src=\"https:\/\/2.bp.blogspot.com\/-T_cfSkzUcDU\/WPfMoaMZj2I\/AAAAAAAAF58\/QZdC7QE98L4zEmvmI7iq_hlFMzPXMbrFQCLcB\/s320\/Maria%2BBenedita%2BArruda%2BSilva%25252c%2Bconversando%2Bcom%2Bestudante.%2BFoto-%2BP%25C3%25A2mela%2BRamos.jpg\" width=\"320\" \/><\/a><\/td>\n<\/tr>\n<tr>\n<td style=\"text-align: left;\">&nbsp;Maria Benedita Arruda, moradora do asilo<\/td>\n<\/tr>\n<\/tbody>\n<\/table>\n<p>Texto: P\u00e2mela Ramos\/Ag\u00eanciaJor<\/p>\n<div>Fotos: Estudantes de Jornalismo\/Ag\u00eanciaJor<\/p>\n<div style=\"text-align: justify;\"><\/div>\n<div style=\"clear: both; text-align: center;\"><\/div>\n<p><\/p>\n<div style=\"clear: both; text-align: center;\"><\/div>\n<p><\/div>\n","protected":false},"excerpt":{"rendered":"<p>Os alunos do terceiro semestre de Rela\u00e7\u00f5es P\u00fablicas realizaram o evento \u201cRP em a\u00e7\u00e3o- 10 anos\u201d. A comemora\u00e7\u00e3o aconteceu dia<\/p>\n","protected":false},"author":1,"featured_media":0,"comment_status":"open","ping_status":"open","sticky":false,"template":"","format":"standard","meta":{"colormag_page_container_layout":"default_layout","colormag_page_sidebar_layout":"default_layout","footnotes":""},"categories":[1],"tags":[],"class_list":["post-335","post","type-post","status-publish","format-standard","hentry","category-uncategorized"],"featured_image_urls":{"full":"","thumbnail":"","medium":"","medium_large":"","large":"","1536x1536":"","2048x2048":"","colormag-highlighted-post":"","colormag-featured-post-medium":"","colormag-featured-post-small":"","colormag-featured-image":"","colormag-default-news":"","colormag-featured-image-large":""},"author_info":{"info":["focas"]},"category_info":"<a href=\"https:\/\/focas.uniso.br\/index.php\/category\/uncategorized\/\" rel=\"category tag\">Uncategorized<\/a>","tag_info":"Uncategorized","comment_count":"0","_links":{"self":[{"href":"https:\/\/focas.uniso.br\/index.php\/wp-json\/wp\/v2\/posts\/335","targetHints":{"allow":["GET"]}}],"collection":[{"href":"https:\/\/focas.uniso.br\/index.php\/wp-json\/wp\/v2\/posts"}],"about":[{"href":"https:\/\/focas.uniso.br\/index.php\/wp-json\/wp\/v2\/types\/post"}],"author":[{"embeddable":true,"href":"https:\/\/focas.uniso.br\/index.php\/wp-json\/wp\/v2\/users\/1"}],"replies":[{"embeddable":true,"href":"https:\/\/focas.uniso.br\/index.php\/wp-json\/wp\/v2\/comments?post=335"}],"version-history":[{"count":0,"href":"https:\/\/focas.uniso.br\/index.php\/wp-json\/wp\/v2\/posts\/335\/revisions"}],"wp:attachment":[{"href":"https:\/\/focas.uniso.br\/index.php\/wp-json\/wp\/v2\/media?parent=335"}],"wp:term":[{"taxonomy":"category","embeddable":true,"href":"https:\/\/focas.uniso.br\/index.php\/wp-json\/wp\/v2\/categories?post=335"},{"taxonomy":"post_tag","embeddable":true,"href":"https:\/\/focas.uniso.br\/index.php\/wp-json\/wp\/v2\/tags?post=335"}],"curies":[{"name":"wp","href":"https:\/\/api.w.org\/{rel}","templated":true}]}}