{"id":3359,"date":"2025-05-28T12:32:45","date_gmt":"2025-05-28T15:32:45","guid":{"rendered":"https:\/\/focas.uniso.br\/?p=3359"},"modified":"2025-05-28T12:32:45","modified_gmt":"2025-05-28T15:32:45","slug":"feira-do-hip-hop-transforma-sorocaba-em-palco-de-resistencia-cultura-e-pertencimento","status":"publish","type":"post","link":"https:\/\/focas.uniso.br\/index.php\/2025\/05\/28\/feira-do-hip-hop-transforma-sorocaba-em-palco-de-resistencia-cultura-e-pertencimento\/","title":{"rendered":"Feira do Hip-Hop transforma Sorocaba em palco de resist\u00eancia, cultura e pertencimento"},"content":{"rendered":"\n<p>Por Ra\u00edssa Rosendo Mio e Let\u00edcia Am\u00e9rico Camargo (Ag\u00eancia Focas \u2013 Jornalismo Uniso)<\/p>\n\n\n\n<p>A 5\u00aa edi\u00e7\u00e3o da Feira do Hip-Hop transformou a Pra\u00e7a Frei Bara\u00fana, no \u00faltimo dia 18 de maio, em Sorocaba, em um palco vibrante de arte, m\u00fasica, moda e gastronomia. Organizado de forma independente por Renan Sander Pereira, de 27 anos, idealizador tamb\u00e9m do projeto \u201cO Som Nunca Acaba\u201d e da \u201cBatalha do Som\u201d, ao lado de Ueverton Rodrigues, o Dido, de 23 anos, cofundador e apresentador oficial, o evento reafirmou sua for\u00e7a como um marco de resist\u00eancia e celebra\u00e7\u00e3o da cultura negra.<\/p>\n\n\n\n<p>Das 13h \u00e0s 21h30, a pra\u00e7a foi tomada por expositores, artistas e p\u00fablico em uma experi\u00eancia que foi al\u00e9m do entretenimento, tornando-se um manifesto cultural. Com apoio pontual de marcas como RedBull e Agenda Sorocaba, mas sem contar com aux\u00edlio direto do poder p\u00fablico, a feira mostrou que a coletividade e a criatividade poderiam criar espa\u00e7os seguros e transformadores. \u201cO estudo, a busca, a leitura, isso \u00e9 hip-hop tamb\u00e9m\u201d, pontuou Sander, refor\u00e7ando o compromisso do evento com o conhecimento e a autovaloriza\u00e7\u00e3o.<\/p>\n\n\n\n<p>Entre os destaques, o desfile de moda trouxe a contracultura como tema. Modelos ocuparam a pra\u00e7a com roupas e estilos que resgatavam autoestima e ancestralidade, desafiando os padr\u00f5es est\u00e9ticos impostos. Hilary Cristina de Souza Amaral, de 20 anos, seguran\u00e7a do Tauste e modelo pelo terceiro ano, destacou como o evento era um espa\u00e7o para se expressar, trazendo seu cabelo e estilo com inspira\u00e7\u00e3o na rapper Negra Li e nas cal\u00e7as boca de sino dos anos 70. \u201cA gente \u00e9 a moda, a resist\u00eancia e a cor\u201d, disse.<\/p>\n\n\n\n<p>No campo da m\u00fasica, a batalha de rimas e as apresenta\u00e7\u00f5es locais trouxeram nomes como KAOS, rapper e estudante de 16 anos, que apresentou uma vis\u00e3o de pertencimento no mundo da rima e da batalha, podendo dar voz a pautas importantes como a cultura preta e abrir espa\u00e7o para o debate por meio das rimas. Gaza e DJ R-JAY tamb\u00e9m marcaram presen\u00e7a. Para Matheus Viana, o Matheus Maxxt, de 22 anos, artista independente e curador das atra\u00e7\u00f5es, a feira fortalecia a cena e conectava pessoas. \u201cSe sentir pertencente, parte de alguma coisa, \u00e9 uma das paradas mais importantes enquanto ser humano\u201d, afirmou.<\/p>\n\n\n\n<p>A pluralidade do evento tamb\u00e9m se refletiu nos expositores. Fabiana Costa, de 40 anos, m\u00e3e solo de quatro filhos, criou a marca OBA (Ob\u00e1 Moda Afro) durante a pandemia, ao perceber a dificuldade de encontrar roupas com estampas acess\u00edveis. \u201cAs pessoas t\u00eam que entender que a gente existe. \u00c9 por isso que a gente luta, para estar em todos os espa\u00e7os e trazer o empreendedorismo negro para dentro deles\u201d, declarou Fabiana, que atualmente trabalhava como community manager em um coworking de Sorocaba.<\/p>\n\n\n\n<p>Merak, de 24 anos, dona de um brech\u00f3 que levava seu nome e presen\u00e7a constante na feira, refor\u00e7ou a import\u00e2ncia da ocupa\u00e7\u00e3o dos espa\u00e7os p\u00fablicos com a arte da quebrada. \u201cA quebrada \u00e9 o rap, \u00e9 todo esse movimento, mas ela n\u00e3o pode estar s\u00f3 l\u00e1. Ela tem que ocupar os grandes centros, os lugares brancos, os lugares que s\u00e3o de direito nosso\u201d, defendeu.<\/p>\n\n\n\n<p>Patrick Sugahara, de 25 anos, estagi\u00e1rio de moda, encontrou na feira uma oportunidade para materializar sua marca, que nasceu da indigna\u00e7\u00e3o com a desigualdade social e as cenas da Cracol\u00e2ndia, em S\u00e3o Paulo. \u201cA gente t\u00e1 muito preso no digital, n\u00e9? E ver as pessoas, assim, s\u00f3 de cumprimentar, j\u00e1 me sinto bem, j\u00e1 me sinto visto. Acho que pra muita gente \u00e9 assim\u201d, disse, enquanto observava o movimento em torno de seu estande.<\/p>\n\n\n\n<p>A gastronomia tamb\u00e9m marcou presen\u00e7a, com destaque para Rosana Velasquez, de 61 anos, peruana que encontrou no Brasil o acolhimento para compartilhar os sabores do Peru. \u201cOs brasileiros s\u00e3o muito abertos a novas culturas, novas comidas\u201d, afirmou Rosana, que iniciou o neg\u00f3cio ap\u00f3s amigos se encantarem com seus pratos.<\/p>\n\n\n\n<p>Entre o p\u00fablico, o trio de amigas J\u00falia Alves, de 17 anos, J\u00falia Lima, tamb\u00e9m de 17 anos, e Samara Bispo, de 18 anos, resumiu o sentimento coletivo. \u201cA feira \u00e9 a identidade do que a gente \u00e9. Resumir o que cada um sente e expressar sua cultura e sua arte. Acho que \u00e9 um lugar pra todo mundo se conectar e estar juntos\u201d, comentou J\u00falia Lima. \u201cAqui t\u00e1 tudo bonito, todo mundo \u00e9 igual a todo mundo, n\u00e3o tem nada de discrimina\u00e7\u00e3o\u201d, completou J\u00falia Alves.<\/p>\n\n\n\n<p>As inscri\u00e7\u00f5es para expositores e artistas ocorreram por meio de formul\u00e1rios divulgados nas redes sociais, especialmente no Instagram, fortalecendo a conex\u00e3o com a comunidade. De olho no futuro, os organizadores planejavam expandir o projeto para outros espa\u00e7os, com a parceria do Sindicato dos Metal\u00fargicos, e para novas cidades e estados, mantendo viva a chama da resist\u00eancia e da cultura popular.<\/p>\n\n\n\n<p>A Feira do Hip-Hop em Sorocaba foi mais do que um evento: foi um grito coletivo pela dignidade, pela arte, pela ocupa\u00e7\u00e3o de espa\u00e7os e pelo direito de existir. Em cada rima, em cada estampa, em cada gesto, o hip-hop permaneceu como a batida que moveu a cidade.<\/p>\n\n\n\n<figure class=\"wp-block-gallery has-nested-images columns-default is-cropped wp-block-gallery-1 is-layout-flex wp-block-gallery-is-layout-flex\">\n<figure class=\"wp-block-image size-large\"><img loading=\"lazy\" decoding=\"async\" width=\"683\" height=\"1024\" data-id=\"3369\" src=\"https:\/\/focas.uniso.br\/wp-content\/uploads\/2025\/05\/WhatsApp-Image-2025-05-27-at-23.02.14-683x1024.jpeg\" alt=\"\" class=\"wp-image-3369\" srcset=\"https:\/\/focas.uniso.br\/wp-content\/uploads\/2025\/05\/WhatsApp-Image-2025-05-27-at-23.02.14-683x1024.jpeg 683w, https:\/\/focas.uniso.br\/wp-content\/uploads\/2025\/05\/WhatsApp-Image-2025-05-27-at-23.02.14-200x300.jpeg 200w, https:\/\/focas.uniso.br\/wp-content\/uploads\/2025\/05\/WhatsApp-Image-2025-05-27-at-23.02.14-768x1152.jpeg 768w, https:\/\/focas.uniso.br\/wp-content\/uploads\/2025\/05\/WhatsApp-Image-2025-05-27-at-23.02.14-1024x1536.jpeg 1024w, https:\/\/focas.uniso.br\/wp-content\/uploads\/2025\/05\/WhatsApp-Image-2025-05-27-at-23.02.14.jpeg 1066w\" sizes=\"auto, (max-width: 683px) 100vw, 683px\" \/><figcaption class=\"wp-element-caption\">OB\u00c1 moda afro- Foto: Felippe de Oliveira Ribeiro da Silva<\/figcaption><\/figure>\n\n\n\n<figure class=\"wp-block-image size-large\"><img loading=\"lazy\" decoding=\"async\" width=\"1024\" height=\"683\" data-id=\"3368\" src=\"https:\/\/focas.uniso.br\/wp-content\/uploads\/2025\/05\/WhatsApp-Image-2025-05-27-at-23.02.15-1024x683.jpeg\" alt=\"\" class=\"wp-image-3368\" srcset=\"https:\/\/focas.uniso.br\/wp-content\/uploads\/2025\/05\/WhatsApp-Image-2025-05-27-at-23.02.15-1024x683.jpeg 1024w, https:\/\/focas.uniso.br\/wp-content\/uploads\/2025\/05\/WhatsApp-Image-2025-05-27-at-23.02.15-300x200.jpeg 300w, https:\/\/focas.uniso.br\/wp-content\/uploads\/2025\/05\/WhatsApp-Image-2025-05-27-at-23.02.15-768x512.jpeg 768w, https:\/\/focas.uniso.br\/wp-content\/uploads\/2025\/05\/WhatsApp-Image-2025-05-27-at-23.02.15.jpeg 1500w\" sizes=\"auto, (max-width: 1024px) 100vw, 1024px\" \/><figcaption class=\"wp-element-caption\">Apresenta\u00e7\u00e3o DJ R-JAY- Foto: Felippe de Oliveira Ribeiro da Silva<\/figcaption><\/figure>\n\n\n\n<figure class=\"wp-block-image size-large\"><img loading=\"lazy\" decoding=\"async\" width=\"683\" height=\"1024\" data-id=\"3367\" src=\"https:\/\/focas.uniso.br\/wp-content\/uploads\/2025\/05\/WhatsApp-Image-2025-05-27-at-23.02.15-1-683x1024.jpeg\" alt=\"\" class=\"wp-image-3367\" srcset=\"https:\/\/focas.uniso.br\/wp-content\/uploads\/2025\/05\/WhatsApp-Image-2025-05-27-at-23.02.15-1-683x1024.jpeg 683w, https:\/\/focas.uniso.br\/wp-content\/uploads\/2025\/05\/WhatsApp-Image-2025-05-27-at-23.02.15-1-200x300.jpeg 200w, https:\/\/focas.uniso.br\/wp-content\/uploads\/2025\/05\/WhatsApp-Image-2025-05-27-at-23.02.15-1-768x1152.jpeg 768w, https:\/\/focas.uniso.br\/wp-content\/uploads\/2025\/05\/WhatsApp-Image-2025-05-27-at-23.02.15-1-1024x1536.jpeg 1024w, https:\/\/focas.uniso.br\/wp-content\/uploads\/2025\/05\/WhatsApp-Image-2025-05-27-at-23.02.15-1.jpeg 1066w\" sizes=\"auto, (max-width: 683px) 100vw, 683px\" \/><figcaption class=\"wp-element-caption\">Poeta Z\u00e9 Ningu\u00e9m no microfone aberto- Foto: Felippe de Oliveira Ribeiro da Silva<\/figcaption><\/figure>\n\n\n\n<figure class=\"wp-block-image size-large\"><img loading=\"lazy\" decoding=\"async\" width=\"683\" height=\"1024\" data-id=\"3366\" src=\"https:\/\/focas.uniso.br\/wp-content\/uploads\/2025\/05\/WhatsApp-Image-2025-05-27-at-23.02.15-2-683x1024.jpeg\" alt=\"\" class=\"wp-image-3366\" srcset=\"https:\/\/focas.uniso.br\/wp-content\/uploads\/2025\/05\/WhatsApp-Image-2025-05-27-at-23.02.15-2-683x1024.jpeg 683w, https:\/\/focas.uniso.br\/wp-content\/uploads\/2025\/05\/WhatsApp-Image-2025-05-27-at-23.02.15-2-200x300.jpeg 200w, https:\/\/focas.uniso.br\/wp-content\/uploads\/2025\/05\/WhatsApp-Image-2025-05-27-at-23.02.15-2-768x1152.jpeg 768w, https:\/\/focas.uniso.br\/wp-content\/uploads\/2025\/05\/WhatsApp-Image-2025-05-27-at-23.02.15-2.jpeg 1000w\" sizes=\"auto, (max-width: 683px) 100vw, 683px\" \/><figcaption class=\"wp-element-caption\">Apresentador oficial Dido- Foto: Felippe de Oliveira Ribeiro da Silva<\/figcaption><\/figure>\n\n\n\n<figure class=\"wp-block-image size-large\"><img loading=\"lazy\" decoding=\"async\" width=\"683\" height=\"1024\" data-id=\"3365\" src=\"https:\/\/focas.uniso.br\/wp-content\/uploads\/2025\/05\/WhatsApp-Image-2025-05-27-at-23.02.16-683x1024.jpeg\" alt=\"\" class=\"wp-image-3365\" srcset=\"https:\/\/focas.uniso.br\/wp-content\/uploads\/2025\/05\/WhatsApp-Image-2025-05-27-at-23.02.16-683x1024.jpeg 683w, https:\/\/focas.uniso.br\/wp-content\/uploads\/2025\/05\/WhatsApp-Image-2025-05-27-at-23.02.16-200x300.jpeg 200w, https:\/\/focas.uniso.br\/wp-content\/uploads\/2025\/05\/WhatsApp-Image-2025-05-27-at-23.02.16-768x1152.jpeg 768w, https:\/\/focas.uniso.br\/wp-content\/uploads\/2025\/05\/WhatsApp-Image-2025-05-27-at-23.02.16.jpeg 1000w\" sizes=\"auto, (max-width: 683px) 100vw, 683px\" \/><figcaption class=\"wp-element-caption\">OB\u00c1 moda afro- Foto: Felippe de Oliveira Ribeiro da Silva<\/figcaption><\/figure>\n\n\n\n<figure class=\"wp-block-image size-large\"><img loading=\"lazy\" decoding=\"async\" width=\"683\" height=\"1024\" data-id=\"3364\" src=\"https:\/\/focas.uniso.br\/wp-content\/uploads\/2025\/05\/WhatsApp-Image-2025-05-27-at-23.02.16-1-683x1024.jpeg\" alt=\"\" class=\"wp-image-3364\" srcset=\"https:\/\/focas.uniso.br\/wp-content\/uploads\/2025\/05\/WhatsApp-Image-2025-05-27-at-23.02.16-1-683x1024.jpeg 683w, https:\/\/focas.uniso.br\/wp-content\/uploads\/2025\/05\/WhatsApp-Image-2025-05-27-at-23.02.16-1-200x300.jpeg 200w, https:\/\/focas.uniso.br\/wp-content\/uploads\/2025\/05\/WhatsApp-Image-2025-05-27-at-23.02.16-1-768x1152.jpeg 768w, https:\/\/focas.uniso.br\/wp-content\/uploads\/2025\/05\/WhatsApp-Image-2025-05-27-at-23.02.16-1.jpeg 1000w\" sizes=\"auto, (max-width: 683px) 100vw, 683px\" \/><figcaption class=\"wp-element-caption\">Modelo Hilary Amaral- Foto: Felippe de Oliveira Ribeiro da Silva<\/figcaption><\/figure>\n\n\n\n<figure class=\"wp-block-image size-large\"><img loading=\"lazy\" decoding=\"async\" width=\"683\" height=\"1024\" data-id=\"3363\" src=\"https:\/\/focas.uniso.br\/wp-content\/uploads\/2025\/05\/WhatsApp-Image-2025-05-27-at-23.02.16-2-683x1024.jpeg\" alt=\"\" class=\"wp-image-3363\" srcset=\"https:\/\/focas.uniso.br\/wp-content\/uploads\/2025\/05\/WhatsApp-Image-2025-05-27-at-23.02.16-2-683x1024.jpeg 683w, https:\/\/focas.uniso.br\/wp-content\/uploads\/2025\/05\/WhatsApp-Image-2025-05-27-at-23.02.16-2-200x300.jpeg 200w, https:\/\/focas.uniso.br\/wp-content\/uploads\/2025\/05\/WhatsApp-Image-2025-05-27-at-23.02.16-2-768x1152.jpeg 768w, https:\/\/focas.uniso.br\/wp-content\/uploads\/2025\/05\/WhatsApp-Image-2025-05-27-at-23.02.16-2.jpeg 1000w\" sizes=\"auto, (max-width: 683px) 100vw, 683px\" \/><figcaption class=\"wp-element-caption\">DJ R-JAY- Foto: Felippe de Oliveira Ribeiro da Silva<\/figcaption><\/figure>\n\n\n\n<figure class=\"wp-block-image size-large\"><img loading=\"lazy\" decoding=\"async\" width=\"683\" height=\"1024\" data-id=\"3362\" src=\"https:\/\/focas.uniso.br\/wp-content\/uploads\/2025\/05\/WhatsApp-Image-2025-05-27-at-23.02.16-3-683x1024.jpeg\" alt=\"\" class=\"wp-image-3362\" srcset=\"https:\/\/focas.uniso.br\/wp-content\/uploads\/2025\/05\/WhatsApp-Image-2025-05-27-at-23.02.16-3-683x1024.jpeg 683w, https:\/\/focas.uniso.br\/wp-content\/uploads\/2025\/05\/WhatsApp-Image-2025-05-27-at-23.02.16-3-200x300.jpeg 200w, https:\/\/focas.uniso.br\/wp-content\/uploads\/2025\/05\/WhatsApp-Image-2025-05-27-at-23.02.16-3-768x1152.jpeg 768w, https:\/\/focas.uniso.br\/wp-content\/uploads\/2025\/05\/WhatsApp-Image-2025-05-27-at-23.02.16-3-1024x1536.jpeg 1024w, https:\/\/focas.uniso.br\/wp-content\/uploads\/2025\/05\/WhatsApp-Image-2025-05-27-at-23.02.16-3.jpeg 1066w\" sizes=\"auto, (max-width: 683px) 100vw, 683px\" \/><figcaption class=\"wp-element-caption\">Foto: Felippe de Oliveira Ribeiro da Silva<\/figcaption><\/figure>\n\n\n\n<figure class=\"wp-block-image size-large\"><img loading=\"lazy\" decoding=\"async\" width=\"683\" height=\"1024\" data-id=\"3361\" src=\"https:\/\/focas.uniso.br\/wp-content\/uploads\/2025\/05\/WhatsApp-Image-2025-05-27-at-23.02.17-683x1024.jpeg\" alt=\"\" class=\"wp-image-3361\" srcset=\"https:\/\/focas.uniso.br\/wp-content\/uploads\/2025\/05\/WhatsApp-Image-2025-05-27-at-23.02.17-683x1024.jpeg 683w, https:\/\/focas.uniso.br\/wp-content\/uploads\/2025\/05\/WhatsApp-Image-2025-05-27-at-23.02.17-200x300.jpeg 200w, https:\/\/focas.uniso.br\/wp-content\/uploads\/2025\/05\/WhatsApp-Image-2025-05-27-at-23.02.17-768x1152.jpeg 768w, https:\/\/focas.uniso.br\/wp-content\/uploads\/2025\/05\/WhatsApp-Image-2025-05-27-at-23.02.17.jpeg 1000w\" sizes=\"auto, (max-width: 683px) 100vw, 683px\" \/><figcaption class=\"wp-element-caption\">Foto: Felippe de Oliveira Ribeiro da Silva<\/figcaption><\/figure>\n\n\n\n<figure class=\"wp-block-image size-large\"><img loading=\"lazy\" decoding=\"async\" width=\"683\" height=\"1024\" data-id=\"3360\" src=\"https:\/\/focas.uniso.br\/wp-content\/uploads\/2025\/05\/WhatsApp-Image-2025-05-27-at-23.02.17-1-683x1024.jpeg\" alt=\"\" class=\"wp-image-3360\" srcset=\"https:\/\/focas.uniso.br\/wp-content\/uploads\/2025\/05\/WhatsApp-Image-2025-05-27-at-23.02.17-1-683x1024.jpeg 683w, https:\/\/focas.uniso.br\/wp-content\/uploads\/2025\/05\/WhatsApp-Image-2025-05-27-at-23.02.17-1-200x300.jpeg 200w, https:\/\/focas.uniso.br\/wp-content\/uploads\/2025\/05\/WhatsApp-Image-2025-05-27-at-23.02.17-1-768x1152.jpeg 768w, https:\/\/focas.uniso.br\/wp-content\/uploads\/2025\/05\/WhatsApp-Image-2025-05-27-at-23.02.17-1-1024x1536.jpeg 1024w, https:\/\/focas.uniso.br\/wp-content\/uploads\/2025\/05\/WhatsApp-Image-2025-05-27-at-23.02.17-1.jpeg 1066w\" sizes=\"auto, (max-width: 683px) 100vw, 683px\" \/><figcaption class=\"wp-element-caption\">Foto: Felippe de Oliveira Ribeiro da Silva<\/figcaption><\/figure>\n<\/figure>\n","protected":false},"excerpt":{"rendered":"<p>Por Ra\u00edssa Rosendo Mio e Let\u00edcia Am\u00e9rico Camargo (Ag\u00eancia Focas \u2013 Jornalismo Uniso) A 5\u00aa edi\u00e7\u00e3o da Feira do Hip-Hop<\/p>\n","protected":false},"author":1,"featured_media":0,"comment_status":"open","ping_status":"open","sticky":false,"template":"","format":"standard","meta":{"colormag_page_container_layout":"default_layout","colormag_page_sidebar_layout":"default_layout","footnotes":""},"categories":[15,9,37,14],"tags":[30,41,29,28],"class_list":["post-3359","post","type-post","status-publish","format-standard","hentry","category-jornalismo","category-jornalismo-online","category-sorocaba","category-uniso","tag-focas","tag-focas-na-rede","tag-jornalismo","tag-uniso"],"featured_image_urls":{"full":"","thumbnail":"","medium":"","medium_large":"","large":"","1536x1536":"","2048x2048":"","colormag-highlighted-post":"","colormag-featured-post-medium":"","colormag-featured-post-small":"","colormag-featured-image":"","colormag-default-news":"","colormag-featured-image-large":""},"author_info":{"info":["focas"]},"category_info":"<a href=\"https:\/\/focas.uniso.br\/index.php\/category\/jornalismo\/\" rel=\"category tag\">Jornalismo<\/a> <a href=\"https:\/\/focas.uniso.br\/index.php\/category\/jornalismo-online\/\" rel=\"category tag\">jornalismo online<\/a> <a href=\"https:\/\/focas.uniso.br\/index.php\/category\/sorocaba\/\" rel=\"category tag\">Sorocaba<\/a> <a href=\"https:\/\/focas.uniso.br\/index.php\/category\/uniso\/\" rel=\"category tag\">Uniso<\/a>","tag_info":"Uniso","comment_count":"0","_links":{"self":[{"href":"https:\/\/focas.uniso.br\/index.php\/wp-json\/wp\/v2\/posts\/3359","targetHints":{"allow":["GET"]}}],"collection":[{"href":"https:\/\/focas.uniso.br\/index.php\/wp-json\/wp\/v2\/posts"}],"about":[{"href":"https:\/\/focas.uniso.br\/index.php\/wp-json\/wp\/v2\/types\/post"}],"author":[{"embeddable":true,"href":"https:\/\/focas.uniso.br\/index.php\/wp-json\/wp\/v2\/users\/1"}],"replies":[{"embeddable":true,"href":"https:\/\/focas.uniso.br\/index.php\/wp-json\/wp\/v2\/comments?post=3359"}],"version-history":[{"count":1,"href":"https:\/\/focas.uniso.br\/index.php\/wp-json\/wp\/v2\/posts\/3359\/revisions"}],"predecessor-version":[{"id":3370,"href":"https:\/\/focas.uniso.br\/index.php\/wp-json\/wp\/v2\/posts\/3359\/revisions\/3370"}],"wp:attachment":[{"href":"https:\/\/focas.uniso.br\/index.php\/wp-json\/wp\/v2\/media?parent=3359"}],"wp:term":[{"taxonomy":"category","embeddable":true,"href":"https:\/\/focas.uniso.br\/index.php\/wp-json\/wp\/v2\/categories?post=3359"},{"taxonomy":"post_tag","embeddable":true,"href":"https:\/\/focas.uniso.br\/index.php\/wp-json\/wp\/v2\/tags?post=3359"}],"curies":[{"name":"wp","href":"https:\/\/api.w.org\/{rel}","templated":true}]}}