{"id":336,"date":"2017-04-18T13:44:00","date_gmt":"2017-04-18T13:44:00","guid":{"rendered":"http:\/\/focas.uniso.br\/index.php\/2017\/04\/18\/estudantes-promovem-semana-da-saude-na-uniso\/"},"modified":"2017-04-18T13:44:00","modified_gmt":"2017-04-18T13:44:00","slug":"estudantes-promovem-semana-da-saude-na-uniso","status":"publish","type":"post","link":"https:\/\/focas.uniso.br\/index.php\/2017\/04\/18\/estudantes-promovem-semana-da-saude-na-uniso\/","title":{"rendered":"Estudantes promovem semana da sa\u00fade na Uniso"},"content":{"rendered":"<div style=\"clear: both; text-align: center;\"><a href=\"https:\/\/4.bp.blogspot.com\/-dsZGTSA1Vsg\/WPYVBz5pqBI\/AAAAAAAAF44\/5JqEMRiP1LQdKllExtH2KieMVV8z7bbpwCLcB\/s1600\/As%2Balunas%2Bde%2Bnutri%25C3%25A7%25C3%25A3o%2Bdistribuem%2Bpor%25C3%25A7%25C3%25B5es%2Bde%2Bbaixa%2Bcaloria%2B%25281%2529.JPG\" style=\"margin-left: 1em; margin-right: 1em;\"><img loading=\"lazy\" decoding=\"async\" border=\"0\" height=\"213\" src=\"https:\/\/4.bp.blogspot.com\/-dsZGTSA1Vsg\/WPYVBz5pqBI\/AAAAAAAAF44\/5JqEMRiP1LQdKllExtH2KieMVV8z7bbpwCLcB\/s320\/As%2Balunas%2Bde%2Bnutri%25C3%25A7%25C3%25A3o%2Bdistribuem%2Bpor%25C3%25A7%25C3%25B5es%2Bde%2Bbaixa%2Bcaloria%2B%25281%2529.JPG\" width=\"320\" \/><\/a><\/div>\n<div style=\"text-align: justify;\">Na semana em que se comemora o dia Mundial da Sa\u00fade, alunos de diversos cursos da Universidade de Sorocaba (UNISO) organizaram, de 3 a 7 de abril, atividades com o intuito de chamar a aten\u00e7\u00e3o para a import\u00e2ncia dessa data. Foram realizados orienta\u00e7\u00f5es e exames de sa\u00fade.<\/div>\n<div style=\"text-align: justify;\">As atividades foram planejadas pelos pr\u00f3prios alunos, com o objetivo de que as a\u00e7\u00f5es beneficiassem os demais alunos da Universidade.<\/div>\n<div style=\"text-align: justify;\">Segundo o professor de Enfermagem Leandro Souza, muitos estudantes da \u00e1rea da sa\u00fade n\u00e3o sabem que existe esse dia. \u201cA proposta inicial era que eles trouxessem algo que valorizassem essa data\u201d, comenta o professor.<\/div>\n<div style=\"text-align: justify;\">Os alunos do curso de Nutri\u00e7\u00e3o promoveram o c\u00e1lculo do \u00cdndice de Massa Corporal (IMC), distribu\u00edram amostras de alimentos de baixa caloria e disponibilizaram um banner com 10 dicas para uma boa alimenta\u00e7\u00e3o. O objetivo era conscientizar os participantes sobre a import\u00e2ncia da alimenta\u00e7\u00e3o saud\u00e1vel.<\/div>\n<table cellpadding=\"0\" cellspacing=\"0\" style=\"margin-left: auto; margin-right: auto; text-align: center;\">\n<tbody>\n<tr>\n<td style=\"text-align: center;\"><a href=\"https:\/\/4.bp.blogspot.com\/-poI-Kr5BVcs\/WPYVsJii0dI\/AAAAAAAAF5A\/aLNhYeD9Bb4QWiYNZuBC_8px1v_9gmNAACLcB\/s1600\/Participantes%2Bpuderam%2Bfazer%2Bo%2Bexame%2Bda%2Bglicose%2B%25281%2529.JPG\" style=\"margin-left: auto; margin-right: auto;\"><img loading=\"lazy\" decoding=\"async\" border=\"0\" height=\"213\" src=\"https:\/\/4.bp.blogspot.com\/-poI-Kr5BVcs\/WPYVsJii0dI\/AAAAAAAAF5A\/aLNhYeD9Bb4QWiYNZuBC_8px1v_9gmNAACLcB\/s320\/Participantes%2Bpuderam%2Bfazer%2Bo%2Bexame%2Bda%2Bglicose%2B%25281%2529.JPG\" width=\"320\" \/><\/a><\/td>\n<\/tr>\n<tr>\n<td style=\"text-align: left;\">&nbsp;Participantes puderam fazer o exame da glicose<\/td>\n<\/tr>\n<\/tbody>\n<\/table>\n<div style=\"text-align: justify;\">Para a aluna Viviane Morelli, do curso de Nutri\u00e7\u00e3o, muitas pessoas est\u00e3o deixando de lado o arroz e feij\u00e3o, uma combina\u00e7\u00e3o que considera perfeita, em troca do fast food. Por mais que o prato brasileiro continue, tradicionalmente, sendo base das refei\u00e7\u00f5es da popula\u00e7\u00e3o, um levantamento detectou uma grande prefer\u00eancia pelas comidas r\u00e1pidas e gordurosas, segundo a aluna.<\/div>\n<div style=\"text-align: justify;\">J\u00e1 os estudantes do curso de Farm\u00e1cia falaram sobre a Farm\u00e1cia Popular, dando instru\u00e7\u00f5es sobre os cuidados com o diabetes e a distribui\u00e7\u00e3o de medicamentos gratuitos, que precisam da prescri\u00e7\u00e3o m\u00e9dica para serem retirados, mediante apresenta\u00e7\u00e3o do RG e CPF do paciente.<\/div>\n<div style=\"text-align: justify;\">Essa orienta\u00e7\u00e3o mostra-se importante, pois, segundo a &nbsp;Organiza\u00e7\u00e3o Mundial da Sa\u00fade (OMS), \u201cmais de 50% de todos os medicamentos s\u00e3o incorretamente prescritos e mais de 50% dos pacientes os usam incorretamente. Mais de 50% de todos os pa\u00edses n\u00e3o programam politicas b\u00e1sicas para promover uso racional de medicamentos. O uso abusivo, insuficiente ou inadequado de medicamentos lesa a popula\u00e7\u00e3o e desperdi\u00e7a os recursos p\u00fablicos\u201d.<\/div>\n<div style=\"text-align: justify;\">A glicose \u00e9 outro assunto importante, por essa raz\u00e3o, os alunos de Enfermagem explicaram sobre as formas de mant\u00ea-la em um n\u00edvel normal e esclareceram mitos e d\u00favidas diversas que surgem sobre o assunto. Os participantes da a\u00e7\u00e3o puderam fazer exame de glicose, aplicado pelos estudantes.<\/div>\n<div style=\"clear: both; text-align: center;\"><\/div>\n<table cellpadding=\"0\" cellspacing=\"0\" style=\"float: left; margin-right: 1em; text-align: left;\">\n<tbody>\n<tr>\n<td style=\"text-align: center;\"><a href=\"https:\/\/1.bp.blogspot.com\/-9oo3P_j9qIE\/WPYXKIyCKKI\/AAAAAAAAF5M\/kqATI5frBIA4WlCSRGGGV2uwZnTZleJJgCLcB\/s1600\/O%2Bevento%2Breuniu%2Balunos%2Bde%2Bdiversos%2Bcursos%2Bda%2BUniso%2B%25281%2529.JPG\" style=\"clear: left; margin-bottom: 1em; margin-left: auto; margin-right: auto;\"><img loading=\"lazy\" decoding=\"async\" border=\"0\" height=\"162\" src=\"https:\/\/1.bp.blogspot.com\/-9oo3P_j9qIE\/WPYXKIyCKKI\/AAAAAAAAF5M\/kqATI5frBIA4WlCSRGGGV2uwZnTZleJJgCLcB\/s320\/O%2Bevento%2Breuniu%2Balunos%2Bde%2Bdiversos%2Bcursos%2Bda%2BUniso%2B%25281%2529.JPG\" width=\"320\" \/><\/a><\/td>\n<\/tr>\n<tr>\n<td style=\"text-align: left;\">&nbsp;O evento reuniu alunos de diversos cursos da Uniso<\/td>\n<\/tr>\n<\/tbody>\n<\/table>\n<div style=\"text-align: justify;\">A import\u00e2ncia de uma boa higiene para um corpo e mente sadios tamb\u00e9m foi abordada no evento. Os estudantes do 1\u00ba e 5\u00ba per\u00edodos do curso de Enfermagem demonstraram formas efetivas da lavagem correta das m\u00e3os, distribuindo um folheto com os 10 passos para a &nbsp;melhor efic\u00e1cia. Eles tamb\u00e9m informaram sobre o uso correto do \u00e1lcool em gel na higieniza\u00e7\u00e3o, que \u00e9 capaz de eliminar 99,9% dos v\u00edrus e bact\u00e9rias.<\/div>\n<p>Texto: Luis Paulo e Michael Danillo\/AgenciaJor<br \/>Fotos: Luis Paulo e Michael Danillo\/AgenciaJor<\/p>\n","protected":false},"excerpt":{"rendered":"<p>Na semana em que se comemora o dia Mundial da Sa\u00fade, alunos de diversos cursos da Universidade de Sorocaba (UNISO)<\/p>\n","protected":false},"author":1,"featured_media":0,"comment_status":"open","ping_status":"open","sticky":false,"template":"","format":"standard","meta":{"colormag_page_container_layout":"default_layout","colormag_page_sidebar_layout":"default_layout","footnotes":""},"categories":[1],"tags":[],"class_list":["post-336","post","type-post","status-publish","format-standard","hentry","category-uncategorized"],"featured_image_urls":{"full":"","thumbnail":"","medium":"","medium_large":"","large":"","1536x1536":"","2048x2048":"","colormag-highlighted-post":"","colormag-featured-post-medium":"","colormag-featured-post-small":"","colormag-featured-image":"","colormag-default-news":"","colormag-featured-image-large":""},"author_info":{"info":["focas"]},"category_info":"<a href=\"https:\/\/focas.uniso.br\/index.php\/category\/uncategorized\/\" rel=\"category tag\">Uncategorized<\/a>","tag_info":"Uncategorized","comment_count":"0","_links":{"self":[{"href":"https:\/\/focas.uniso.br\/index.php\/wp-json\/wp\/v2\/posts\/336","targetHints":{"allow":["GET"]}}],"collection":[{"href":"https:\/\/focas.uniso.br\/index.php\/wp-json\/wp\/v2\/posts"}],"about":[{"href":"https:\/\/focas.uniso.br\/index.php\/wp-json\/wp\/v2\/types\/post"}],"author":[{"embeddable":true,"href":"https:\/\/focas.uniso.br\/index.php\/wp-json\/wp\/v2\/users\/1"}],"replies":[{"embeddable":true,"href":"https:\/\/focas.uniso.br\/index.php\/wp-json\/wp\/v2\/comments?post=336"}],"version-history":[{"count":0,"href":"https:\/\/focas.uniso.br\/index.php\/wp-json\/wp\/v2\/posts\/336\/revisions"}],"wp:attachment":[{"href":"https:\/\/focas.uniso.br\/index.php\/wp-json\/wp\/v2\/media?parent=336"}],"wp:term":[{"taxonomy":"category","embeddable":true,"href":"https:\/\/focas.uniso.br\/index.php\/wp-json\/wp\/v2\/categories?post=336"},{"taxonomy":"post_tag","embeddable":true,"href":"https:\/\/focas.uniso.br\/index.php\/wp-json\/wp\/v2\/tags?post=336"}],"curies":[{"name":"wp","href":"https:\/\/api.w.org\/{rel}","templated":true}]}}