{"id":337,"date":"2017-04-17T18:16:00","date_gmt":"2017-04-17T18:16:00","guid":{"rendered":"http:\/\/focas.uniso.br\/index.php\/2017\/04\/17\/arcebispo-dom-julio-celebra-missa-na-uniso\/"},"modified":"2017-04-17T18:16:00","modified_gmt":"2017-04-17T18:16:00","slug":"arcebispo-dom-julio-celebra-missa-na-uniso","status":"publish","type":"post","link":"https:\/\/focas.uniso.br\/index.php\/2017\/04\/17\/arcebispo-dom-julio-celebra-missa-na-uniso\/","title":{"rendered":"Arcebispo Dom J\u00falio celebra Missa na Uniso"},"content":{"rendered":"<div style=\"clear: both; text-align: center;\"><a href=\"https:\/\/2.bp.blogspot.com\/-KGjm9Sd72uQ\/WPUBgkSpsPI\/AAAAAAAAF4I\/YMUbQyYMpNodPKhXdmzsQEaxD1pu3x-tQCLcB\/s1600\/Consagra%25C3%25A7%25C3%25A3o%2Bda%2BOstia.%2Bfoto-%2BP%25C3%25A2mela%2BRamos.JPG\" style=\"margin-left: 1em; margin-right: 1em;\"><img loading=\"lazy\" decoding=\"async\" border=\"0\" height=\"320\" src=\"https:\/\/2.bp.blogspot.com\/-KGjm9Sd72uQ\/WPUBgkSpsPI\/AAAAAAAAF4I\/YMUbQyYMpNodPKhXdmzsQEaxD1pu3x-tQCLcB\/s320\/Consagra%25C3%25A7%25C3%25A3o%2Bda%2BOstia.%2Bfoto-%2BP%25C3%25A2mela%2BRamos.JPG\" width=\"212\" \/><\/a><\/div>\n<div style=\"text-align: justify;\">O Arcebispo Metropolitano de Sorocaba, Dom J\u00falio Endi Akamine, celebrou uma missa de P\u00e1scoa na Universidade de Sorocaba (Uniso), para os estudantes e funcion\u00e1rios. A r\u00e1dio Uniso fez a transmiss\u00e3o ao vivo. A missa ocorreu na segunda-feira (10), \u00e0s 9h30, no audit\u00f3rio do bloco F, Cidade Universit\u00e1ria.<\/div>\n<div style=\"text-align: justify;\">Para Dom J\u00falio, a celebra\u00e7\u00e3o de uma missa na faculdade suscita a quest\u00e3o da liberdade religiosa, e isso \u00e9 necess\u00e1rio seja onde for. \u201cMesmo que o estado seja laico e a universidade seja comunit\u00e1ria, n\u00e3o significa que seja proibido e que n\u00e3o seja algo correto. Entre os estudantes e funcion\u00e1rios tamb\u00e9m h\u00e1 pessoas que s\u00e3o cat\u00f3licas, \u00e9 um bom n\u00famero. Por isso tamb\u00e9m a minha presen\u00e7a e o sentido da missa aqui na Universidade s\u00e3o exatamente em fun\u00e7\u00e3o disso: das pessoas que trabalham ou estudam aqui e que s\u00e3o cat\u00f3licos. \u201d<\/div>\n<div style=\"text-align: justify;\">O estudante de Filosofia e seminarista Guilherme Vin\u00edcius Menezes Silva, 24, conta que gostou do evento na faculdade. \u201cPara mim \u00e9 importante, porque, assim como o Arcebispo falou durante a celebra\u00e7\u00e3o, a missa \u00e9 Jesus, \u00e9 a maior alegria para quem \u00e9 crist\u00e3o. E tamb\u00e9m porque n\u00f3s podemos fazer da missa um momento de ora\u00e7\u00e3o para a universidade. Tivemos momentos de viol\u00eancia, brigas entre alunos. Ent\u00e3o n\u00f3s podemos, por meio da missa, rezar e estar em ora\u00e7\u00e3o, escutar a palavra de Deus, e fazer com que ela d\u00ea fruto no nosso cora\u00e7\u00e3o, seja de amor, de humildade, para que esse lugar seja um lugar melhor, mais puro e de mais uni\u00e3o entre os alunos. \u201d<\/div>\n<div style=\"clear: both; text-align: center;\"><\/div>\n<table cellpadding=\"0\" cellspacing=\"0\" style=\"float: left; margin-right: 1em; text-align: left;\">\n<tbody>\n<tr>\n<td style=\"text-align: center;\"><a href=\"https:\/\/3.bp.blogspot.com\/-Itv5nbEXibI\/WPUEBqnjE7I\/AAAAAAAAF4Y\/7IgUQ5Z2mHkwBXQhwl0lVEu-baYuNj7uwCLcB\/s1600\/Professor%2BAldo%2BVannucchi%2Bfaz%2Bas%2Bpreces%2Bda%2Bmissa%2B%2528Rodrigo%2BHonorato%2529.JPG\" style=\"clear: left; margin-bottom: 1em; margin-left: auto; margin-right: auto;\"><img loading=\"lazy\" decoding=\"async\" border=\"0\" height=\"212\" src=\"https:\/\/3.bp.blogspot.com\/-Itv5nbEXibI\/WPUEBqnjE7I\/AAAAAAAAF4Y\/7IgUQ5Z2mHkwBXQhwl0lVEu-baYuNj7uwCLcB\/s320\/Professor%2BAldo%2BVannucchi%2Bfaz%2Bas%2Bpreces%2Bda%2Bmissa%2B%2528Rodrigo%2BHonorato%2529.JPG\" width=\"320\" \/><\/a><\/td>\n<\/tr>\n<tr>\n<td style=\"text-align: left;\">&nbsp;Professor Aldo Vanucchi faz as preces da missa<\/td>\n<\/tr>\n<\/tbody>\n<\/table>\n<div style=\"text-align: justify;\">&nbsp;Tatiara Brasil dos Santos \u00e9 funcion\u00e1ria no laborat\u00f3rio de Terapia Ocupacional na Uniso. Para ela, presenciar um missa em seu pr\u00f3prio trabalho \u00e9 uma oportunidade \u00fanica,. \u201cA gente nem sempre consegue levar a espiritualidade dentro de n\u00f3s, nos espa\u00e7os que ocupamos, seja em ambiente de aula quando somos estudantes, ou no nosso trabalho e nas adversidades da vida. Acredito que se todas as pessoas tivessem a oportunidade de ter um momento de celebrar a espiritualidade dentro do seu trabalho e escola, parando um pouco com as preocupa\u00e7\u00f5es cotidianas e voltando-se a Deus, no momento previsto determinado para isso, fortalecer\u00edamos nossa espiritualidade. \u00c9 uma d\u00e1diva para todos n\u00f3s estarmos aqui nessa missa\u201d, comenta Tatiara.<\/div>\n<div style=\"clear: both; text-align: center;\"><\/div>\n<div style=\"text-align: justify;\">A Religi\u00e3o \u00e9 um assunto que est\u00e1 sempre em debate, principalmente nos lugares voltados para a educa\u00e7\u00e3o, assim como nas universidades e escolas. Dom J\u00falio relata sua vis\u00e3o sobre esta quest\u00e3o. \u201cReligi\u00e3o e educa\u00e7\u00e3o est\u00e3o em converg\u00eancia, pois s\u00e3o voltadas para o ser humano, amadurecimento e desenvolvimento de todas as suas potencialidades. Por isso, uma educa\u00e7\u00e3o que prescinda do transcendente e que deixe de lado a f\u00e9, n\u00e3o \u00e9 uma educa\u00e7\u00e3o que leve em conta o ser humano. Por conta disso, acho que a educa\u00e7\u00e3o, f\u00e9 e a religi\u00e3o convergem naquilo que se refere ao amadurecimento do ser humano. \u201d<\/div>\n<table align=\"center\" cellpadding=\"0\" cellspacing=\"0\" style=\"margin-left: auto; margin-right: auto; text-align: center;\">\n<tbody>\n<tr>\n<td style=\"text-align: center;\"><a href=\"https:\/\/1.bp.blogspot.com\/-u6aKCDCJUMs\/WPUEDpxlE5I\/AAAAAAAAF4g\/sPlb4rWH_YsaBm6uBNPawcn4H3BpldhJACEw\/s1600\/Funcion%25C3%25A1rios%2Be%2Balunos%2Blotaram%2Bo%2Baudit%25C3%25B3rio%2B%2528Rodrigo%2BHonorato%2529.JPG\" style=\"margin-left: auto; margin-right: auto;\"><img loading=\"lazy\" decoding=\"async\" border=\"0\" height=\"212\" src=\"https:\/\/1.bp.blogspot.com\/-u6aKCDCJUMs\/WPUEDpxlE5I\/AAAAAAAAF4g\/sPlb4rWH_YsaBm6uBNPawcn4H3BpldhJACEw\/s320\/Funcion%25C3%25A1rios%2Be%2Balunos%2Blotaram%2Bo%2Baudit%25C3%25B3rio%2B%2528Rodrigo%2BHonorato%2529.JPG\" width=\"320\" \/><\/a><\/td>\n<\/tr>\n<tr>\n<td style=\"text-align: left;\">&nbsp;Funcion\u00e1rios e alunos lotaram o audit\u00f3rio<\/td>\n<\/tr>\n<\/tbody>\n<\/table>\n<div style=\"text-align: justify;\">E conclui deixando uma mensagem aos estudantes. \u201cEstudem com seriedade e com afinco. Busquem a verdade, tendo sempre a paix\u00e3o pela ci\u00eancia e pelo saber, fazendo isso sempre com a mente aberta. N\u00e3o se contentem com os preconceitos e n\u00e3o se deixem iludir pelas ideologias. A verdadeira ci\u00eancia n\u00e3o \u00e9 contradit\u00f3ria com a f\u00e9. \u00c9 exatamente o contr\u00e1rio. A f\u00e9 faz a gente at\u00e9 pensar melhor. Ela abre para a raz\u00e3o horizontes mais amplos. Por isso que um esfor\u00e7o s\u00e9rio de estudo e busca da raz\u00e3o, da ci\u00eancia e da verdade n\u00e3o prejudicam a vida de f\u00e9, muito pelo contr\u00e1rio, podem nos ajudar a ter uma f\u00e9 mais amadurecida e aprofundada. Ao mesmo tempo, a f\u00e9 \u00e9 um desafio para a raz\u00e3o e faz com que a raz\u00e3o possa al\u00e7ar voo para horizontes mais amplos\u201d, finaliza Dom J\u00falio.<\/div>\n<table align=\"center\" cellpadding=\"0\" cellspacing=\"0\" style=\"margin-left: auto; margin-right: auto; text-align: center;\">\n<tbody>\n<tr>\n<td style=\"text-align: center;\"><a href=\"https:\/\/4.bp.blogspot.com\/-5SlBrf5tmQU\/WPUDvGWIO0I\/AAAAAAAAF4g\/jH_qjp15FbErXax-SoUP5HZWzZ3dX9OsQCEw\/s1600\/Acebispo%2Bdom%2BJ%25C3%25BAlio%2Bno%2Bmomento%2Bde%2Bhomilia.%2BFoto-%2BP%25C3%25A2mela%2BRamos.JPG\" style=\"margin-left: auto; margin-right: auto;\"><img loading=\"lazy\" decoding=\"async\" border=\"0\" height=\"281\" src=\"https:\/\/4.bp.blogspot.com\/-5SlBrf5tmQU\/WPUDvGWIO0I\/AAAAAAAAF4g\/jH_qjp15FbErXax-SoUP5HZWzZ3dX9OsQCEw\/s320\/Acebispo%2Bdom%2BJ%25C3%25BAlio%2Bno%2Bmomento%2Bde%2Bhomilia.%2BFoto-%2BP%25C3%25A2mela%2BRamos.JPG\" width=\"320\" \/><\/a><\/td>\n<\/tr>\n<tr>\n<td style=\"text-align: center;\">Arcebispo Dom J\u00falio Endi Akamine no momento de homilia<\/td>\n<\/tr>\n<\/tbody>\n<\/table>\n<div style=\"clear: both; text-align: center;\"><\/div>\n<div style=\"clear: both; text-align: center;\"><\/div>\n<div style=\"clear: both; text-align: left;\"><i>Texto: P\u00e2mela Ramos e Rodrigo Honorato\/AgenciaJor<\/i><\/div>\n<div style=\"clear: both; text-align: left;\"><i>Fotos : P\u00e2mela Ramos e Rodrigo Honorato\/AgenciaJor<\/i><\/div>\n<div><i><br \/><\/i><\/div>\n<div style=\"clear: both; text-align: center;\"><\/div>\n","protected":false},"excerpt":{"rendered":"<p>O Arcebispo Metropolitano de Sorocaba, Dom J\u00falio Endi Akamine, celebrou uma missa de P\u00e1scoa na Universidade de Sorocaba (Uniso), para<\/p>\n","protected":false},"author":1,"featured_media":0,"comment_status":"open","ping_status":"open","sticky":false,"template":"","format":"standard","meta":{"colormag_page_container_layout":"default_layout","colormag_page_sidebar_layout":"default_layout","footnotes":""},"categories":[1],"tags":[],"class_list":["post-337","post","type-post","status-publish","format-standard","hentry","category-uncategorized"],"featured_image_urls":{"full":"","thumbnail":"","medium":"","medium_large":"","large":"","1536x1536":"","2048x2048":"","colormag-highlighted-post":"","colormag-featured-post-medium":"","colormag-featured-post-small":"","colormag-featured-image":"","colormag-default-news":"","colormag-featured-image-large":""},"author_info":{"info":["focas"]},"category_info":"<a href=\"https:\/\/focas.uniso.br\/index.php\/category\/uncategorized\/\" rel=\"category tag\">Uncategorized<\/a>","tag_info":"Uncategorized","comment_count":"0","_links":{"self":[{"href":"https:\/\/focas.uniso.br\/index.php\/wp-json\/wp\/v2\/posts\/337","targetHints":{"allow":["GET"]}}],"collection":[{"href":"https:\/\/focas.uniso.br\/index.php\/wp-json\/wp\/v2\/posts"}],"about":[{"href":"https:\/\/focas.uniso.br\/index.php\/wp-json\/wp\/v2\/types\/post"}],"author":[{"embeddable":true,"href":"https:\/\/focas.uniso.br\/index.php\/wp-json\/wp\/v2\/users\/1"}],"replies":[{"embeddable":true,"href":"https:\/\/focas.uniso.br\/index.php\/wp-json\/wp\/v2\/comments?post=337"}],"version-history":[{"count":0,"href":"https:\/\/focas.uniso.br\/index.php\/wp-json\/wp\/v2\/posts\/337\/revisions"}],"wp:attachment":[{"href":"https:\/\/focas.uniso.br\/index.php\/wp-json\/wp\/v2\/media?parent=337"}],"wp:term":[{"taxonomy":"category","embeddable":true,"href":"https:\/\/focas.uniso.br\/index.php\/wp-json\/wp\/v2\/categories?post=337"},{"taxonomy":"post_tag","embeddable":true,"href":"https:\/\/focas.uniso.br\/index.php\/wp-json\/wp\/v2\/tags?post=337"}],"curies":[{"name":"wp","href":"https:\/\/api.w.org\/{rel}","templated":true}]}}