{"id":3371,"date":"2025-05-28T11:24:09","date_gmt":"2025-05-28T14:24:09","guid":{"rendered":"https:\/\/focas.uniso.br\/?p=3371"},"modified":"2025-05-28T11:53:04","modified_gmt":"2025-05-28T14:53:04","slug":"empreendedorismo-educacao-tecnologia-e-mais-evento-traz-90-palestrantes-e-reune-12-empresas-em-universidade-no-interior-de-sp","status":"publish","type":"post","link":"https:\/\/focas.uniso.br\/index.php\/2025\/05\/28\/empreendedorismo-educacao-tecnologia-e-mais-evento-traz-90-palestrantes-e-reune-12-empresas-em-universidade-no-interior-de-sp\/","title":{"rendered":"Empreendedorismo, educa\u00e7\u00e3o, tecnologia e mais: evento traz 90 palestrantes e re\u00fane 12 empresas em universidade no interior de SP"},"content":{"rendered":"\n<p><em>O Mobi 2025 acontece na Universidade de Sorocaba (Uniso) nos dias 5, 6 e 7 de junho. Esse evento \u00e9 aberto ao p\u00fablico e traz palestras sobre criatividade, inova\u00e7\u00e3o e sustentabilidade<\/em><\/p>\n\n\n\n<p>Por P\u00e2mela Beker (Ag\u00eancia Focas &#8211; Jornalismo Uniso)<\/p>\n\n\n\n<figure class=\"wp-block-image size-full\"><img loading=\"lazy\" decoding=\"async\" width=\"496\" height=\"492\" src=\"https:\/\/focas.uniso.br\/wp-content\/uploads\/2025\/05\/WhatsApp-Image-2025-05-28-at-11.20.19.jpeg\" alt=\"\" class=\"wp-image-3372\" srcset=\"https:\/\/focas.uniso.br\/wp-content\/uploads\/2025\/05\/WhatsApp-Image-2025-05-28-at-11.20.19.jpeg 496w, https:\/\/focas.uniso.br\/wp-content\/uploads\/2025\/05\/WhatsApp-Image-2025-05-28-at-11.20.19-300x298.jpeg 300w, https:\/\/focas.uniso.br\/wp-content\/uploads\/2025\/05\/WhatsApp-Image-2025-05-28-at-11.20.19-150x150.jpeg 150w\" sizes=\"auto, (max-width: 496px) 100vw, 496px\" \/><figcaption class=\"wp-element-caption\">Foto: Reprodu\u00e7\u00e3o <\/figcaption><\/figure>\n\n\n\n<p>Um festival que celebra a criatividade, inova\u00e7\u00e3o e sustentabilidade, e agita a Regi\u00e3o Metropolitana de Sorocaba, esse \u00e9 o Mobi, O evento celebra dois anos em 2025 e acontece nos dias 5, 6 e 7 de junho gratuitamente na Universidade de Sorocaba (Uniso). Nesta edi\u00e7\u00e3o, 90 palestrantes discutem assuntos sobre empreendedorismo, tecnologia, educa\u00e7\u00e3o e muito mais.&nbsp;<\/p>\n\n\n\n<p>Uma oportunidade de criar conex\u00f5es, foi assim que Marcelo Silvani, de 59 anos, gestor do Insituto de Ci\u00eancia e Tecnologia da Universidade de Sorocaba (Uniso Tech), descreveu o Mobi. Para ele, o Mobi \u00e9 uma oportunidade de transforma\u00e7\u00e3o e criar conex\u00f5es.<\/p>\n\n\n\n<p>H\u00e1 30 anos dentro da universidade, Marcelo est\u00e1 no \u201cbackstage\u201d do festival desde o come\u00e7o. Na segunda edi\u00e7\u00e3o, o Mobi re\u00fane 12 empresas de diversos seguimentos e traz uma oportunidade de participa\u00e7\u00e3o ativa da comunidade, ao oferecer o acesso gratuito e aberto ao p\u00fablico. S\u00e3o 90 palestrantes, feira criativa, espa\u00e7o do Sebrae e experi\u00eancias culturais que acontecem pela manh\u00e3, tarde e noite na Uniso.<\/p>\n\n\n\n<figure class=\"wp-block-gallery has-nested-images columns-default is-cropped wp-block-gallery-1 is-layout-flex wp-block-gallery-is-layout-flex\">\n<figure class=\"wp-block-image size-large\"><img loading=\"lazy\" decoding=\"async\" width=\"598\" height=\"423\" data-id=\"3373\" src=\"https:\/\/focas.uniso.br\/wp-content\/uploads\/2025\/05\/WhatsApp-Image-2025-05-28-at-11.21.22.jpeg\" alt=\"\" class=\"wp-image-3373\" srcset=\"https:\/\/focas.uniso.br\/wp-content\/uploads\/2025\/05\/WhatsApp-Image-2025-05-28-at-11.21.22.jpeg 598w, https:\/\/focas.uniso.br\/wp-content\/uploads\/2025\/05\/WhatsApp-Image-2025-05-28-at-11.21.22-300x212.jpeg 300w\" sizes=\"auto, (max-width: 598px) 100vw, 598px\" \/><figcaption class=\"wp-element-caption\">Foto: Reprodu\u00e7\u00e3o <\/figcaption><\/figure>\n\n\n\n<figure class=\"wp-block-image size-large\"><img loading=\"lazy\" decoding=\"async\" width=\"604\" height=\"425\" data-id=\"3374\" src=\"https:\/\/focas.uniso.br\/wp-content\/uploads\/2025\/05\/WhatsApp-Image-2025-05-28-at-11.21.12.jpeg\" alt=\"\" class=\"wp-image-3374\" srcset=\"https:\/\/focas.uniso.br\/wp-content\/uploads\/2025\/05\/WhatsApp-Image-2025-05-28-at-11.21.12.jpeg 604w, https:\/\/focas.uniso.br\/wp-content\/uploads\/2025\/05\/WhatsApp-Image-2025-05-28-at-11.21.12-300x211.jpeg 300w, https:\/\/focas.uniso.br\/wp-content\/uploads\/2025\/05\/WhatsApp-Image-2025-05-28-at-11.21.12-130x90.jpeg 130w\" sizes=\"auto, (max-width: 604px) 100vw, 604px\" \/><figcaption class=\"wp-element-caption\">Foto: Reprodu\u00e7\u00e3o <\/figcaption><\/figure>\n\n\n\n<figure class=\"wp-block-image size-large\"><img loading=\"lazy\" decoding=\"async\" width=\"598\" height=\"421\" data-id=\"3375\" src=\"https:\/\/focas.uniso.br\/wp-content\/uploads\/2025\/05\/WhatsApp-Image-2025-05-28-at-11.21.06.jpeg\" alt=\"\" class=\"wp-image-3375\" srcset=\"https:\/\/focas.uniso.br\/wp-content\/uploads\/2025\/05\/WhatsApp-Image-2025-05-28-at-11.21.06.jpeg 598w, https:\/\/focas.uniso.br\/wp-content\/uploads\/2025\/05\/WhatsApp-Image-2025-05-28-at-11.21.06-300x211.jpeg 300w\" sizes=\"auto, (max-width: 598px) 100vw, 598px\" \/><figcaption class=\"wp-element-caption\">Foto: Reprodu\u00e7\u00e3o <\/figcaption><\/figure>\n<\/figure>\n\n\n\n<p>Segundo Marcelo, s\u00e3o mais de 170 atividades e 7 mil vagas para discutir em palestras que incentivam a discuss\u00e3o e explora\u00e7\u00e3o para novas perspectivas. Para os estudantes, Marcelo destacou que essa \u00e9 a oportunidade de consumir assuntos que n\u00e3o s\u00e3o do seu curso e \u201cpensar fora da caixinha\u201d.&nbsp;<\/p>\n\n\n\n<p>\u201c\u00c9 um evento multidisciplinar. Uma pessoa pode ver e consumir v\u00e1rios assuntos. Alunos, saiam dos ninhos que pertencem, n\u00e3o fiquem presos e fa\u00e7am network com o pessoal que estiver na Uniso\u201d, aconselhou o organizador.&nbsp;<\/p>\n\n\n\n<p>Marcelo informou que at\u00e9 esta sexta-feira (23) foram mais de 986 acessos ao Bimo, assistente virtual criado para auxiliar em pesquisas de palestras por tema. Ao todo, s\u00e3o sete eixos abordados no Mobi, 30% do p\u00fablico que comparece s\u00e3o visitantes da comunidade. Na edi\u00e7\u00e3o de 2025, nos tr\u00eas dias, s\u00e3o esperadas mais de 20 mil pessoas.<\/p>\n\n\n\n<p>Conforme o organizador, o encontro sobre moedas digitais, negocia\u00e7\u00e3o e neg\u00f3cios, \u00e9 um assunto novo e de relev\u00e2ncia atual entre os jovens. J\u00e1 os assuntos sobre inova\u00e7\u00e3o e empreendedorismo s\u00e3o de \u201carrepiar\u201d, por serem t\u00e3o necess\u00e1rios e profundos.&nbsp;<\/p>\n\n\n\n<p>\u201cNa regi\u00e3o, n\u00e3o existe algo parecido, n\u00e3o tem um evento com um formato multicultural como esse, com cultura e inova\u00e7\u00e3o. Para o aluno, isso \u00e9 um diferencial, n\u00e3o existe isso em outra universidade, um evento onde mostra outras oportunidades. O Mobi \u00e9 pr\u00e1tica\u201d, completou Marcelo.<\/p>\n\n\n\n<p>Na edi\u00e7\u00e3o de 2025, o gestor contou que al\u00e9m do sucesso, ele espera que as pessoas aprendam e fa\u00e7am conex\u00f5es, e que al\u00e9m de festejar uns com os outros, esse festival resulte em boas conex\u00f5es e a constru\u00e7\u00e3o de uma rede fortalecida entre alunos, comunidade e empresas.&nbsp;<\/p>\n\n\n\n<figure class=\"wp-block-image size-full\"><img loading=\"lazy\" decoding=\"async\" width=\"612\" height=\"431\" src=\"https:\/\/focas.uniso.br\/wp-content\/uploads\/2025\/05\/WhatsApp-Image-2025-05-28-at-11.21.31.jpeg\" alt=\"\" class=\"wp-image-3376\" srcset=\"https:\/\/focas.uniso.br\/wp-content\/uploads\/2025\/05\/WhatsApp-Image-2025-05-28-at-11.21.31.jpeg 612w, https:\/\/focas.uniso.br\/wp-content\/uploads\/2025\/05\/WhatsApp-Image-2025-05-28-at-11.21.31-300x211.jpeg 300w\" sizes=\"auto, (max-width: 612px) 100vw, 612px\" \/><figcaption class=\"wp-element-caption\">Foto: Reprodu\u00e7\u00e3o <\/figcaption><\/figure>\n\n\n\n<p>O Mobi 2025, um festival que promete a imers\u00e3o em conhecimento, inova\u00e7\u00e3o e conex\u00e3o, aborda temas essenciais para a constru\u00e7\u00e3o de um futuro positivo em comunidade. O evento acontece nos dias 5, 6 e 7 de junho na Universidade de Sorocaba (Uniso), localizada na Rodovia Raposo Tavares, quil\u00f4metro 92,5 em Sorocaba (SP).&nbsp;<\/p>\n\n\n\n<p>Esse \u00e9 um evento gratuito, os interessados devem reservar seus ingressos atrav\u00e9s do site oficial do evento: <a href=\"http:\/\/www.mobirms.com.br\">www.mobirms.com.br<\/a> e em caso de d\u00favidas, podem entrar em contato pelo telefone (15) 99255-0225. O festival conta com apoio do Sebrae, Universidade de Sorocaba (Uniso) e do Instituto de Ci\u00eancia e Tecnologia da Uniso.<\/p>\n\n\n\n<figure class=\"wp-block-image size-full\"><img loading=\"lazy\" decoding=\"async\" width=\"558\" height=\"935\" src=\"https:\/\/focas.uniso.br\/wp-content\/uploads\/2025\/05\/WhatsApp-Image-2025-05-28-at-11.21.38.jpeg\" alt=\"\" class=\"wp-image-3377\" srcset=\"https:\/\/focas.uniso.br\/wp-content\/uploads\/2025\/05\/WhatsApp-Image-2025-05-28-at-11.21.38.jpeg 558w, https:\/\/focas.uniso.br\/wp-content\/uploads\/2025\/05\/WhatsApp-Image-2025-05-28-at-11.21.38-179x300.jpeg 179w\" sizes=\"auto, (max-width: 558px) 100vw, 558px\" \/><figcaption class=\"wp-element-caption\">Foto: Reprodu\u00e7\u00e3o <\/figcaption><\/figure>\n","protected":false},"excerpt":{"rendered":"<p>O Mobi 2025 acontece na Universidade de Sorocaba (Uniso) nos dias 5, 6 e 7 de junho. Esse evento \u00e9<\/p>\n","protected":false},"author":1,"featured_media":0,"comment_status":"open","ping_status":"open","sticky":false,"template":"","format":"standard","meta":{"colormag_page_container_layout":"default_layout","colormag_page_sidebar_layout":"default_layout","footnotes":""},"categories":[15,9,37,14],"tags":[30,41,29,28],"class_list":["post-3371","post","type-post","status-publish","format-standard","hentry","category-jornalismo","category-jornalismo-online","category-sorocaba","category-uniso","tag-focas","tag-focas-na-rede","tag-jornalismo","tag-uniso"],"featured_image_urls":{"full":"","thumbnail":"","medium":"","medium_large":"","large":"","1536x1536":"","2048x2048":"","colormag-highlighted-post":"","colormag-featured-post-medium":"","colormag-featured-post-small":"","colormag-featured-image":"","colormag-default-news":"","colormag-featured-image-large":""},"author_info":{"info":["focas"]},"category_info":"<a href=\"https:\/\/focas.uniso.br\/index.php\/category\/jornalismo\/\" rel=\"category tag\">Jornalismo<\/a> <a href=\"https:\/\/focas.uniso.br\/index.php\/category\/jornalismo-online\/\" rel=\"category tag\">jornalismo online<\/a> <a href=\"https:\/\/focas.uniso.br\/index.php\/category\/sorocaba\/\" rel=\"category tag\">Sorocaba<\/a> <a href=\"https:\/\/focas.uniso.br\/index.php\/category\/uniso\/\" rel=\"category tag\">Uniso<\/a>","tag_info":"Uniso","comment_count":"0","_links":{"self":[{"href":"https:\/\/focas.uniso.br\/index.php\/wp-json\/wp\/v2\/posts\/3371","targetHints":{"allow":["GET"]}}],"collection":[{"href":"https:\/\/focas.uniso.br\/index.php\/wp-json\/wp\/v2\/posts"}],"about":[{"href":"https:\/\/focas.uniso.br\/index.php\/wp-json\/wp\/v2\/types\/post"}],"author":[{"embeddable":true,"href":"https:\/\/focas.uniso.br\/index.php\/wp-json\/wp\/v2\/users\/1"}],"replies":[{"embeddable":true,"href":"https:\/\/focas.uniso.br\/index.php\/wp-json\/wp\/v2\/comments?post=3371"}],"version-history":[{"count":3,"href":"https:\/\/focas.uniso.br\/index.php\/wp-json\/wp\/v2\/posts\/3371\/revisions"}],"predecessor-version":[{"id":3380,"href":"https:\/\/focas.uniso.br\/index.php\/wp-json\/wp\/v2\/posts\/3371\/revisions\/3380"}],"wp:attachment":[{"href":"https:\/\/focas.uniso.br\/index.php\/wp-json\/wp\/v2\/media?parent=3371"}],"wp:term":[{"taxonomy":"category","embeddable":true,"href":"https:\/\/focas.uniso.br\/index.php\/wp-json\/wp\/v2\/categories?post=3371"},{"taxonomy":"post_tag","embeddable":true,"href":"https:\/\/focas.uniso.br\/index.php\/wp-json\/wp\/v2\/tags?post=3371"}],"curies":[{"name":"wp","href":"https:\/\/api.w.org\/{rel}","templated":true}]}}