{"id":338,"date":"2017-04-17T17:27:00","date_gmt":"2017-04-17T17:27:00","guid":{"rendered":"http:\/\/focas.uniso.br\/index.php\/2017\/04\/17\/alunos-catolicos-da-uniso-fazem-jejum-na-quaresma\/"},"modified":"2017-04-17T17:27:00","modified_gmt":"2017-04-17T17:27:00","slug":"alunos-catolicos-da-uniso-fazem-jejum-na-quaresma","status":"publish","type":"post","link":"https:\/\/focas.uniso.br\/index.php\/2017\/04\/17\/alunos-catolicos-da-uniso-fazem-jejum-na-quaresma\/","title":{"rendered":"Alunos cat\u00f3licos da Uniso fazem jejum na Quaresma"},"content":{"rendered":"<div style=\"clear: both; text-align: center;\"><a href=\"https:\/\/4.bp.blogspot.com\/-_FqBpFNQSiQ\/WPT6I-N2tQI\/AAAAAAAAF34\/aT22lvoSwQ8PdQzZ31ux7H2G0sTD3cmugCLcB\/s1600\/17951505_1281428231946020_728657238117359423_n.png\" style=\"margin-left: 1em; margin-right: 1em;\"><img loading=\"lazy\" decoding=\"async\" border=\"0\" height=\"282\" src=\"https:\/\/4.bp.blogspot.com\/-_FqBpFNQSiQ\/WPT6I-N2tQI\/AAAAAAAAF34\/aT22lvoSwQ8PdQzZ31ux7H2G0sTD3cmugCLcB\/s400\/17951505_1281428231946020_728657238117359423_n.png\" width=\"400\" \/><\/a><\/div>\n<div style=\"text-align: justify;\">Quaresma \u00e9 o per\u00edodo de 40 dias que antecedem a principal celebra\u00e7\u00e3o da Igreja Cat\u00f3lica, a P\u00e1scoa. Ela come\u00e7a na quarta-feira de cinzas e termina no S\u00e1bado Santo ou de Aleluia, anterior ao Domingo de P\u00e1scoa. Durante esses dias que precedem a Semana Santa e a P\u00e1scoa, os crist\u00e3os dedicam-se \u00e0 reflex\u00e3o e \u00e0 convers\u00e3o espiritual, e se recolhem em ora\u00e7\u00e3o e penit\u00eancia.<\/div>\n<div style=\"text-align: justify;\">Para aluna do quinto semestre de jornalismo da Uniso, Maria Lu\u00edza Martins (19), que faz a Quaresma desde pequena conta que nunca foi algo t\u00e3o dif\u00edcil como a atual. \u2018\u2019Quando era crian\u00e7a eu tirava sempre alguma coisa que achava que fazia em excesso e n\u00e3o fazia bem pra mim e, esse ano, decidi fazer jejum de carne vermelha nas quartas e sextas feiras\u2019\u2019, afirma ela.&nbsp;<\/div>\n<div style=\"text-align: justify;\">Hoje, a maioria dos jovens que fazem a Quaresma vem de fam\u00edlias cat\u00f3licas, assim como a aluna Maria Lu\u00edza. O estudante do quinto semestre de Filosofia da Uniso e seminarista Bruno Henrique Franchin (22), comenta que ele e sua fam\u00edlia fazem as penit\u00eancias, entre elas o jejum de carne, disse Bruno.&nbsp;<\/div>\n<div style=\"text-align: justify;\">O jejum \u00e9 estabelecido para a Quarta-feira de Cinzas e a Sexta-feira da Paix\u00e3o. Muitos aproveitam este per\u00edodo para fazer uma dieta saud\u00e1vel para o corpo e para a alma, o que n\u00e3o \u00e9 a raz\u00e3o dessas pr\u00e1ticas espirituais. Alguns escolhem como privar-se das guloseimas. Os que abusam do \u00e1lcool tamb\u00e9m podem evitar o consumo exagerado. O mesmo com o cigarro.<\/div>\n<div style=\"text-align: justify;\">Franchin disse que, nesse ano, al\u00e9m da abstin\u00eancia de carne, est\u00e1 fazendo outras penit\u00eancias, \u201cabdicando de ouvir m\u00fasica e, com isso, escutar mais a Deus como tamb\u00e9m os seus projetos. Tamb\u00e9m deixei minha barba crescer, como forma de deixar a vaidade de lado, para que Cristo possa ser mais importante na minha vida, e, por \u00faltimo, dedicando tempo a mais ora\u00e7\u00f5es, que s\u00e3o o verdadeiro escudo do crist\u00e3o\u2019\u2019, explicou.<\/div>\n<div style=\"text-align: justify;\"><\/div>\n<div style=\"text-align: justify;\"><\/div>\n<div style=\"text-align: justify;\">Texto: Maria Ver\u00f4nica\/Ag\u00eanciaJor<\/div>\n<div style=\"text-align: justify;\">Foto: Site DIvulga\u00e7\u00e3o<\/div>\n","protected":false},"excerpt":{"rendered":"<p>Quaresma \u00e9 o per\u00edodo de 40 dias que antecedem a principal celebra\u00e7\u00e3o da Igreja Cat\u00f3lica, a P\u00e1scoa. Ela come\u00e7a na<\/p>\n","protected":false},"author":1,"featured_media":0,"comment_status":"open","ping_status":"open","sticky":false,"template":"","format":"standard","meta":{"colormag_page_container_layout":"default_layout","colormag_page_sidebar_layout":"default_layout","footnotes":""},"categories":[1],"tags":[],"class_list":["post-338","post","type-post","status-publish","format-standard","hentry","category-uncategorized"],"featured_image_urls":{"full":"","thumbnail":"","medium":"","medium_large":"","large":"","1536x1536":"","2048x2048":"","colormag-highlighted-post":"","colormag-featured-post-medium":"","colormag-featured-post-small":"","colormag-featured-image":"","colormag-default-news":"","colormag-featured-image-large":""},"author_info":{"info":["focas"]},"category_info":"<a href=\"https:\/\/focas.uniso.br\/index.php\/category\/uncategorized\/\" rel=\"category tag\">Uncategorized<\/a>","tag_info":"Uncategorized","comment_count":"0","_links":{"self":[{"href":"https:\/\/focas.uniso.br\/index.php\/wp-json\/wp\/v2\/posts\/338","targetHints":{"allow":["GET"]}}],"collection":[{"href":"https:\/\/focas.uniso.br\/index.php\/wp-json\/wp\/v2\/posts"}],"about":[{"href":"https:\/\/focas.uniso.br\/index.php\/wp-json\/wp\/v2\/types\/post"}],"author":[{"embeddable":true,"href":"https:\/\/focas.uniso.br\/index.php\/wp-json\/wp\/v2\/users\/1"}],"replies":[{"embeddable":true,"href":"https:\/\/focas.uniso.br\/index.php\/wp-json\/wp\/v2\/comments?post=338"}],"version-history":[{"count":0,"href":"https:\/\/focas.uniso.br\/index.php\/wp-json\/wp\/v2\/posts\/338\/revisions"}],"wp:attachment":[{"href":"https:\/\/focas.uniso.br\/index.php\/wp-json\/wp\/v2\/media?parent=338"}],"wp:term":[{"taxonomy":"category","embeddable":true,"href":"https:\/\/focas.uniso.br\/index.php\/wp-json\/wp\/v2\/categories?post=338"},{"taxonomy":"post_tag","embeddable":true,"href":"https:\/\/focas.uniso.br\/index.php\/wp-json\/wp\/v2\/tags?post=338"}],"curies":[{"name":"wp","href":"https:\/\/api.w.org\/{rel}","templated":true}]}}