{"id":3383,"date":"2025-05-29T09:16:14","date_gmt":"2025-05-29T12:16:14","guid":{"rendered":"https:\/\/focas.uniso.br\/?p=3383"},"modified":"2025-05-29T09:16:14","modified_gmt":"2025-05-29T12:16:14","slug":"quando-a-moda-danca-canta-e-desfila-a-memoria-a-forca-das-esteticas-negras-na-viii-semana-de-moda-da-uniso","status":"publish","type":"post","link":"https:\/\/focas.uniso.br\/index.php\/2025\/05\/29\/quando-a-moda-danca-canta-e-desfila-a-memoria-a-forca-das-esteticas-negras-na-viii-semana-de-moda-da-uniso\/","title":{"rendered":"Quando a moda dan\u00e7a, canta e desfila a mem\u00f3ria: a for\u00e7a das est\u00e9ticas negras na VIII Semana de Moda da Uniso"},"content":{"rendered":"\n<p>Por Gabriela Vasconcelos (Ag\u00eancia Focas &#8211; Jornalismo Uniso)<\/p>\n\n\n\n<figure class=\"wp-block-image size-full\"><img loading=\"lazy\" decoding=\"async\" width=\"711\" height=\"534\" src=\"https:\/\/focas.uniso.br\/wp-content\/uploads\/2025\/05\/WhatsApp-Image-2025-05-28-at-22.51.35.jpeg\" alt=\"\" class=\"wp-image-3384\" srcset=\"https:\/\/focas.uniso.br\/wp-content\/uploads\/2025\/05\/WhatsApp-Image-2025-05-28-at-22.51.35.jpeg 711w, https:\/\/focas.uniso.br\/wp-content\/uploads\/2025\/05\/WhatsApp-Image-2025-05-28-at-22.51.35-300x225.jpeg 300w\" sizes=\"auto, (max-width: 711px) 100vw, 711px\" \/><figcaption class=\"wp-element-caption\">Exposi\u00e7\u00e3o na Biblioteca Alu\u00edsio de Almeida &#8211; Foto: Gabriela Vasconcelos <\/figcaption><\/figure>\n\n\n\n<p>Na semana passada, a VIII Semana de Moda da Universidade de Sorocaba (Uniso) abriu espa\u00e7o para uma exposi\u00e7\u00e3o in\u00e9dita que entrela\u00e7ou moda, arte e ancestralidade, propondo um mergulho nas express\u00f5es culturais afro-brasileiras por meio de trajes, imagens e hist\u00f3rias. Realizada na Biblioteca Alu\u00edsio de Almeida, no Campus Cidade Universit\u00e1ria, a mostra foi idealizada pela professora Aym\u00ea Okasaki, em parceria com o Fayola Odara \u2013 Grupo de Pesquisas Est\u00e9ticas e Culturais Africanas e Afro Diasp\u00f3ricas. A exposi\u00e7\u00e3o reuniu figurinos e objetos c\u00eanicos que atravessaram diferentes linguagens e territ\u00f3rios: m\u00fasica, carnaval, capoeira, samba de roda, religi\u00e3o, dan\u00e7a e performance.<\/p>\n\n\n\n<p><em>Essa exposi\u00e7\u00e3o \u00e9 um trabalho conjunto da VIII Semana de Moda da Uniso com o grupo de pesquisa que lidero, o Fayola Odara. Nosso grupo de pesquisa j\u00e1 participa da Semana de Moda h\u00e1 algumas edi\u00e7\u00f5es e, desta vez, trouxemos trajes que dialogassem com as distintas cenas que atuamos: m\u00fasica, carnaval, capoeira e samba de roda. Todos os figurinos foram utilizados em celebra\u00e7\u00f5es com rela\u00e7\u00e3o \u00e0 cultura afro-brasileira<\/em>, diz a professora.<\/p>\n\n\n\n<p>A professora Aym\u00ea Okasaki atua h\u00e1 oito anos no curso de Moda da Uniso, e \u00e9 doutora em Hist\u00f3ria Social pela Universidade de S\u00e3o Paulo (USP). Sua pesquisa se concentra nos trajes de candombl\u00e9, e foi a partir dessa trajet\u00f3ria que ela estruturou o grupo Fayola Odara, com apoio da historiadora Marina de Mello e Souza (USP) e do passista e pesquisador Roberto Santos, doutorando da Universidade Estadual Paulista (Unesp). O grupo tem como proposta ampliar o debate sobre est\u00e9ticas negras e suas articula\u00e7\u00f5es com a vida cotidiana, os territ\u00f3rios e os corpos.<\/p>\n\n\n\n<p>Um dos n\u00facleos da exposi\u00e7\u00e3o apresentou os figurinos da cantora sorocabana Lalis, desenvolvidos por Marcel Marques \u2013 egresso dos cursos de Moda e Jornalismo da Uniso, e rec\u00e9m-mestre em Comunica\u00e7\u00e3o pela mesma institui\u00e7\u00e3o. Os trajes foram usados pela artista em apresenta\u00e7\u00f5es e no curta-metragem musical <em>Em Constru\u00e7\u00e3o<\/em>, dirigido por Marcel, que tamb\u00e9m assina a dire\u00e7\u00e3o de arte e as composi\u00e7\u00f5es. O filme, exibido na abertura da exposi\u00e7\u00e3o, est\u00e1 dispon\u00edvel no YouTube e traz elementos visuais que atravessam a experi\u00eancia da cantora como mulher negra. O curta tamb\u00e9m pode ser acessado a partir do seguinte link: <a href=\"https:\/\/linkdireto.co\/emconstrucao\">https:\/\/linkdireto.co\/emconstrucao<\/a>.<\/p>\n\n\n\n<figure class=\"wp-block-image size-full\"><img loading=\"lazy\" decoding=\"async\" width=\"642\" height=\"1009\" src=\"https:\/\/focas.uniso.br\/wp-content\/uploads\/2025\/05\/WhatsApp-Image-2025-05-28-at-22.51.47.jpeg\" alt=\"\" class=\"wp-image-3385\" srcset=\"https:\/\/focas.uniso.br\/wp-content\/uploads\/2025\/05\/WhatsApp-Image-2025-05-28-at-22.51.47.jpeg 642w, https:\/\/focas.uniso.br\/wp-content\/uploads\/2025\/05\/WhatsApp-Image-2025-05-28-at-22.51.47-191x300.jpeg 191w\" sizes=\"auto, (max-width: 642px) 100vw, 642px\" \/><figcaption class=\"wp-element-caption\">P\u00f4ster do curta-metragem musical Em Constru\u00e7\u00e3o &#8211; Foto: <\/figcaption><\/figure>\n\n\n\n<p><em>O trabalho havia sido exposto em um curta musical e tamb\u00e9m em shows da cantora pela regi\u00e3o. Tanto os figurinos quanto as m\u00fasicas e dire\u00e7\u00e3o de arte, feitas por Marcel, debatem a trajet\u00f3ria pessoal de Lalis como uma mulher negra e sua rela\u00e7\u00e3o com a est\u00e9tica, com o cabelo, sua imagem, seja no contexto escolar, durante a inf\u00e2ncia, na adolesc\u00eancia e na contemporaneidade. Al\u00e9m dos figurinos produzidos, h\u00e1 fotografias do curta. Destaque para o durag (tecido amarrado na cabe\u00e7a), apresentado na exposi\u00e7\u00e3o, e para o espelho quebrado e remendado, que aparecem durante o curta<\/em>, detalha Okasaki.<\/p>\n\n\n\n<p>A mostra tamb\u00e9m apresentou as fantasias de carnaval criadas por Roberto Santos, passista e figurinista com mais de vinte anos de experi\u00eancia nas escolas de samba de S\u00e3o Paulo.<\/p>\n\n\n\n<p><em>Temos os trajes de carnaval de Roberto Santos, passista de escolas de samba de S\u00e3o Paulo, que confecciona todas as suas fantasias. Como homem negro e criador dos trajes, Roberto possui mais de vinte anos de experi\u00eancia, produzindo com diferentes temas, muitos dos quais refletem as culturas afro-brasileiras e ind\u00edgenas<\/em>, afirma a professora.<\/p>\n\n\n\n<p>Para contextualizar ainda mais essa produ\u00e7\u00e3o, Aym\u00ea cedeu seus pr\u00f3prios cadernos de jurada de fantasia do carnaval de S\u00e3o Paulo, fun\u00e7\u00e3o que exerceu em 2014 e 2015 no Samb\u00f3dromo do Anhembi. O material revela os bastidores dos desfiles e a complexidade do trabalho envolvido em cada apresenta\u00e7\u00e3o.<\/p>\n\n\n\n<p><em>Para complementar as fantasias de carnaval, peguei meus pr\u00f3prios cadernos de jurada de fantasia de carnaval de S\u00e3o Paulo, no qual pude atuar nos anos de 2014 e 2015, que mostram os bastidores dos desfiles de carnaval e todo o trabalho que cada escola de samba tem para apresentar seu desfile no Samb\u00f3dromo do Anhembi<\/em>, conta.<\/p>\n\n\n\n<figure class=\"wp-block-image size-full\"><img loading=\"lazy\" decoding=\"async\" width=\"740\" height=\"553\" src=\"https:\/\/focas.uniso.br\/wp-content\/uploads\/2025\/05\/WhatsApp-Image-2025-05-28-at-22.51.56.jpeg\" alt=\"\" class=\"wp-image-3386\" srcset=\"https:\/\/focas.uniso.br\/wp-content\/uploads\/2025\/05\/WhatsApp-Image-2025-05-28-at-22.51.56.jpeg 740w, https:\/\/focas.uniso.br\/wp-content\/uploads\/2025\/05\/WhatsApp-Image-2025-05-28-at-22.51.56-300x224.jpeg 300w\" sizes=\"auto, (max-width: 740px) 100vw, 740px\" \/><figcaption class=\"wp-element-caption\">Foto: Gabriela Vasconcelos <\/figcaption><\/figure>\n\n\n\n<p>O terceiro n\u00facleo da exposi\u00e7\u00e3o \u00e9 assinado pela pesquisadora Eliany Funari e apresenta trajes, imagens e pe\u00e7as do N\u00facleo Afro-Brasileiro da USP. O espa\u00e7o nasceu como uma ocupa\u00e7\u00e3o no campus do Butant\u00e3 e oferece aulas de capoeira com o grupo Guerreiros de Senzala, oficinas de dan\u00e7a e celebra\u00e7\u00f5es relacionadas aos terreiros do Rec\u00f4ncavo Baiano. A presen\u00e7a dos trajes das sambadeiras de roda destaca as conex\u00f5es vivas entre S\u00e3o Paulo e a Bahia, entre juventudes urbanas e tradi\u00e7\u00f5es ancestrais.<\/p>\n\n\n\n<p><em>Vale destacar os trajes das mulheres sambadeiras de roda e como este grupo conecta S\u00e3o Paulo com os [grupos de trajes] mais velhos na Bahia<\/em>, destaca Okasaki.<\/p>\n\n\n\n<p>Na abertura da exposi\u00e7\u00e3o, o p\u00fablico p\u00f4de assistir ao curta musical de Lalis e participar de uma oficina de croquis (desenhos feitos \u00e0 m\u00e3o), que prop\u00f4s a cria\u00e7\u00e3o de trajes de cena inspirados nas pe\u00e7as expostas. Os croquis sugeridos ser\u00e3o utilizados como base para futuros projetos colaborativos com os artistas envolvidos na mostra.<\/p>\n\n\n\n<p><em>Passamos o curta musical da Lalis e desenvolvemos uma oficina de croquis, na qual o p\u00fablico p\u00f4de sugerir trajes de cena inspirados na exposi\u00e7\u00e3o. Queremos que estes croquis reverberem em projetos com os artistas da mostra<\/em>, conclui a professora.<\/p>\n\n\n\n<figure class=\"wp-block-image size-full\"><img loading=\"lazy\" decoding=\"async\" width=\"569\" height=\"564\" src=\"https:\/\/focas.uniso.br\/wp-content\/uploads\/2025\/05\/WhatsApp-Image-2025-05-28-at-22.52.03.jpeg\" alt=\"\" class=\"wp-image-3387\" srcset=\"https:\/\/focas.uniso.br\/wp-content\/uploads\/2025\/05\/WhatsApp-Image-2025-05-28-at-22.52.03.jpeg 569w, https:\/\/focas.uniso.br\/wp-content\/uploads\/2025\/05\/WhatsApp-Image-2025-05-28-at-22.52.03-300x297.jpeg 300w, https:\/\/focas.uniso.br\/wp-content\/uploads\/2025\/05\/WhatsApp-Image-2025-05-28-at-22.52.03-150x150.jpeg 150w\" sizes=\"auto, (max-width: 569px) 100vw, 569px\" \/><figcaption class=\"wp-element-caption\">Croqui de moda, tamb\u00e9m conhecido como desenho art\u00edstico ou croqui de estilo, \u00e9 um esbo\u00e7o que expressa as ideias principais do estilista para uma pe\u00e7a ou cole\u00e7\u00e3o. A partir desse primeiro desenho, o designer desenvolve e refina os detalhes da cria\u00e7\u00e3o &#8211; Foto: Reprodu\u00e7\u00e3o <\/figcaption><\/figure>\n\n\n\n<p>A exposi\u00e7\u00e3o integrou a programa\u00e7\u00e3o da VIII Semana de Moda da Uniso, afirmando o compromisso com uma educa\u00e7\u00e3o est\u00e9tica, cr\u00edtica e inclusiva, capaz de reconhecer a riqueza e a pot\u00eancia das express\u00f5es afrodiasp\u00f3ricas em suas m\u00faltiplas linguagens.<\/p>\n","protected":false},"excerpt":{"rendered":"<p>Por Gabriela Vasconcelos (Ag\u00eancia Focas &#8211; Jornalismo Uniso) Na semana passada, a VIII Semana de Moda da Universidade de Sorocaba<\/p>\n","protected":false},"author":1,"featured_media":0,"comment_status":"open","ping_status":"open","sticky":false,"template":"","format":"standard","meta":{"colormag_page_container_layout":"default_layout","colormag_page_sidebar_layout":"default_layout","footnotes":""},"categories":[15,9,37,14],"tags":[30,41,29,28],"class_list":["post-3383","post","type-post","status-publish","format-standard","hentry","category-jornalismo","category-jornalismo-online","category-sorocaba","category-uniso","tag-focas","tag-focas-na-rede","tag-jornalismo","tag-uniso"],"featured_image_urls":{"full":"","thumbnail":"","medium":"","medium_large":"","large":"","1536x1536":"","2048x2048":"","colormag-highlighted-post":"","colormag-featured-post-medium":"","colormag-featured-post-small":"","colormag-featured-image":"","colormag-default-news":"","colormag-featured-image-large":""},"author_info":{"info":["focas"]},"category_info":"<a href=\"https:\/\/focas.uniso.br\/index.php\/category\/jornalismo\/\" rel=\"category tag\">Jornalismo<\/a> <a href=\"https:\/\/focas.uniso.br\/index.php\/category\/jornalismo-online\/\" rel=\"category tag\">jornalismo online<\/a> <a href=\"https:\/\/focas.uniso.br\/index.php\/category\/sorocaba\/\" rel=\"category tag\">Sorocaba<\/a> <a href=\"https:\/\/focas.uniso.br\/index.php\/category\/uniso\/\" rel=\"category tag\">Uniso<\/a>","tag_info":"Uniso","comment_count":"0","_links":{"self":[{"href":"https:\/\/focas.uniso.br\/index.php\/wp-json\/wp\/v2\/posts\/3383","targetHints":{"allow":["GET"]}}],"collection":[{"href":"https:\/\/focas.uniso.br\/index.php\/wp-json\/wp\/v2\/posts"}],"about":[{"href":"https:\/\/focas.uniso.br\/index.php\/wp-json\/wp\/v2\/types\/post"}],"author":[{"embeddable":true,"href":"https:\/\/focas.uniso.br\/index.php\/wp-json\/wp\/v2\/users\/1"}],"replies":[{"embeddable":true,"href":"https:\/\/focas.uniso.br\/index.php\/wp-json\/wp\/v2\/comments?post=3383"}],"version-history":[{"count":1,"href":"https:\/\/focas.uniso.br\/index.php\/wp-json\/wp\/v2\/posts\/3383\/revisions"}],"predecessor-version":[{"id":3388,"href":"https:\/\/focas.uniso.br\/index.php\/wp-json\/wp\/v2\/posts\/3383\/revisions\/3388"}],"wp:attachment":[{"href":"https:\/\/focas.uniso.br\/index.php\/wp-json\/wp\/v2\/media?parent=3383"}],"wp:term":[{"taxonomy":"category","embeddable":true,"href":"https:\/\/focas.uniso.br\/index.php\/wp-json\/wp\/v2\/categories?post=3383"},{"taxonomy":"post_tag","embeddable":true,"href":"https:\/\/focas.uniso.br\/index.php\/wp-json\/wp\/v2\/tags?post=3383"}],"curies":[{"name":"wp","href":"https:\/\/api.w.org\/{rel}","templated":true}]}}