{"id":339,"date":"2017-04-12T18:03:00","date_gmt":"2017-04-12T18:03:00","guid":{"rendered":"http:\/\/focas.uniso.br\/index.php\/2017\/04\/12\/superacao-sobre-duas-rodas\/"},"modified":"2017-04-12T18:03:00","modified_gmt":"2017-04-12T18:03:00","slug":"superacao-sobre-duas-rodas","status":"publish","type":"post","link":"https:\/\/focas.uniso.br\/index.php\/2017\/04\/12\/superacao-sobre-duas-rodas\/","title":{"rendered":"Supera\u00e7\u00e3o sobre duas rodas"},"content":{"rendered":"<div style=\"text-align: justify;\"><\/div>\n<div style=\"clear: both; text-align: center;\"><a href=\"https:\/\/1.bp.blogspot.com\/-A8laq-g71JA\/WO5qK-0f_yI\/AAAAAAAAF3c\/Ih370t3IvYw4aFsiy_BGNJ32MH2tVtO6wCEw\/s1600\/FOTO%2B2%2BARQUIVO%2BPESSOAL.jpg\" style=\"margin-left: 1em; margin-right: 1em;\"><img loading=\"lazy\" decoding=\"async\" border=\"0\" height=\"282\" src=\"https:\/\/1.bp.blogspot.com\/-A8laq-g71JA\/WO5qK-0f_yI\/AAAAAAAAF3c\/Ih370t3IvYw4aFsiy_BGNJ32MH2tVtO6wCEw\/s320\/FOTO%2B2%2BARQUIVO%2BPESSOAL.jpg\" width=\"320\" \/><\/a><\/div>\n<div><\/div>\n<div style=\"text-align: justify;\"><span style=\"font-family: &quot;Times New Roman&quot;,&quot;serif&quot;; font-size: 12.0pt; line-height: 115%;\">&nbsp; &nbsp; &nbsp;Medo, vergonha, inseguran\u00e7a. Esses sentimentos s\u00e3o comuns na vida de quem est\u00e1 acima do peso. Muitos passam por dificuldades, sofrem preconceitos e tamb\u00e9m se isolam.&nbsp; <br \/>Foi por esse motivo que Matheus Nunes de Oliveira, 23, advogado, resolveu fazer uma viagem pela costa Sul do Brasil e todo o Uruguai. Seu prop\u00f3sito? Superar-se em algo desafiador e incentivar as pessoas.<o:p><\/o:p><\/span><\/div>\n<div style=\"text-align: justify;\"><span style=\"font-family: &quot;Times New Roman&quot;,&quot;serif&quot;; font-size: 12.0pt; line-height: 115%;\">&nbsp; &nbsp; Aos 15 anos, Oliveira era atleta, campe\u00e3o de motobike, vice-campe\u00e3o de ciclismo e estava em boa forma f\u00edsica. Depois de deixar os esportes para concentrar-se nos estudos, come\u00e7ou a engordar e chegou aos 120 quilos. As dificuldades come\u00e7aram a aparecer e, com elas, o medo. Tinha amigos, mas n\u00e3o sa\u00eda de casa por vergonha, e aos poucos ia deixando de praticar atividades comuns, como ir a um parque de divers\u00f5es, por receio de quebrar algum brinquedo. Percebendo o problema decidiu mudar, saiu da sua zona de conforto e tomou uma iniciativa.<\/span><\/div>\n<div style=\"text-align: justify;\"><span style=\"font-size: 12pt;\"><span style=\"font-family: Times New Roman, serif;\">&nbsp; &nbsp;<\/span><\/span><span style=\"font-family: &quot;Times New Roman&quot;, serif; font-size: 12pt;\">Ele conta que emagreceu de forma dr\u00e1stica, estava desesperado, chegou a conversar com nutricionistas, baixou alguns aplicativos de controle de emagrecimento e fez estudos sobre alimentos, por\u00e9m, n\u00e3o teve um acompanhamento profissional, o que foi um erro. \u201cHoje, deixo um alerta para quem deseja realmente emagrecer, que busque um profissional da sa\u00fade ou do esporte\u201d, diz.<\/span><\/div>\n<div style=\"text-align: justify;\"><span style=\"font-family: &quot;Times New Roman&quot;,&quot;serif&quot;; font-size: 12.0pt; line-height: 115%;\">Ap\u00f3s perder 40 quilos em seis meses, decidiu fazer uma viagem para mostrar que \u00e9 poss\u00edvel ter uma vida saud\u00e1vel com esportes e uma boa alimenta\u00e7\u00e3o. A viagem durou 42 dias, desses, Oliveira pedalou 33. Foram mais de dois mil e cem quil\u00f4metros percorridos, que equivalem, aproximadamente, \u00e0 mesma dist\u00e2ncia de S\u00e3o Paulo a Salvador. O restante dos dias ele caminhou, correu e tamb\u00e9m fez nata\u00e7\u00e3o, mas parou com a chegada do inverno.<o:p><\/o:p><\/span><\/div>\n<table cellpadding=\"0\" cellspacing=\"0\" style=\"float: right; text-align: right;\">\n<tbody>\n<tr>\n<td style=\"text-align: center;\"><a href=\"https:\/\/4.bp.blogspot.com\/-DKjSdjwjzGA\/WO5qpOmJOdI\/AAAAAAAAF3g\/CZsx9vErMdQbZ6TCzNGEO3g6sL4W2d1bwCLcB\/s1600\/FOTO%2B1%2BARQUIVO%2BPESSOAL.jpg\" style=\"clear: right; margin-bottom: 1em; margin-left: auto; margin-right: auto;\"><img loading=\"lazy\" decoding=\"async\" border=\"0\" height=\"318\" src=\"https:\/\/4.bp.blogspot.com\/-DKjSdjwjzGA\/WO5qpOmJOdI\/AAAAAAAAF3g\/CZsx9vErMdQbZ6TCzNGEO3g6sL4W2d1bwCLcB\/s320\/FOTO%2B1%2BARQUIVO%2BPESSOAL.jpg\" width=\"320\" \/><\/a><\/td>\n<\/tr>\n<tr>\n<td style=\"text-align: center;\">Matheus antes da perda de peso (\u00e0 esq.) e durante a viagem<\/td>\n<\/tr>\n<\/tbody>\n<\/table>\n<div style=\"text-align: justify;\"><span style=\"font-family: &quot;Times New Roman&quot;,&quot;serif&quot;; font-size: 12.0pt; line-height: 115%;\">&nbsp; &nbsp; A ideia da viagem era n\u00e3o se hospedar em hotel. Dormiu em diversos lugares, como a base do corpo de bombeiros, pol\u00edcia, embaixo de uma mesa de sinuca, no vesti\u00e1rio de gin\u00e1sio de esportes e, na maioria das vezes, pessoas cediam suas casas.&nbsp;<\/span><span style=\"font-family: &quot;Times New Roman&quot;, serif; font-size: 12pt;\">Conta, com entusiasmo, que durante o caminho teve experi\u00eancias incr\u00edveis. \u201cTudo foi magn\u00edfico, o mais impressionante n\u00e3o foram os lugares bonitos ou visualmente fant\u00e1sticos, mas as pessoas e amigos que fiz durante toda a viagem\u201d.<\/span><\/div>\n<div style=\"text-align: justify;\"><span style=\"font-family: &quot;Times New Roman&quot;,&quot;serif&quot;; font-size: 12.0pt; line-height: 115%;\"> <o:p><\/o:p><\/span><\/div>\n<div style=\"text-align: justify;\"><span style=\"font-family: &quot;Times New Roman&quot;,&quot;serif&quot;; font-size: 12.0pt; line-height: 115%;\">Oliveira saiu de S\u00e3o Paulo e entrou no Uruguai pelo Chu\u00ed. J\u00e1 emocionado, pensou \u201cestou cruzando a fronteira do meu pa\u00eds com uma bicicleta\u201d. Chegando ao Uruguai, foi para reserva de Santa Teresa. Mais adiante chegou a Castillos, teve ajuda da r\u00e1dio da cidade para conseguir hospedagem. Seguiu o roteiro por Maldonado, Bello Horizonte e, enfim, Montevideo.<o:p><\/o:p><\/span><\/div>\n<div style=\"text-align: justify;\"><span style=\"font-family: &quot;Times New Roman&quot;,&quot;serif&quot;; font-size: 12.0pt; line-height: 115%;\">&nbsp; &nbsp; Chegando \u00e0 capital uruguaia, teve a alegria de encontrar com alguns brasileiros que estavam a passeio. Foi recebido com carinho. Muito emocionado, conta que n\u00e3o se recorda do que aconteceu naquele momento, s\u00f3 se lembra da sensa\u00e7\u00e3o inexplic\u00e1vel de estar l\u00e1. Depois de cinco dias na cidade, ganhou uma viagem para Col\u00f4nia del Sacramento. \u201c\u00c9 um lugar encantador, rom\u00e2ntico e charmoso, fiquei duas noites e tive a oportunidade de ir para Bueno Aires de barco\u201d. Foi de Bueno Aires at\u00e9 Foz do Igua\u00e7u, de \u00f4nibus, 18 horas de viagem que valeram a pena, pois, al\u00e9m da cidade, p\u00f4de conhecer o parque das aves e teve contato direto com as araras.<o:p><\/o:p><\/span><\/div>\n<div style=\"text-align: justify;\"><span style=\"font-family: &quot;Times New Roman&quot;,&quot;serif&quot;; font-size: 12.0pt; line-height: 115%;\">&nbsp; &nbsp; A chegada a S\u00e3o Paulo estava programada para um domingo, mas Oliveira chegou no s\u00e1bado, surpreendendo a fam\u00edlia.<o:p><\/o:p><\/span><\/div>\n<table align=\"center\" cellpadding=\"0\" cellspacing=\"0\" style=\"margin-left: auto; margin-right: auto; text-align: center;\">\n<tbody>\n<tr>\n<td style=\"text-align: center;\"><a href=\"https:\/\/1.bp.blogspot.com\/-GgAK-FOFcDo\/WO5rd65l-NI\/AAAAAAAAF3o\/VQyLshfUIP8CvKo1_5K6ZZwvVDxPLRzowCLcB\/s1600\/FOTO%2B4%2BVANESSA%2BFERRANTI.jpg\" style=\"margin-left: auto; margin-right: auto;\"><img loading=\"lazy\" decoding=\"async\" border=\"0\" height=\"320\" src=\"https:\/\/1.bp.blogspot.com\/-GgAK-FOFcDo\/WO5rd65l-NI\/AAAAAAAAF3o\/VQyLshfUIP8CvKo1_5K6ZZwvVDxPLRzowCLcB\/s320\/FOTO%2B4%2BVANESSA%2BFERRANTI.jpg\" width=\"179\" \/><\/a><\/td>\n<\/tr>\n<tr>\n<td style=\"text-align: center;\">Di\u00e1rio da viagem rendeu um livro<\/td>\n<\/tr>\n<\/tbody>\n<\/table>\n<div style=\"text-align: justify;\"><span style=\"font-family: &quot;Times New Roman&quot;,&quot;serif&quot;; font-size: 12.0pt; line-height: 115%;\"><br \/><\/span><\/div>\n<div style=\"text-align: justify;\"><span style=\"font-family: &quot;Times New Roman&quot;,&quot;serif&quot;; font-size: 12.0pt; line-height: 115%;\">&nbsp; &nbsp; Hoje, ministra palestras contando sua historia de supera\u00e7\u00e3o e publicou o livro <i>Emagrecendo e superando limites com uma bicicleta<\/i>, a princ\u00edpio, um di\u00e1rio de bordo. Com a arrecada\u00e7\u00e3o das vendas do livro vai por em pr\u00e1tica o novo projeto de ir para o Canad\u00e1 com sua moto, somente com o dinheiro do combust\u00edvel.<o:p><\/o:p><\/span><\/div>\n<div style=\"text-align: justify;\"><span style=\"font-family: &quot;Times New Roman&quot;,&quot;serif&quot;; font-size: 12.0pt; line-height: 115%;\">&nbsp; &nbsp; &nbsp;Oliveira sente orgulho do que fez, pois conseguiu alcan\u00e7ar seu objetivo e \u00e9 exemplo de motiva\u00e7\u00e3o para muitas pessoas, recebe mensagens de carinho, agradecimentos e conta que p\u00f4de evoluir como ser humano ap\u00f3s essa experi\u00eancia. \u201cAprendi sobre a humildade, bondade e que a maioria das pessoas \u00e9 boa, ao contr\u00e1rio do que dizem. A mesma pessoa ruim tem dentro dela um pouco de bondade, assim espero, na minha leve inoc\u00eancia\u201d.<o:p><\/o:p><\/span><\/div>\n<div style=\"text-align: justify;\"><span style=\"font-family: &quot;Times New Roman&quot;,&quot;serif&quot;; font-size: 12.0pt; line-height: 115%;\"><br \/><\/span><\/div>\n<p><\/p>\n<div style=\"text-align: justify;\"><i><span style=\"color: #444444; font-family: &quot;Arial&quot;,&quot;sans-serif&quot;; font-size: 10.0pt; line-height: 115%;\">Texto: Vanessa Ferranti\/Ag\u00eanciaJor&nbsp;<\/span><\/i><o:p><\/o:p><\/div>\n<div style=\"text-align: justify;\"><i><span style=\"color: #444444; font-family: &quot;Arial&quot;,&quot;sans-serif&quot;; font-size: 10.0pt; line-height: 115%;\">Fotos: Vanessa Ferranti e arquivo pessoal do entrevistado<\/span><\/i><\/div>\n","protected":false},"excerpt":{"rendered":"<p>&nbsp; &nbsp; &nbsp;Medo, vergonha, inseguran\u00e7a. Esses sentimentos s\u00e3o comuns na vida de quem est\u00e1 acima do peso. Muitos passam por<\/p>\n","protected":false},"author":1,"featured_media":0,"comment_status":"open","ping_status":"open","sticky":false,"template":"","format":"standard","meta":{"colormag_page_container_layout":"default_layout","colormag_page_sidebar_layout":"default_layout","footnotes":""},"categories":[1],"tags":[],"class_list":["post-339","post","type-post","status-publish","format-standard","hentry","category-uncategorized"],"featured_image_urls":{"full":"","thumbnail":"","medium":"","medium_large":"","large":"","1536x1536":"","2048x2048":"","colormag-highlighted-post":"","colormag-featured-post-medium":"","colormag-featured-post-small":"","colormag-featured-image":"","colormag-default-news":"","colormag-featured-image-large":""},"author_info":{"info":["focas"]},"category_info":"<a href=\"https:\/\/focas.uniso.br\/index.php\/category\/uncategorized\/\" rel=\"category tag\">Uncategorized<\/a>","tag_info":"Uncategorized","comment_count":"0","_links":{"self":[{"href":"https:\/\/focas.uniso.br\/index.php\/wp-json\/wp\/v2\/posts\/339","targetHints":{"allow":["GET"]}}],"collection":[{"href":"https:\/\/focas.uniso.br\/index.php\/wp-json\/wp\/v2\/posts"}],"about":[{"href":"https:\/\/focas.uniso.br\/index.php\/wp-json\/wp\/v2\/types\/post"}],"author":[{"embeddable":true,"href":"https:\/\/focas.uniso.br\/index.php\/wp-json\/wp\/v2\/users\/1"}],"replies":[{"embeddable":true,"href":"https:\/\/focas.uniso.br\/index.php\/wp-json\/wp\/v2\/comments?post=339"}],"version-history":[{"count":0,"href":"https:\/\/focas.uniso.br\/index.php\/wp-json\/wp\/v2\/posts\/339\/revisions"}],"wp:attachment":[{"href":"https:\/\/focas.uniso.br\/index.php\/wp-json\/wp\/v2\/media?parent=339"}],"wp:term":[{"taxonomy":"category","embeddable":true,"href":"https:\/\/focas.uniso.br\/index.php\/wp-json\/wp\/v2\/categories?post=339"},{"taxonomy":"post_tag","embeddable":true,"href":"https:\/\/focas.uniso.br\/index.php\/wp-json\/wp\/v2\/tags?post=339"}],"curies":[{"name":"wp","href":"https:\/\/api.w.org\/{rel}","templated":true}]}}