{"id":3402,"date":"2025-05-30T09:26:40","date_gmt":"2025-05-30T12:26:40","guid":{"rendered":"https:\/\/focas.uniso.br\/?p=3402"},"modified":"2025-05-30T09:26:40","modified_gmt":"2025-05-30T12:26:40","slug":"nada-sobre-nos-sem-nos-a-arte-que-fala-por-quem-vive-a-cultura-negra","status":"publish","type":"post","link":"https:\/\/focas.uniso.br\/index.php\/2025\/05\/30\/nada-sobre-nos-sem-nos-a-arte-que-fala-por-quem-vive-a-cultura-negra\/","title":{"rendered":"\u201cNada sobre n\u00f3s sem n\u00f3s\u201d: a arte que fala por quem vive a cultura negra"},"content":{"rendered":"\n<p><em>Entre desenhos, jogos e refer\u00eancias visuais, Matheus Henrique levou seu olhar geek e criativo para a identidade visual da Semana de Cultura e Arte Negra e da 1\u00aa Confer\u00eancia Municipal de Promo\u00e7\u00e3o da Igualdade Racial de Sorocaba<\/em><\/p>\n\n\n\n<p>Por Gabriela Vasconcelos (Ag\u00eancia Focas &#8211; Jornalismo Uniso)<\/p>\n\n\n\n<figure class=\"wp-block-image size-full\"><img loading=\"lazy\" decoding=\"async\" width=\"552\" height=\"738\" src=\"https:\/\/focas.uniso.br\/wp-content\/uploads\/2025\/05\/WhatsApp-Image-2025-05-29-at-23.12.45.jpeg\" alt=\"\" class=\"wp-image-3403\" srcset=\"https:\/\/focas.uniso.br\/wp-content\/uploads\/2025\/05\/WhatsApp-Image-2025-05-29-at-23.12.45.jpeg 552w, https:\/\/focas.uniso.br\/wp-content\/uploads\/2025\/05\/WhatsApp-Image-2025-05-29-at-23.12.45-224x300.jpeg 224w\" sizes=\"auto, (max-width: 552px) 100vw, 552px\" \/><figcaption class=\"wp-element-caption\">Matheus Henrique Oliveira de Souza &#8211; Foto: Arquivo Pessoal <\/figcaption><\/figure>\n\n\n\n<p>Respons\u00e1vel pela identidade visual da Semana de Cultura e Arte Negra de Sorocaba 2025, Matheus Henrique Oliveira de Souza, 20 anos, transforma a cria\u00e7\u00e3o gr\u00e1fica em gesto pol\u00edtico. Natural de Sorocaba (SP), ele \u00e9 estagi\u00e1rio da Secretaria de Comunica\u00e7\u00e3o (Secom) da Prefeitura de Sorocaba e viu no projeto uma chance de unir repert\u00f3rio visual com representatividade:<\/p>\n\n\n\n<p><em>Na Secom, recebemos diariamente solicita\u00e7\u00f5es para desenvolver pe\u00e7as gr\u00e1ficas de todo tipo. Quando apareceu o briefing da Semana de Cultura e Arte Negra, senti imediatamente que deveria ser eu a conduzir a arte; meus olhos brilharam e meu cora\u00e7\u00e3o acelerou ao imaginar como poder\u00edamos traduzir visualmente essa celebra\u00e7\u00e3o t\u00e3o importante<\/em>.<\/p>\n\n\n\n<figure class=\"wp-block-image size-full\"><img loading=\"lazy\" decoding=\"async\" width=\"613\" height=\"913\" src=\"https:\/\/focas.uniso.br\/wp-content\/uploads\/2025\/05\/WhatsApp-Image-2025-05-29-at-23.12.56.jpeg\" alt=\"\" class=\"wp-image-3404\" srcset=\"https:\/\/focas.uniso.br\/wp-content\/uploads\/2025\/05\/WhatsApp-Image-2025-05-29-at-23.12.56.jpeg 613w, https:\/\/focas.uniso.br\/wp-content\/uploads\/2025\/05\/WhatsApp-Image-2025-05-29-at-23.12.56-201x300.jpeg 201w\" sizes=\"auto, (max-width: 613px) 100vw, 613px\" \/><figcaption class=\"wp-element-caption\">Arte produzida por Matheus para divulga\u00e7\u00e3o da 1\u00aa Confer\u00eancia Municipal de Promo\u00e7\u00e3o da Igualdade Racial de Sorocaba &#8211; Foto: Matheus Henrique Oliveira de Souza <\/figcaption><\/figure>\n\n\n\n<p>A <a>Semana de Cultura e Arte Negra<\/a> faz parte do calend\u00e1rio cultural do munic\u00edpio e tem como proposta promover debates, oficinas, exposi\u00e7\u00f5es e apresenta\u00e7\u00f5es voltadas \u00e0 valoriza\u00e7\u00e3o da cultura afro-brasileira. A edi\u00e7\u00e3o de 2025 marcou tamb\u00e9m a realiza\u00e7\u00e3o da <a>1\u00aa Confer\u00eancia Municipal de Promo\u00e7\u00e3o da Igualdade Racial<\/a>\u00a0, reunindo lideran\u00e7as, pesquisadores e agentes p\u00fablicos no campus da UFSCar Sorocaba<\/p>\n\n\n\n<figure class=\"wp-block-image size-full\"><img loading=\"lazy\" decoding=\"async\" width=\"649\" height=\"649\" src=\"https:\/\/focas.uniso.br\/wp-content\/uploads\/2025\/05\/WhatsApp-Image-2025-05-29-at-23.13.04.jpeg\" alt=\"\" class=\"wp-image-3405\" srcset=\"https:\/\/focas.uniso.br\/wp-content\/uploads\/2025\/05\/WhatsApp-Image-2025-05-29-at-23.13.04.jpeg 649w, https:\/\/focas.uniso.br\/wp-content\/uploads\/2025\/05\/WhatsApp-Image-2025-05-29-at-23.13.04-300x300.jpeg 300w, https:\/\/focas.uniso.br\/wp-content\/uploads\/2025\/05\/WhatsApp-Image-2025-05-29-at-23.13.04-150x150.jpeg 150w\" sizes=\"auto, (max-width: 649px) 100vw, 649px\" \/><figcaption class=\"wp-element-caption\">A capulana africana \u00e9 um tecido estampado tradicional de Mo\u00e7ambique, frequentemente usado como vestu\u00e1rio, mas tamb\u00e9m para outras finalidades como carregar crian\u00e7as ou cobrir a cabe\u00e7a. \u00c9 um s\u00edmbolo importante da cultura mo\u00e7ambicana e muitas vezes associado a eventos importantes e tradi\u00e7\u00f5es &#8211; Foto: Reprodu\u00e7\u00e3o <\/figcaption><\/figure>\n\n\n\n<p><a id=\"_msocom_1\"><\/a><a id=\"_msocom_2\"><\/a><\/p>\n\n\n\n<p>Com base em refer\u00eancias como estampas de capulana africana (tecido estampado tradicional de Mo\u00e7ambique), grafismos tribais e ind\u00edgenas, al\u00e9m do movimento <em>Black Lives Matter<\/em>, Matheus construiu uma arte que pudesse ser usada em pe\u00e7as digitais e impressas. <em>O maior desafio foi equilibrar esses elementos simb\u00f3licos com um layout limpo e vers\u00e1til para diferentes formatos (impresso e digital). Fiz diversos testes de escala e contei com feedbacks constantes de colegas e supervisores, para evitar qualquer estere\u00f3tipo e, ao mesmo tempo, honrar nossa ancestralidade<\/em>, explica.<\/p>\n\n\n\n<figure class=\"wp-block-image size-full\"><img loading=\"lazy\" decoding=\"async\" width=\"624\" height=\"884\" src=\"https:\/\/focas.uniso.br\/wp-content\/uploads\/2025\/05\/WhatsApp-Image-2025-05-29-at-23.13.14.jpeg\" alt=\"\" class=\"wp-image-3406\" srcset=\"https:\/\/focas.uniso.br\/wp-content\/uploads\/2025\/05\/WhatsApp-Image-2025-05-29-at-23.13.14.jpeg 624w, https:\/\/focas.uniso.br\/wp-content\/uploads\/2025\/05\/WhatsApp-Image-2025-05-29-at-23.13.14-212x300.jpeg 212w\" sizes=\"auto, (max-width: 624px) 100vw, 624px\" \/><figcaption class=\"wp-element-caption\">Arte produzida por Matheus para apresentar a programa\u00e7\u00e3o da 1\u00aa Confer\u00eancia Municipal de Promo\u00e7\u00e3o da Igualdade Racial de Sorocaba &#8211; Foto: Matheus Henrique Oliveira de Souza <\/figcaption><\/figure>\n\n\n\n<p>No portf\u00f3lio do jovem, a identidade visual da Semana de Cultura Negra de Sorocaba \u00e9 um marco importante. Para ele, ver essa arte circulando pela cidade teve um significado especial: <em>Para mim, enquanto jovem negro, assinar essa identidade visual foi um ato pol\u00edtico: representar nossa cultura de dentro para fora. Sinto que, naquele momento, minha arte se tornou um ve\u00edculo de resist\u00eancia e visibilidade. Principalmente por ser a primeira edi\u00e7\u00e3o oficial, eu fiz com muito amor e responsabilidade<\/em>.<\/p>\n\n\n\n<p>Apaixonado por desenho, videogames e jogos de tabuleiro, Matheus se define como um \u201cjovem geek em constante busca de novas refer\u00eancias\u201d. Sua trajet\u00f3ria com a arte come\u00e7ou cedo, passando por cursos de teatro e experi\u00eancias com fotografia. Mas foi no in\u00edcio de 2024, ao iniciar o est\u00e1gio na Secom, que ele mergulhou de vez no design.<\/p>\n\n\n\n<p>Com a estreia da sua identidade visual, o jovem j\u00e1 pensa nos pr\u00f3ximos desafios: <em>Daqui para frente, pretendo me aprofundar ainda mais em design gr\u00e1fico e publicidade, explorando diferentes segmentos do mercado criativo. Meu sonho \u00e9 ser reconhecido pelo meu trabalho e, sobretudo, usar minhas cria\u00e7\u00f5es para fortalecer causas das quais fa\u00e7o parte, sejam de artistas negros, LGBTQIA+ ou outras minorias. Porque \u2018nada sobre n\u00f3s sem n\u00f3s\u2019. Quero olhar para o futuro com orgulho do meu passado<\/em>.<\/p>\n","protected":false},"excerpt":{"rendered":"<p>Entre desenhos, jogos e refer\u00eancias visuais, Matheus Henrique levou seu olhar geek e criativo para a identidade visual da Semana<\/p>\n","protected":false},"author":1,"featured_media":0,"comment_status":"open","ping_status":"open","sticky":false,"template":"","format":"standard","meta":{"colormag_page_container_layout":"default_layout","colormag_page_sidebar_layout":"default_layout","footnotes":""},"categories":[15,9,37,14],"tags":[30,41,29,28],"class_list":["post-3402","post","type-post","status-publish","format-standard","hentry","category-jornalismo","category-jornalismo-online","category-sorocaba","category-uniso","tag-focas","tag-focas-na-rede","tag-jornalismo","tag-uniso"],"featured_image_urls":{"full":"","thumbnail":"","medium":"","medium_large":"","large":"","1536x1536":"","2048x2048":"","colormag-highlighted-post":"","colormag-featured-post-medium":"","colormag-featured-post-small":"","colormag-featured-image":"","colormag-default-news":"","colormag-featured-image-large":""},"author_info":{"info":["focas"]},"category_info":"<a href=\"https:\/\/focas.uniso.br\/index.php\/category\/jornalismo\/\" rel=\"category tag\">Jornalismo<\/a> <a href=\"https:\/\/focas.uniso.br\/index.php\/category\/jornalismo-online\/\" rel=\"category tag\">jornalismo online<\/a> <a href=\"https:\/\/focas.uniso.br\/index.php\/category\/sorocaba\/\" rel=\"category tag\">Sorocaba<\/a> <a href=\"https:\/\/focas.uniso.br\/index.php\/category\/uniso\/\" rel=\"category tag\">Uniso<\/a>","tag_info":"Uniso","comment_count":"0","_links":{"self":[{"href":"https:\/\/focas.uniso.br\/index.php\/wp-json\/wp\/v2\/posts\/3402","targetHints":{"allow":["GET"]}}],"collection":[{"href":"https:\/\/focas.uniso.br\/index.php\/wp-json\/wp\/v2\/posts"}],"about":[{"href":"https:\/\/focas.uniso.br\/index.php\/wp-json\/wp\/v2\/types\/post"}],"author":[{"embeddable":true,"href":"https:\/\/focas.uniso.br\/index.php\/wp-json\/wp\/v2\/users\/1"}],"replies":[{"embeddable":true,"href":"https:\/\/focas.uniso.br\/index.php\/wp-json\/wp\/v2\/comments?post=3402"}],"version-history":[{"count":1,"href":"https:\/\/focas.uniso.br\/index.php\/wp-json\/wp\/v2\/posts\/3402\/revisions"}],"predecessor-version":[{"id":3407,"href":"https:\/\/focas.uniso.br\/index.php\/wp-json\/wp\/v2\/posts\/3402\/revisions\/3407"}],"wp:attachment":[{"href":"https:\/\/focas.uniso.br\/index.php\/wp-json\/wp\/v2\/media?parent=3402"}],"wp:term":[{"taxonomy":"category","embeddable":true,"href":"https:\/\/focas.uniso.br\/index.php\/wp-json\/wp\/v2\/categories?post=3402"},{"taxonomy":"post_tag","embeddable":true,"href":"https:\/\/focas.uniso.br\/index.php\/wp-json\/wp\/v2\/tags?post=3402"}],"curies":[{"name":"wp","href":"https:\/\/api.w.org\/{rel}","templated":true}]}}