{"id":3408,"date":"2025-05-30T10:28:36","date_gmt":"2025-05-30T13:28:36","guid":{"rendered":"https:\/\/focas.uniso.br\/?p=3408"},"modified":"2025-07-31T15:54:09","modified_gmt":"2025-07-31T18:54:09","slug":"projeto-social-guerreiros-do-caranda-promove-seu-primeiro-campeonato-de-karate-e-inspira-criancas-da-periferia-de-sorocaba","status":"publish","type":"post","link":"https:\/\/focas.uniso.br\/index.php\/2025\/05\/30\/projeto-social-guerreiros-do-caranda-promove-seu-primeiro-campeonato-de-karate-e-inspira-criancas-da-periferia-de-sorocaba\/","title":{"rendered":"Projeto Social \u2018Guerreiros do Carand\u00e1\u2019 promove seu primeiro campeonato de Karat\u00ea e inspira crian\u00e7as da periferia de Sorocaba"},"content":{"rendered":"\n<p><em>As lutas aconteceram no \u00faltimo s\u00e1bado (24), no bairro Jardim Carand\u00e1, zona norte da cidade, com o objetivo de arrecadar verba para a compra de novos equipamentos para o projeto<\/em><\/p>\n\n\n\n<p>Por Kau\u00e3 Bueno (Ag\u00eancia Focas \u2013 Jornalismo Uniso)<\/p>\n\n\n\n<p>O torneio foi dividido em dois grupos, vermelho e branco, compostos por crian\u00e7as e adolescentes do Guerreiros do Carand\u00e1. Tamb\u00e9m participaram uma equipe convidada da Alian\u00e7a Marcial e representantes da Academia Bushi, vindos diretamente de S\u00e3o Paulo para auxiliar na organiza\u00e7\u00e3o e atuar como \u00e1rbitros das lutas.<\/p>\n\n\n\n<p>O evento contou com uma luta de abertura entre o Sensei Danilo Silva, da Okinawa Karat\u00ea, e o Sensei Cleber Matos, idealizador e treinador do Guerreiros do Carand\u00e1.<\/p>\n\n\n\n<p>Matos contou como surgiu a iniciativa. \u201cEu sempre tive vontade de ter um projeto envolvendo crian\u00e7as. Quando vim morar no Jardim Carand\u00e1, vi a dificuldade delas em muitas coisas, como a dist\u00e2ncia para outros bairros e o fato de viverem em um lugar marginalizado. Ent\u00e3o senti no meu cora\u00e7\u00e3o a vontade de tentar alguma coisa, conversei com os respons\u00e1veis do condom\u00ednio e recebi a oportunidade de criar o projeto.\u201d<\/p>\n\n\n\n<p>O Guerreiros do Carand\u00e1 est\u00e1 chegando ao seu segundo ano de exist\u00eancia e j\u00e1 conta com mais de 70 alunos, com idades entre 5 e 28 anos.<\/p>\n\n\n\n<p>Para o Sensei, o Karat\u00ea \u00e9 uma ferramenta de transforma\u00e7\u00e3o para as crian\u00e7as da periferia. \u201cA principal coisa que eu notei foi o sonho, eles come\u00e7aram a sonhar. Antes, n\u00e3o ouvia eles falarem sobre o que queriam ser no futuro. Agora, uns querem ser professores, outros Senseis de Karat\u00ea, e isso aumentou ainda mais a vontade de lutarem, e os deixa mais motivados, al\u00e9m da disciplina que o esporte traz.\u201d<\/p>\n\n\n\n<p>Matos tamb\u00e9m falou sobre a emo\u00e7\u00e3o de ver seus alunos competindo. \u201c\u00c9 muito gratificante, e a maioria est\u00e1 aqui desde o in\u00edcio do projeto. Eu vi o processo de evolu\u00e7\u00e3o deles, e isso \u00e9 muito emocionante.\u201d<\/p>\n\n\n\n<p>As lutas tiveram dura\u00e7\u00e3o de um minuto para as crian\u00e7as e um minuto e meio para os adolescentes. Por ser um torneio comemorativo, todos os lutadores receberam medalhas, independentemente do resultado.<\/p>\n\n\n\n<p>Maria Clara Santos, de 9 anos, treina no projeto h\u00e1 cerca de um ano e j\u00e1 alcan\u00e7ou a faixa azul \u2013 um grau avan\u00e7ado no Karat\u00ea. Ela contou como a pr\u00e1tica mudou sua vida. \u201cEu comecei a lutar porque via uma amiga treinando e decidi participar tamb\u00e9m, acabei gostando muito e o Karat\u00ea est\u00e1 me ajudando na escola, me deixou mais confiante. E eu aprendi com o Sensei que a cor da faixa \u00e9 s\u00f3 um s\u00edmbolo, o importante \u00e9 a nossa evolu\u00e7\u00e3o e disciplina.\u201d<\/p>\n\n\n\n<p>Os treinos do projeto Guerreiros do Carand\u00e1 acontecem \u00e0s ter\u00e7as e quintas-feiras, de forma totalmente gratuita. Qualquer pessoa pode participar, basta entrar em contato pelas redes sociais do projeto.<\/p>\n\n\n\n<figure class=\"wp-block-gallery has-nested-images columns-default is-cropped wp-block-gallery-1 is-layout-flex wp-block-gallery-is-layout-flex\">\n<figure class=\"wp-block-image size-large\"><img loading=\"lazy\" decoding=\"async\" width=\"671\" height=\"1024\" data-id=\"3414\" src=\"https:\/\/focas.uniso.br\/wp-content\/uploads\/2025\/05\/WhatsApp-Image-2025-05-29-at-23.30.19-671x1024.jpeg\" alt=\"\" class=\"wp-image-3414\" srcset=\"https:\/\/focas.uniso.br\/wp-content\/uploads\/2025\/05\/WhatsApp-Image-2025-05-29-at-23.30.19-671x1024.jpeg 671w, https:\/\/focas.uniso.br\/wp-content\/uploads\/2025\/05\/WhatsApp-Image-2025-05-29-at-23.30.19-197x300.jpeg 197w, https:\/\/focas.uniso.br\/wp-content\/uploads\/2025\/05\/WhatsApp-Image-2025-05-29-at-23.30.19-768x1173.jpeg 768w, https:\/\/focas.uniso.br\/wp-content\/uploads\/2025\/05\/WhatsApp-Image-2025-05-29-at-23.30.19-1006x1536.jpeg 1006w, https:\/\/focas.uniso.br\/wp-content\/uploads\/2025\/05\/WhatsApp-Image-2025-05-29-at-23.30.19.jpeg 1048w\" sizes=\"auto, (max-width: 671px) 100vw, 671px\" \/><figcaption class=\"wp-element-caption\">Lutadora Maria Clara Santos com sua medalha e faixa. Fotos: Kau\u00e3 Bueno<\/figcaption><\/figure>\n\n\n\n<figure class=\"wp-block-image size-large\"><img loading=\"lazy\" decoding=\"async\" width=\"691\" height=\"1024\" data-id=\"3413\" src=\"https:\/\/focas.uniso.br\/wp-content\/uploads\/2025\/05\/WhatsApp-Image-2025-05-29-at-23.30.19-1-691x1024.jpeg\" alt=\"\" class=\"wp-image-3413\" srcset=\"https:\/\/focas.uniso.br\/wp-content\/uploads\/2025\/05\/WhatsApp-Image-2025-05-29-at-23.30.19-1-691x1024.jpeg 691w, https:\/\/focas.uniso.br\/wp-content\/uploads\/2025\/05\/WhatsApp-Image-2025-05-29-at-23.30.19-1-203x300.jpeg 203w, https:\/\/focas.uniso.br\/wp-content\/uploads\/2025\/05\/WhatsApp-Image-2025-05-29-at-23.30.19-1-768x1138.jpeg 768w, https:\/\/focas.uniso.br\/wp-content\/uploads\/2025\/05\/WhatsApp-Image-2025-05-29-at-23.30.19-1-1037x1536.jpeg 1037w, https:\/\/focas.uniso.br\/wp-content\/uploads\/2025\/05\/WhatsApp-Image-2025-05-29-at-23.30.19-1.jpeg 1080w\" sizes=\"auto, (max-width: 691px) 100vw, 691px\" \/><figcaption class=\"wp-element-caption\">Maria Clara Santos e o Sensei Cleber Matos. Fotos: Kau\u00e3 Bueno<\/figcaption><\/figure>\n\n\n\n<figure class=\"wp-block-image size-large\"><img loading=\"lazy\" decoding=\"async\" width=\"1024\" height=\"700\" data-id=\"3412\" src=\"https:\/\/focas.uniso.br\/wp-content\/uploads\/2025\/05\/WhatsApp-Image-2025-05-29-at-23.30.20-1024x700.jpeg\" alt=\"\" class=\"wp-image-3412\" srcset=\"https:\/\/focas.uniso.br\/wp-content\/uploads\/2025\/05\/WhatsApp-Image-2025-05-29-at-23.30.20-1024x700.jpeg 1024w, https:\/\/focas.uniso.br\/wp-content\/uploads\/2025\/05\/WhatsApp-Image-2025-05-29-at-23.30.20-300x205.jpeg 300w, https:\/\/focas.uniso.br\/wp-content\/uploads\/2025\/05\/WhatsApp-Image-2025-05-29-at-23.30.20-768x525.jpeg 768w, https:\/\/focas.uniso.br\/wp-content\/uploads\/2025\/05\/WhatsApp-Image-2025-05-29-at-23.30.20-1536x1050.jpeg 1536w, https:\/\/focas.uniso.br\/wp-content\/uploads\/2025\/05\/WhatsApp-Image-2025-05-29-at-23.30.20-130x90.jpeg 130w, https:\/\/focas.uniso.br\/wp-content\/uploads\/2025\/05\/WhatsApp-Image-2025-05-29-at-23.30.20.jpeg 1600w\" sizes=\"auto, (max-width: 1024px) 100vw, 1024px\" \/><figcaption class=\"wp-element-caption\">Sensei Danilo Silva, da Okinawa Karat\u00ea, e o Sensei Cleber Matos, do Guerreiros do Carand\u00e1. Fotos: Kau\u00e3 Bueno <\/figcaption><\/figure>\n\n\n\n<figure class=\"wp-block-image size-large\"><img loading=\"lazy\" decoding=\"async\" width=\"1024\" height=\"700\" data-id=\"3411\" src=\"https:\/\/focas.uniso.br\/wp-content\/uploads\/2025\/05\/WhatsApp-Image-2025-05-29-at-23.30.20-1-1024x700.jpeg\" alt=\"\" class=\"wp-image-3411\" srcset=\"https:\/\/focas.uniso.br\/wp-content\/uploads\/2025\/05\/WhatsApp-Image-2025-05-29-at-23.30.20-1-1024x700.jpeg 1024w, https:\/\/focas.uniso.br\/wp-content\/uploads\/2025\/05\/WhatsApp-Image-2025-05-29-at-23.30.20-1-300x205.jpeg 300w, https:\/\/focas.uniso.br\/wp-content\/uploads\/2025\/05\/WhatsApp-Image-2025-05-29-at-23.30.20-1-768x525.jpeg 768w, https:\/\/focas.uniso.br\/wp-content\/uploads\/2025\/05\/WhatsApp-Image-2025-05-29-at-23.30.20-1-1536x1050.jpeg 1536w, https:\/\/focas.uniso.br\/wp-content\/uploads\/2025\/05\/WhatsApp-Image-2025-05-29-at-23.30.20-1-130x90.jpeg 130w, https:\/\/focas.uniso.br\/wp-content\/uploads\/2025\/05\/WhatsApp-Image-2025-05-29-at-23.30.20-1.jpeg 1600w\" sizes=\"auto, (max-width: 1024px) 100vw, 1024px\" \/><figcaption class=\"wp-element-caption\">Sensei Danilo Silva, da Okinawa Karat\u00ea, e o Sensei Cleber Matos, do Guerreiros do Carand\u00e1. Fotos: Kau\u00e3 Bueno<\/figcaption><\/figure>\n\n\n\n<figure class=\"wp-block-image size-large\"><img loading=\"lazy\" decoding=\"async\" width=\"1024\" height=\"689\" data-id=\"3410\" src=\"https:\/\/focas.uniso.br\/wp-content\/uploads\/2025\/05\/WhatsApp-Image-2025-05-29-at-23.30.20-2-1024x689.jpeg\" alt=\"\" class=\"wp-image-3410\" srcset=\"https:\/\/focas.uniso.br\/wp-content\/uploads\/2025\/05\/WhatsApp-Image-2025-05-29-at-23.30.20-2-1024x689.jpeg 1024w, https:\/\/focas.uniso.br\/wp-content\/uploads\/2025\/05\/WhatsApp-Image-2025-05-29-at-23.30.20-2-300x202.jpeg 300w, https:\/\/focas.uniso.br\/wp-content\/uploads\/2025\/05\/WhatsApp-Image-2025-05-29-at-23.30.20-2-768x516.jpeg 768w, https:\/\/focas.uniso.br\/wp-content\/uploads\/2025\/05\/WhatsApp-Image-2025-05-29-at-23.30.20-2-1536x1033.jpeg 1536w, https:\/\/focas.uniso.br\/wp-content\/uploads\/2025\/05\/WhatsApp-Image-2025-05-29-at-23.30.20-2.jpeg 1600w\" sizes=\"auto, (max-width: 1024px) 100vw, 1024px\" \/><figcaption class=\"wp-element-caption\">Senseis de Karat\u00ea. Fotos: Kau\u00e3 Bueno <\/figcaption><\/figure>\n\n\n\n<figure class=\"wp-block-image size-large\"><img loading=\"lazy\" decoding=\"async\" width=\"1024\" height=\"673\" data-id=\"3409\" src=\"https:\/\/focas.uniso.br\/wp-content\/uploads\/2025\/05\/WhatsApp-Image-2025-05-29-at-23.30.20-3-1024x673.jpeg\" alt=\"\" class=\"wp-image-3409\" srcset=\"https:\/\/focas.uniso.br\/wp-content\/uploads\/2025\/05\/WhatsApp-Image-2025-05-29-at-23.30.20-3-1024x673.jpeg 1024w, https:\/\/focas.uniso.br\/wp-content\/uploads\/2025\/05\/WhatsApp-Image-2025-05-29-at-23.30.20-3-300x197.jpeg 300w, https:\/\/focas.uniso.br\/wp-content\/uploads\/2025\/05\/WhatsApp-Image-2025-05-29-at-23.30.20-3-768x505.jpeg 768w, https:\/\/focas.uniso.br\/wp-content\/uploads\/2025\/05\/WhatsApp-Image-2025-05-29-at-23.30.20-3-1536x1010.jpeg 1536w, https:\/\/focas.uniso.br\/wp-content\/uploads\/2025\/05\/WhatsApp-Image-2025-05-29-at-23.30.20-3.jpeg 1600w\" sizes=\"auto, (max-width: 1024px) 100vw, 1024px\" \/><figcaption class=\"wp-element-caption\">Senseis e alunos. Fotos: Kau\u00e3 Bueno <\/figcaption><\/figure>\n<\/figure>\n","protected":false},"excerpt":{"rendered":"<p>As lutas aconteceram no \u00faltimo s\u00e1bado (24), no bairro Jardim Carand\u00e1, zona norte da cidade, com o objetivo de arrecadar<\/p>\n","protected":false},"author":1,"featured_media":0,"comment_status":"open","ping_status":"open","sticky":false,"template":"","format":"standard","meta":{"colormag_page_container_layout":"default_layout","colormag_page_sidebar_layout":"default_layout","footnotes":""},"categories":[15,9,37,14],"tags":[44,30,41,29,28],"class_list":["post-3408","post","type-post","status-publish","format-standard","hentry","category-jornalismo","category-jornalismo-online","category-sorocaba","category-uniso","tag-eleicoes","tag-focas","tag-focas-na-rede","tag-jornalismo","tag-uniso"],"featured_image_urls":{"full":"","thumbnail":"","medium":"","medium_large":"","large":"","1536x1536":"","2048x2048":"","colormag-highlighted-post":"","colormag-featured-post-medium":"","colormag-featured-post-small":"","colormag-featured-image":"","colormag-default-news":"","colormag-featured-image-large":""},"author_info":{"info":["focas"]},"category_info":"<a href=\"https:\/\/focas.uniso.br\/index.php\/category\/jornalismo\/\" rel=\"category tag\">Jornalismo<\/a> <a href=\"https:\/\/focas.uniso.br\/index.php\/category\/jornalismo-online\/\" rel=\"category tag\">jornalismo online<\/a> <a href=\"https:\/\/focas.uniso.br\/index.php\/category\/sorocaba\/\" rel=\"category tag\">Sorocaba<\/a> <a href=\"https:\/\/focas.uniso.br\/index.php\/category\/uniso\/\" rel=\"category tag\">Uniso<\/a>","tag_info":"Uniso","comment_count":"0","_links":{"self":[{"href":"https:\/\/focas.uniso.br\/index.php\/wp-json\/wp\/v2\/posts\/3408","targetHints":{"allow":["GET"]}}],"collection":[{"href":"https:\/\/focas.uniso.br\/index.php\/wp-json\/wp\/v2\/posts"}],"about":[{"href":"https:\/\/focas.uniso.br\/index.php\/wp-json\/wp\/v2\/types\/post"}],"author":[{"embeddable":true,"href":"https:\/\/focas.uniso.br\/index.php\/wp-json\/wp\/v2\/users\/1"}],"replies":[{"embeddable":true,"href":"https:\/\/focas.uniso.br\/index.php\/wp-json\/wp\/v2\/comments?post=3408"}],"version-history":[{"count":2,"href":"https:\/\/focas.uniso.br\/index.php\/wp-json\/wp\/v2\/posts\/3408\/revisions"}],"predecessor-version":[{"id":3746,"href":"https:\/\/focas.uniso.br\/index.php\/wp-json\/wp\/v2\/posts\/3408\/revisions\/3746"}],"wp:attachment":[{"href":"https:\/\/focas.uniso.br\/index.php\/wp-json\/wp\/v2\/media?parent=3408"}],"wp:term":[{"taxonomy":"category","embeddable":true,"href":"https:\/\/focas.uniso.br\/index.php\/wp-json\/wp\/v2\/categories?post=3408"},{"taxonomy":"post_tag","embeddable":true,"href":"https:\/\/focas.uniso.br\/index.php\/wp-json\/wp\/v2\/tags?post=3408"}],"curies":[{"name":"wp","href":"https:\/\/api.w.org\/{rel}","templated":true}]}}