{"id":3417,"date":"2025-05-30T12:06:42","date_gmt":"2025-05-30T15:06:42","guid":{"rendered":"https:\/\/focas.uniso.br\/?p=3417"},"modified":"2025-05-30T13:59:19","modified_gmt":"2025-05-30T16:59:19","slug":"projeto-de-extensao-grupo-de-exu-recebe-visita-de-escritora-internacional","status":"publish","type":"post","link":"https:\/\/focas.uniso.br\/index.php\/2025\/05\/30\/projeto-de-extensao-grupo-de-exu-recebe-visita-de-escritora-internacional\/","title":{"rendered":"Projeto de Extens\u00e3o Grupo De ExU recebe visita de escritora internacional"},"content":{"rendered":"\n<p><em>No m\u00eas em que se comemora o Dia da \u00c1frica, psic\u00f3loga mo\u00e7ambicana participa de eventos junto ao curso de Psicologia da Uniso<\/em><\/p>\n\n\n\n<p>Por Rafael Filho (Ag\u00eancia Focas \u2013 Jornalismo Uniso)<\/p>\n\n\n\n<figure class=\"wp-block-image size-large\"><img loading=\"lazy\" decoding=\"async\" width=\"1024\" height=\"682\" src=\"https:\/\/focas.uniso.br\/wp-content\/uploads\/2025\/05\/WhatsApp-Image-2025-05-30-at-10.44.56-1024x682.jpeg\" alt=\"\" class=\"wp-image-3418\" srcset=\"https:\/\/focas.uniso.br\/wp-content\/uploads\/2025\/05\/WhatsApp-Image-2025-05-30-at-10.44.56-1024x682.jpeg 1024w, https:\/\/focas.uniso.br\/wp-content\/uploads\/2025\/05\/WhatsApp-Image-2025-05-30-at-10.44.56-300x200.jpeg 300w, https:\/\/focas.uniso.br\/wp-content\/uploads\/2025\/05\/WhatsApp-Image-2025-05-30-at-10.44.56-768x512.jpeg 768w, https:\/\/focas.uniso.br\/wp-content\/uploads\/2025\/05\/WhatsApp-Image-2025-05-30-at-10.44.56-1536x1023.jpeg 1536w, https:\/\/focas.uniso.br\/wp-content\/uploads\/2025\/05\/WhatsApp-Image-2025-05-30-at-10.44.56.jpeg 1600w\" sizes=\"auto, (max-width: 1024px) 100vw, 1024px\" \/><figcaption class=\"wp-element-caption\">Foto- Rafael Filho<\/figcaption><\/figure>\n\n\n\n<p>Maio \u00e9 um m\u00eas de muitas discuss\u00f5es sobre as quest\u00f5es raciais, por conta de duas datas pertinentes \u00e0 tem\u00e1tica: o dia da Aboli\u00e7\u00e3o da Escravatura e o dia da \u00c1frica. A primeira \u00e9 um tanto quanto controversa dentro do movimento negro e a segunda, n\u00e3o menos importante, n\u00e3o \u00e9 t\u00e3o difundida e muitas vez desconhecida pela popula\u00e7\u00e3o.<\/p>\n\n\n\n<p>Por qual motivo a data do 13 de maio \u00e9 controversa? No livro Uma Hist\u00f3ria feita por M\u00e3os Negras, Beatriz Nascimento, tamb\u00e9m conhecida como Maria Beatriz Nascimento \u2013&nbsp;&nbsp; isso \u00e9 sempre bom lembrar, j\u00e1 que, conforme sua amiga L\u00e9lia de Almeida Gonzalez, \u201cnegro tem que ter nome e sobrenome, sen\u00e3o, os brancos arranjam um apelido\u2026 ao gosto deles\u201d \u2013 comenta que o dia da Consci\u00eancia Negra foi criado para contrapor o 13 de maio, pois para o Grupo Palmares, movimento negro ga\u00facho que idealizou a data no in\u00edcio da d\u00e9cada de 1970, apesar da assinatura da Lei \u00c1urea pela Princesa Isabel, e do fim da escravid\u00e3o, n\u00e3o existe algo para se comemorar nesta data pois n\u00e3o foram criadas pol\u00edticas p\u00fablicas que garantissem educa\u00e7\u00e3o e trabalho aos escravizados rec\u00e9m-libertados.<\/p>\n\n\n\n<p>&nbsp;\u201cO problema n\u00e3o \u00e9 o 13 de maio, \u00e9 o 14\u201d. Essa \u00e9 uma frase muito repetida nas discuss\u00f5es sobre o tema. Em uma entrevista para o livro-reportagem&nbsp;Jorge&nbsp;Narciso de Matos,&nbsp;um Mestre Sala nos Mares Sociais, a&nbsp;professora Ana Maria de Souza Mendes, co-fundadora do&nbsp;Nucab&nbsp;(N\u00facleo de Cultura Afro-Brasileira de Sorocaba) disse outra frase impactante: \u201cO 14 de maio&nbsp;continua at\u00e9 hoje. Ele nunca foi falado nas escolas.\u201d<\/p>\n\n\n\n<p>Pessoas pretas s\u00e3o espancadas e assassinadas pela pol\u00edcia. Mulheres pretas tem seus corpos visados somente como pe\u00e7a de satisfa\u00e7\u00e3o sexual. Popula\u00e7\u00e3o 60+ preta trabalhando at\u00e9 a morte para n\u00e3o morrer de fome. Criminaliza\u00e7\u00e3o de todo tipo de arte e cultura proveniente da pele preta. Predomin\u00e2ncia de pessoas pretas em situa\u00e7\u00e3o de rua. Todos os tipos de racismos sendo praticados diariamente. Falta de pol\u00edticas p\u00fablicas que valorizem as pessoas de pele preta. Essa descri\u00e7\u00e3o se refere a 14 de maio de 1888 ou de 2025?<\/p>\n\n\n\n<p>A c\u00e9lebre&nbsp;can\u00e7\u00e3o 14 de maio&nbsp;interpretada pelo cantor baiano&nbsp;Lazzo Matumbi, fala muito bem sobre essa realidade: \u201cNo dia 14 de maio, eu sa\u00ed por a\u00ed. N\u00e3o tinha trabalho, nem casa, nem para onde ir. Levando a senzala na alma, eu subi a favela. Pensando em um dia descer, mas eu nunca desci. Zanzei zonzo em todas as zonas da grande agonia. Um dia com fome, no outro sem o que comer. Sem nome, sem identidade, sem fotografia. O mundo me olhava, mas ningu\u00e9m queria me ver. No dia 14 de maio, ningu\u00e9m me deu bola\u201d.<\/p>\n\n\n\n<p>A segunda data foi institu\u00edda oficialmente pela ONU (Organiza\u00e7\u00e3o das Na\u00e7\u00f5es Unidas) no ano de 1972, e ela faz refer\u00eancia \u00e0 data de cria\u00e7\u00e3o da OUA (Organiza\u00e7\u00e3o da Unidade Africana), em 1963. Em alguns pa\u00edses africanos, o Dia da \u00c1frica \u00e9 um feriado nacional.<\/p>\n\n\n\n<p>No Brasil, embora n\u00e3o seja feriado, a data tem como objetivo promover o reconhecimento da hist\u00f3ria e cultura africanas com a hist\u00f3ria do pa\u00eds. Al\u00e9m disso, serve como ponto de conex\u00e3o com os imigrantes de pa\u00edses africanos que residem no Brasil na atualidade. A OUA foi criada para o fortalecimento da luta do povo africano contra a coloniza\u00e7\u00e3o europeia, em defesa da uni\u00e3o do continente, desenvolvimento socioecon\u00f4mico, liberdade e democracia. Em 2002, a OUA se tornou Uni\u00e3o Africana. Atualmente com sede na Eti\u00f3pia, um dos \u00fanicos pa\u00edses africanos que n\u00e3o sofreram coloniza\u00e7\u00e3o europeia, ela congrega 55 na\u00e7\u00f5es e suas atividades permanecem ativas at\u00e9 os dias de hoje.<\/p>\n\n\n\n<p>E o m\u00eas de maio n\u00e3o possui somente estas duas datas relacionadas \u00e0s tem\u00e1ticas Afro-Brasileiras. De acordo com o documento Efem\u00e9rides Negras, criado pelo N\u00facleo de Cultura Afro-Brasileira de Sorocaba, existem outras ocorr\u00eancias que podem ser pauta de discuss\u00f5es e dissemina\u00e7\u00e3o do conhecimento. S\u00e3o elas:<\/p>\n\n\n\n<ul class=\"wp-block-list\">\n<li>03\/05\/1865 &#8211; A Ordem de S\u00e3o Benedito institui o \u201cVentre livre\u201d entre seus escravos;<\/li>\n\n\n\n<li>03\/05\/1926 &#8211; Nascimento do ge\u00f3grafo Milton Santos, ganhador do pr\u00eamio Vautrin Lud, considerado o Oscar da geografia;<\/li>\n\n\n\n<li>04\/05\/1493 \u2013 A bula Inter C\u00e6tera, do papa Alexandre VI, estende \u00e0 Espanha os direitos de escravizar concedidos a Portugal em 1452;<\/li>\n\n\n\n<li>05\/05\/1990 \u2013 Institu\u00edda a Funda\u00e7\u00e3o Cafun\u00e9, pelo Nucab, em Sorocaba;<\/li>\n\n\n\n<li>08\/05\/1758 \u2013 Extinta a escravid\u00e3o ind\u00edgena no Estado do Brasil;<\/li>\n\n\n\n<li>11\/05\/1994 \u2013 Posse de Nelson Mandela na presid\u00eancia da \u00c1frica do Sul;<\/li>\n\n\n\n<li>12\/05\/1994 \u2013 Dia da escrava Anast\u00e1cia, s\u00edmbolo das negras v\u00edtimas de viol\u00eancia;<\/li>\n\n\n\n<li>13\/05\/1881 \u2013 Nascimento do escritor Afonso Henriques de Lima Barreto;<\/li>\n\n\n\n<li>13\/05\/1971 \u2013 Dia Nacional de den\u00fancia contra o racismo;<\/li>\n\n\n\n<li>13\/05\/2002 \u2013&nbsp; Decreto 4229 institui as pol\u00edticas de discrimina\u00e7\u00e3o positiva \u2013 a\u00e7\u00f5es afirmativas;<\/li>\n\n\n\n<li>18\/05\/1950 \u2013 Rio de Janeiro &#8211; reuni\u00e3o do Conselho Nacional de Mulheres Negra;<\/li>\n\n\n\n<li>23\/05\/2011 \u2013 Morte de Abdias do Nascimento;<\/li>\n\n\n\n<li>25\/05\/1810 \u2013 Quituteiras argentinas impedem invas\u00e3o inglesa; ainda na atualidade, as escolas comemoram o dia das \u201cNegritas de Mayo\u201d;<\/li>\n\n\n\n<li>27\/05\/1537 \u2013 Bula Sublimis Deus de Paulo III, declara que os \u00edndios t\u00eam alma e condena a escravid\u00e3o;<\/li>\n\n\n\n<li>31\/05\/1921 \u2013 In\u00edcio do Massacre de Tulsa, distrito de Greenwood, no Oklahoma, que, em 18 horas ininterruptas, dizimou 35 quarteir\u00f5es onde algo em torno de 300 negros foram mortos e 10.000 ficaram desabrigados, todos t\u00e3o bem-sucedidos que o local era chamado Black Wall Street.<\/li>\n<\/ul>\n\n\n\n<figure class=\"wp-block-image size-large\"><img loading=\"lazy\" decoding=\"async\" width=\"1024\" height=\"1024\" src=\"https:\/\/focas.uniso.br\/wp-content\/uploads\/2025\/05\/WhatsApp-Image-2025-05-30-at-10.44.56-1-1024x1024.jpeg\" alt=\"\" class=\"wp-image-3419\" srcset=\"https:\/\/focas.uniso.br\/wp-content\/uploads\/2025\/05\/WhatsApp-Image-2025-05-30-at-10.44.56-1-1024x1024.jpeg 1024w, https:\/\/focas.uniso.br\/wp-content\/uploads\/2025\/05\/WhatsApp-Image-2025-05-30-at-10.44.56-1-300x300.jpeg 300w, https:\/\/focas.uniso.br\/wp-content\/uploads\/2025\/05\/WhatsApp-Image-2025-05-30-at-10.44.56-1-150x150.jpeg 150w, https:\/\/focas.uniso.br\/wp-content\/uploads\/2025\/05\/WhatsApp-Image-2025-05-30-at-10.44.56-1-768x768.jpeg 768w, https:\/\/focas.uniso.br\/wp-content\/uploads\/2025\/05\/WhatsApp-Image-2025-05-30-at-10.44.56-1.jpeg 1080w\" sizes=\"auto, (max-width: 1024px) 100vw, 1024px\" \/><figcaption class=\"wp-element-caption\">\u201cAmei estar na XII semana da Psicologia, foi muito produtivo. Muito obrigada Uniso, amei partilhar a minha experi\u00eancia na \u00e1rea\u201d | Foto: arquivo pessoal Paula Jambane<\/figcaption><\/figure>\n\n\n\n<p>E nesse contexto do m\u00eas de maio, Sorocaba e regi\u00e3o receberam a visita da psic\u00f3loga e escritora mo\u00e7ambicana Paula Vilanculos Jambane. Ela participou dos eventos da XII Semana de Psicologia da Uniso e tamb\u00e9m de um dos encontros do grupo de estudos \u201cDecolonialidade e Extens\u00e3o Universit\u00e1ria\u201d (Grupo De ExU), ligado ao mesmo curso, e que j\u00e1 possui tr\u00eas anos de atua\u00e7\u00e3o.<\/p>\n\n\n\n<figure class=\"wp-block-image size-large\"><img loading=\"lazy\" decoding=\"async\" width=\"1024\" height=\"682\" src=\"https:\/\/focas.uniso.br\/wp-content\/uploads\/2025\/05\/WhatsApp-Image-2025-05-30-at-10.44.56-2-1024x682.jpeg\" alt=\"\" class=\"wp-image-3420\" srcset=\"https:\/\/focas.uniso.br\/wp-content\/uploads\/2025\/05\/WhatsApp-Image-2025-05-30-at-10.44.56-2-1024x682.jpeg 1024w, https:\/\/focas.uniso.br\/wp-content\/uploads\/2025\/05\/WhatsApp-Image-2025-05-30-at-10.44.56-2-300x200.jpeg 300w, https:\/\/focas.uniso.br\/wp-content\/uploads\/2025\/05\/WhatsApp-Image-2025-05-30-at-10.44.56-2-768x512.jpeg 768w, https:\/\/focas.uniso.br\/wp-content\/uploads\/2025\/05\/WhatsApp-Image-2025-05-30-at-10.44.56-2-1536x1023.jpeg 1536w, https:\/\/focas.uniso.br\/wp-content\/uploads\/2025\/05\/WhatsApp-Image-2025-05-30-at-10.44.56-2.jpeg 1600w\" sizes=\"auto, (max-width: 1024px) 100vw, 1024px\" \/><figcaption class=\"wp-element-caption\">O encontro do Grupo de ExU foi realizado na sala do N\u00facleo de Cultura Afro-Brasileira (Nucab), localizado no segundo andar da biblioteca da Uniso | Foto: Rafael Filho.<\/figcaption><\/figure>\n\n\n\n<figure class=\"wp-block-image size-large\"><img loading=\"lazy\" decoding=\"async\" width=\"1024\" height=\"678\" src=\"https:\/\/focas.uniso.br\/wp-content\/uploads\/2025\/05\/WhatsApp-Image-2025-05-30-at-10.44.57-1024x678.jpeg\" alt=\"\" class=\"wp-image-3421\" srcset=\"https:\/\/focas.uniso.br\/wp-content\/uploads\/2025\/05\/WhatsApp-Image-2025-05-30-at-10.44.57-1024x678.jpeg 1024w, https:\/\/focas.uniso.br\/wp-content\/uploads\/2025\/05\/WhatsApp-Image-2025-05-30-at-10.44.57-300x199.jpeg 300w, https:\/\/focas.uniso.br\/wp-content\/uploads\/2025\/05\/WhatsApp-Image-2025-05-30-at-10.44.57-768x509.jpeg 768w, https:\/\/focas.uniso.br\/wp-content\/uploads\/2025\/05\/WhatsApp-Image-2025-05-30-at-10.44.57-1536x1018.jpeg 1536w, https:\/\/focas.uniso.br\/wp-content\/uploads\/2025\/05\/WhatsApp-Image-2025-05-30-at-10.44.57.jpeg 1600w\" sizes=\"auto, (max-width: 1024px) 100vw, 1024px\" \/><figcaption class=\"wp-element-caption\">Professor Leandro Fonseca observando atentamente as falas de Paula | Foto: Rafael Filho<\/figcaption><\/figure>\n\n\n\n<p>Segundo o professor Leandro Limoni de Campos Fonseca, que al\u00e9m de coordenador do grupo ministra a disciplina de Rela\u00e7\u00f5es \u00c9tnico-Raciais, G\u00eanero e Classe em Psicologia, o Grupo De ExU \u00e9 um \u201cgrupo de estudos voltados aos fundamentos epistemol\u00f3gicos, \u00e9ticos, est\u00e9ticos e pol\u00edticos do pensamento decolonial e suas contribui\u00e7\u00f5es para o desenvolvimento de pr\u00e1ticas extensionistas na Universidade de Sorocaba\u201d.<\/p>\n\n\n\n<figure class=\"wp-block-image size-large\"><img loading=\"lazy\" decoding=\"async\" width=\"1024\" height=\"682\" src=\"https:\/\/focas.uniso.br\/wp-content\/uploads\/2025\/05\/WhatsApp-Image-2025-05-30-at-10.44.57-1-1024x682.jpeg\" alt=\"\" class=\"wp-image-3422\" srcset=\"https:\/\/focas.uniso.br\/wp-content\/uploads\/2025\/05\/WhatsApp-Image-2025-05-30-at-10.44.57-1-1024x682.jpeg 1024w, https:\/\/focas.uniso.br\/wp-content\/uploads\/2025\/05\/WhatsApp-Image-2025-05-30-at-10.44.57-1-300x200.jpeg 300w, https:\/\/focas.uniso.br\/wp-content\/uploads\/2025\/05\/WhatsApp-Image-2025-05-30-at-10.44.57-1-768x512.jpeg 768w, https:\/\/focas.uniso.br\/wp-content\/uploads\/2025\/05\/WhatsApp-Image-2025-05-30-at-10.44.57-1-1536x1023.jpeg 1536w, https:\/\/focas.uniso.br\/wp-content\/uploads\/2025\/05\/WhatsApp-Image-2025-05-30-at-10.44.57-1.jpeg 1600w\" sizes=\"auto, (max-width: 1024px) 100vw, 1024px\" \/><figcaption class=\"wp-element-caption\">Refor\u00e7ando a import\u00e2ncia da sua \u00e1rea profissional, Paula pontua que a psicologia \u00e9 \u201cuma ci\u00eancia de a\u00e7\u00e3o, e n\u00e3o apenas de media\u00e7\u00e3o\u201d | Foto: Gustavo Cassillo<\/figcaption><\/figure>\n\n\n\n<p>Paula est\u00e1 visitando Sorocaba para a divulga\u00e7\u00e3o de seu livro \u201cNossos Caminhos Nossas Escolhas\u201d, ferramenta utilizada por ela para compartilhar suas viv\u00eancias e experi\u00eancias como psic\u00f3loga em Mo\u00e7ambique na \u00c1frica. Sobre o encontro dentro do grupo de estudos, Paula diz que ficou muito satisfeita pois al\u00e9m de poder partilhar e comparar \u2014 por meio do di\u00e1logo com professores e alunos \u2014 as pr\u00e1ticas desenvolvidas por profissionais de psicologia de ambos os pa\u00edses, voltar\u00e1 para sua terra natal com novos conhecimentos adquiridos no Brasil. \u201cFoi um dia maravilhoso, inesquec\u00edvel\u201d, afirma.<\/p>\n\n\n\n<figure class=\"wp-block-image size-large\"><img loading=\"lazy\" decoding=\"async\" width=\"1024\" height=\"462\" src=\"https:\/\/focas.uniso.br\/wp-content\/uploads\/2025\/05\/WhatsApp-Image-2025-05-30-at-10.44.57-2-1024x462.jpeg\" alt=\"\" class=\"wp-image-3423\" srcset=\"https:\/\/focas.uniso.br\/wp-content\/uploads\/2025\/05\/WhatsApp-Image-2025-05-30-at-10.44.57-2-1024x462.jpeg 1024w, https:\/\/focas.uniso.br\/wp-content\/uploads\/2025\/05\/WhatsApp-Image-2025-05-30-at-10.44.57-2-300x135.jpeg 300w, https:\/\/focas.uniso.br\/wp-content\/uploads\/2025\/05\/WhatsApp-Image-2025-05-30-at-10.44.57-2-768x346.jpeg 768w, https:\/\/focas.uniso.br\/wp-content\/uploads\/2025\/05\/WhatsApp-Image-2025-05-30-at-10.44.57-2.jpeg 1045w\" sizes=\"auto, (max-width: 1024px) 100vw, 1024px\" \/><figcaption class=\"wp-element-caption\">Paula junto aos alunos e professores durante as atividades da XII Semana de Psicologia da Uniso | Foto: arquivo pessoal Paula Jambane<\/figcaption><\/figure>\n\n\n\n<figure class=\"wp-block-image size-full\"><img loading=\"lazy\" decoding=\"async\" width=\"735\" height=\"749\" src=\"https:\/\/focas.uniso.br\/wp-content\/uploads\/2025\/05\/WhatsApp-Image-2025-05-30-at-10.44.57-3.jpeg\" alt=\"\" class=\"wp-image-3424\" srcset=\"https:\/\/focas.uniso.br\/wp-content\/uploads\/2025\/05\/WhatsApp-Image-2025-05-30-at-10.44.57-3.jpeg 735w, https:\/\/focas.uniso.br\/wp-content\/uploads\/2025\/05\/WhatsApp-Image-2025-05-30-at-10.44.57-3-294x300.jpeg 294w\" sizes=\"auto, (max-width: 735px) 100vw, 735px\" \/><figcaption class=\"wp-element-caption\">Por interm\u00e9dio da psic\u00f3loga e integrante do Conselho Regional de Psicologia\/SP \u2013 Subsede Sorocaba, Maria Sueila Ferreira (\u00e0 esq), Paula visitou a sede do conselho onde compartilhou diversas experi\u00eancias sobre psicologia e quest\u00f5es \u00e9tnico-raciais | Foto: arquivo pessoal Maria Sueila Ferreira<\/figcaption><\/figure>\n\n\n\n<figure class=\"wp-block-image size-full\"><img loading=\"lazy\" decoding=\"async\" width=\"856\" height=\"817\" src=\"https:\/\/focas.uniso.br\/wp-content\/uploads\/2025\/05\/WhatsApp-Image-2025-05-30-at-10.44.58.jpeg\" alt=\"\" class=\"wp-image-3425\" srcset=\"https:\/\/focas.uniso.br\/wp-content\/uploads\/2025\/05\/WhatsApp-Image-2025-05-30-at-10.44.58.jpeg 856w, https:\/\/focas.uniso.br\/wp-content\/uploads\/2025\/05\/WhatsApp-Image-2025-05-30-at-10.44.58-300x286.jpeg 300w, https:\/\/focas.uniso.br\/wp-content\/uploads\/2025\/05\/WhatsApp-Image-2025-05-30-at-10.44.58-768x733.jpeg 768w\" sizes=\"auto, (max-width: 856px) 100vw, 856px\" \/><figcaption class=\"wp-element-caption\">Maria Sueila Ferreira (\u00e0 esq), moradora da cidade de Itu, tamb\u00e9m fez a articula\u00e7\u00e3o para que Paula fizesse uma palestra na sede do Centro Ituano de Letras e Artes. Ros\u00e1lia Maria (\u00e0 dir.) \u00e9 psic\u00f3loga e integrante da Unei (Uni\u00e3o Negra Ituana) | Foto: arquivo pessoal Paula Jambane<\/figcaption><\/figure>\n\n\n\n<figure class=\"wp-block-image size-full\"><img loading=\"lazy\" decoding=\"async\" width=\"780\" height=\"674\" src=\"https:\/\/focas.uniso.br\/wp-content\/uploads\/2025\/05\/WhatsApp-Image-2025-05-30-at-10.44.58-1.jpeg\" alt=\"\" class=\"wp-image-3426\" srcset=\"https:\/\/focas.uniso.br\/wp-content\/uploads\/2025\/05\/WhatsApp-Image-2025-05-30-at-10.44.58-1.jpeg 780w, https:\/\/focas.uniso.br\/wp-content\/uploads\/2025\/05\/WhatsApp-Image-2025-05-30-at-10.44.58-1-300x259.jpeg 300w, https:\/\/focas.uniso.br\/wp-content\/uploads\/2025\/05\/WhatsApp-Image-2025-05-30-at-10.44.58-1-768x664.jpeg 768w\" sizes=\"auto, (max-width: 780px) 100vw, 780px\" \/><figcaption class=\"wp-element-caption\">Paula durante sua fala no Centro Ituano de Letras e Artes, que ocorreu no dia 21 de maio na cidade de Itu | Foto: arquivo pessoal Maria Sueila Ferreira<\/figcaption><\/figure>\n\n\n\n<figure class=\"wp-block-image size-large\"><img loading=\"lazy\" decoding=\"async\" width=\"1024\" height=\"682\" src=\"https:\/\/focas.uniso.br\/wp-content\/uploads\/2025\/05\/WhatsApp-Image-2025-05-30-at-10.44.58-2-1024x682.jpeg\" alt=\"\" class=\"wp-image-3427\" srcset=\"https:\/\/focas.uniso.br\/wp-content\/uploads\/2025\/05\/WhatsApp-Image-2025-05-30-at-10.44.58-2-1024x682.jpeg 1024w, https:\/\/focas.uniso.br\/wp-content\/uploads\/2025\/05\/WhatsApp-Image-2025-05-30-at-10.44.58-2-300x200.jpeg 300w, https:\/\/focas.uniso.br\/wp-content\/uploads\/2025\/05\/WhatsApp-Image-2025-05-30-at-10.44.58-2-768x512.jpeg 768w, https:\/\/focas.uniso.br\/wp-content\/uploads\/2025\/05\/WhatsApp-Image-2025-05-30-at-10.44.58-2-1536x1023.jpeg 1536w, https:\/\/focas.uniso.br\/wp-content\/uploads\/2025\/05\/WhatsApp-Image-2025-05-30-at-10.44.58-2.jpeg 1600w\" sizes=\"auto, (max-width: 1024px) 100vw, 1024px\" \/><figcaption class=\"wp-element-caption\">De acordo com Paula, o livro \u201cNossos Caminhos Nossas Escolhas\u201d est\u00e1 em processo final para publica\u00e7\u00e3o e estar\u00e1 dispon\u00edvel em breve. Para mais informa\u00e7\u00f5es, ela pede que as pessoas acessem seu Instagram: @paulavjambane | Foto: Rafael Filho<\/figcaption><\/figure>\n\n\n\n<p><strong>Gleice Marciano<\/strong>:&nbsp;<a href=\"mailto:gleicebama@gmail.com\">gleicebama@gmail.com<\/a>.<\/p>\n\n\n\n<p><strong>Elo\u00edsa Gon\u00e7alves<\/strong>:&nbsp;<a href=\"mailto:elopes802@gmail.com\">elopes802@gmail.com<\/a><\/p>\n\n\n\n<p><strong>Ademir Barros<\/strong>:&nbsp;<a href=\"mailto:ademirmulato@gmail.com\">ademirmulato@gmail.com<\/a><\/p>\n\n\n\n<p><strong><em>Instagram<\/em><\/strong>:&nbsp;<a href=\"https:\/\/www.instagram.com\/nucabfala\/\">@nucabfala<\/a>.<\/p>\n\n\n\n<p><strong><em>Facebook<\/em><\/strong>:&nbsp;<a href=\"https:\/\/www.facebook.com\/NucabFala?mibextid=ZbWKwL\">https:\/\/www.facebook.com\/NucabFala<\/a>.<\/p>\n\n\n\n<p><strong><em>Site<\/em><\/strong>:&nbsp;<a href=\"https:\/\/nucabfala.wixsite.com\/nucabfala\">https:\/\/nucabfala.wixsite.com\/nucabfala<\/a>.<\/p>\n\n\n\n<p><strong><em>Email<\/em><\/strong>:&nbsp;<a href=\"mailto:nucabfala@gmail.com.br\">nucabfala@gmail.com.br<\/a>.<\/p>\n\n\n\n<p><strong>Livro<\/strong>:&nbsp;<a href=\"https:\/\/editora.uniso.br\/editora\/catalog\/view\/11\/9\/49\">https:\/\/editora.uniso.br\/editora\/catalog\/view\/11\/9\/49<\/a>.<\/p>\n\n\n\n<p>Saiba mais sobre o Grupo de ExU:<\/p>\n\n\n\n<p><strong><em>Instagram<\/em><\/strong>:&nbsp;@grupodeexu<\/p>\n\n\n\n<p><strong><em>Email<\/em><\/strong>: <a href=\"mailto:grupodeexu@gmail.com\">grupodeexu@gmail.com<\/a><\/p>\n\n\n\n<figure class=\"wp-block-gallery has-nested-images columns-default is-cropped wp-block-gallery-1 is-layout-flex wp-block-gallery-is-layout-flex\">\n<figure class=\"wp-block-image size-large\"><img loading=\"lazy\" decoding=\"async\" width=\"1024\" height=\"682\" data-id=\"3429\" src=\"https:\/\/focas.uniso.br\/wp-content\/uploads\/2025\/05\/WhatsApp-Image-2025-05-30-at-10.45.01-3-1024x682.jpeg\" alt=\"\" class=\"wp-image-3429\" srcset=\"https:\/\/focas.uniso.br\/wp-content\/uploads\/2025\/05\/WhatsApp-Image-2025-05-30-at-10.45.01-3-1024x682.jpeg 1024w, https:\/\/focas.uniso.br\/wp-content\/uploads\/2025\/05\/WhatsApp-Image-2025-05-30-at-10.45.01-3-300x200.jpeg 300w, https:\/\/focas.uniso.br\/wp-content\/uploads\/2025\/05\/WhatsApp-Image-2025-05-30-at-10.45.01-3-768x512.jpeg 768w, https:\/\/focas.uniso.br\/wp-content\/uploads\/2025\/05\/WhatsApp-Image-2025-05-30-at-10.45.01-3-1536x1023.jpeg 1536w, https:\/\/focas.uniso.br\/wp-content\/uploads\/2025\/05\/WhatsApp-Image-2025-05-30-at-10.45.01-3.jpeg 1600w\" sizes=\"auto, (max-width: 1024px) 100vw, 1024px\" \/><\/figure>\n\n\n\n<figure class=\"wp-block-image size-large\"><img loading=\"lazy\" decoding=\"async\" width=\"1024\" height=\"682\" data-id=\"3430\" src=\"https:\/\/focas.uniso.br\/wp-content\/uploads\/2025\/05\/WhatsApp-Image-2025-05-30-at-10.45.01-2-1024x682.jpeg\" alt=\"\" class=\"wp-image-3430\" srcset=\"https:\/\/focas.uniso.br\/wp-content\/uploads\/2025\/05\/WhatsApp-Image-2025-05-30-at-10.45.01-2-1024x682.jpeg 1024w, https:\/\/focas.uniso.br\/wp-content\/uploads\/2025\/05\/WhatsApp-Image-2025-05-30-at-10.45.01-2-300x200.jpeg 300w, https:\/\/focas.uniso.br\/wp-content\/uploads\/2025\/05\/WhatsApp-Image-2025-05-30-at-10.45.01-2-768x512.jpeg 768w, https:\/\/focas.uniso.br\/wp-content\/uploads\/2025\/05\/WhatsApp-Image-2025-05-30-at-10.45.01-2-1536x1023.jpeg 1536w, https:\/\/focas.uniso.br\/wp-content\/uploads\/2025\/05\/WhatsApp-Image-2025-05-30-at-10.45.01-2.jpeg 1600w\" sizes=\"auto, (max-width: 1024px) 100vw, 1024px\" \/><\/figure>\n\n\n\n<figure class=\"wp-block-image size-large\"><img loading=\"lazy\" decoding=\"async\" width=\"1024\" height=\"682\" data-id=\"3431\" src=\"https:\/\/focas.uniso.br\/wp-content\/uploads\/2025\/05\/WhatsApp-Image-2025-05-30-at-10.45.01-1-1024x682.jpeg\" alt=\"\" class=\"wp-image-3431\" srcset=\"https:\/\/focas.uniso.br\/wp-content\/uploads\/2025\/05\/WhatsApp-Image-2025-05-30-at-10.45.01-1-1024x682.jpeg 1024w, https:\/\/focas.uniso.br\/wp-content\/uploads\/2025\/05\/WhatsApp-Image-2025-05-30-at-10.45.01-1-300x200.jpeg 300w, https:\/\/focas.uniso.br\/wp-content\/uploads\/2025\/05\/WhatsApp-Image-2025-05-30-at-10.45.01-1-768x512.jpeg 768w, https:\/\/focas.uniso.br\/wp-content\/uploads\/2025\/05\/WhatsApp-Image-2025-05-30-at-10.45.01-1-1536x1023.jpeg 1536w, https:\/\/focas.uniso.br\/wp-content\/uploads\/2025\/05\/WhatsApp-Image-2025-05-30-at-10.45.01-1.jpeg 1600w\" sizes=\"auto, (max-width: 1024px) 100vw, 1024px\" \/><\/figure>\n\n\n\n<figure class=\"wp-block-image size-large\"><img loading=\"lazy\" decoding=\"async\" width=\"1024\" height=\"526\" data-id=\"3432\" src=\"https:\/\/focas.uniso.br\/wp-content\/uploads\/2025\/05\/WhatsApp-Image-2025-05-30-at-10.45.01-1024x526.jpeg\" alt=\"\" class=\"wp-image-3432\" srcset=\"https:\/\/focas.uniso.br\/wp-content\/uploads\/2025\/05\/WhatsApp-Image-2025-05-30-at-10.45.01-1024x526.jpeg 1024w, https:\/\/focas.uniso.br\/wp-content\/uploads\/2025\/05\/WhatsApp-Image-2025-05-30-at-10.45.01-300x154.jpeg 300w, https:\/\/focas.uniso.br\/wp-content\/uploads\/2025\/05\/WhatsApp-Image-2025-05-30-at-10.45.01-768x395.jpeg 768w, https:\/\/focas.uniso.br\/wp-content\/uploads\/2025\/05\/WhatsApp-Image-2025-05-30-at-10.45.01-1536x789.jpeg 1536w, https:\/\/focas.uniso.br\/wp-content\/uploads\/2025\/05\/WhatsApp-Image-2025-05-30-at-10.45.01.jpeg 1600w\" sizes=\"auto, (max-width: 1024px) 100vw, 1024px\" \/><\/figure>\n\n\n\n<figure class=\"wp-block-image size-large\"><img loading=\"lazy\" decoding=\"async\" width=\"1024\" height=\"530\" data-id=\"3433\" src=\"https:\/\/focas.uniso.br\/wp-content\/uploads\/2025\/05\/WhatsApp-Image-2025-05-30-at-10.45.00-3-1024x530.jpeg\" alt=\"\" class=\"wp-image-3433\" srcset=\"https:\/\/focas.uniso.br\/wp-content\/uploads\/2025\/05\/WhatsApp-Image-2025-05-30-at-10.45.00-3-1024x530.jpeg 1024w, https:\/\/focas.uniso.br\/wp-content\/uploads\/2025\/05\/WhatsApp-Image-2025-05-30-at-10.45.00-3-300x155.jpeg 300w, https:\/\/focas.uniso.br\/wp-content\/uploads\/2025\/05\/WhatsApp-Image-2025-05-30-at-10.45.00-3-768x397.jpeg 768w, https:\/\/focas.uniso.br\/wp-content\/uploads\/2025\/05\/WhatsApp-Image-2025-05-30-at-10.45.00-3-1536x795.jpeg 1536w, https:\/\/focas.uniso.br\/wp-content\/uploads\/2025\/05\/WhatsApp-Image-2025-05-30-at-10.45.00-3.jpeg 1600w\" sizes=\"auto, (max-width: 1024px) 100vw, 1024px\" \/><\/figure>\n\n\n\n<figure class=\"wp-block-image size-large\"><img loading=\"lazy\" decoding=\"async\" width=\"1024\" height=\"791\" data-id=\"3434\" src=\"https:\/\/focas.uniso.br\/wp-content\/uploads\/2025\/05\/WhatsApp-Image-2025-05-30-at-10.45.00-2-1024x791.jpeg\" alt=\"\" class=\"wp-image-3434\" srcset=\"https:\/\/focas.uniso.br\/wp-content\/uploads\/2025\/05\/WhatsApp-Image-2025-05-30-at-10.45.00-2-1024x791.jpeg 1024w, https:\/\/focas.uniso.br\/wp-content\/uploads\/2025\/05\/WhatsApp-Image-2025-05-30-at-10.45.00-2-300x232.jpeg 300w, https:\/\/focas.uniso.br\/wp-content\/uploads\/2025\/05\/WhatsApp-Image-2025-05-30-at-10.45.00-2-768x593.jpeg 768w, https:\/\/focas.uniso.br\/wp-content\/uploads\/2025\/05\/WhatsApp-Image-2025-05-30-at-10.45.00-2-1536x1187.jpeg 1536w, https:\/\/focas.uniso.br\/wp-content\/uploads\/2025\/05\/WhatsApp-Image-2025-05-30-at-10.45.00-2.jpeg 1600w\" sizes=\"auto, (max-width: 1024px) 100vw, 1024px\" \/><\/figure>\n\n\n\n<figure class=\"wp-block-image size-large\"><img loading=\"lazy\" decoding=\"async\" width=\"842\" height=\"1024\" data-id=\"3435\" src=\"https:\/\/focas.uniso.br\/wp-content\/uploads\/2025\/05\/WhatsApp-Image-2025-05-30-at-10.45.00-1-842x1024.jpeg\" alt=\"\" class=\"wp-image-3435\" srcset=\"https:\/\/focas.uniso.br\/wp-content\/uploads\/2025\/05\/WhatsApp-Image-2025-05-30-at-10.45.00-1-842x1024.jpeg 842w, https:\/\/focas.uniso.br\/wp-content\/uploads\/2025\/05\/WhatsApp-Image-2025-05-30-at-10.45.00-1-247x300.jpeg 247w, https:\/\/focas.uniso.br\/wp-content\/uploads\/2025\/05\/WhatsApp-Image-2025-05-30-at-10.45.00-1-768x934.jpeg 768w, https:\/\/focas.uniso.br\/wp-content\/uploads\/2025\/05\/WhatsApp-Image-2025-05-30-at-10.45.00-1-1263x1536.jpeg 1263w, https:\/\/focas.uniso.br\/wp-content\/uploads\/2025\/05\/WhatsApp-Image-2025-05-30-at-10.45.00-1.jpeg 1316w\" sizes=\"auto, (max-width: 842px) 100vw, 842px\" \/><\/figure>\n\n\n\n<figure class=\"wp-block-image size-large\"><img loading=\"lazy\" decoding=\"async\" width=\"1024\" height=\"588\" data-id=\"3436\" src=\"https:\/\/focas.uniso.br\/wp-content\/uploads\/2025\/05\/WhatsApp-Image-2025-05-30-at-10.45.00-1024x588.jpeg\" alt=\"\" class=\"wp-image-3436\" srcset=\"https:\/\/focas.uniso.br\/wp-content\/uploads\/2025\/05\/WhatsApp-Image-2025-05-30-at-10.45.00-1024x588.jpeg 1024w, https:\/\/focas.uniso.br\/wp-content\/uploads\/2025\/05\/WhatsApp-Image-2025-05-30-at-10.45.00-300x172.jpeg 300w, https:\/\/focas.uniso.br\/wp-content\/uploads\/2025\/05\/WhatsApp-Image-2025-05-30-at-10.45.00-768x441.jpeg 768w, https:\/\/focas.uniso.br\/wp-content\/uploads\/2025\/05\/WhatsApp-Image-2025-05-30-at-10.45.00-1536x881.jpeg 1536w, https:\/\/focas.uniso.br\/wp-content\/uploads\/2025\/05\/WhatsApp-Image-2025-05-30-at-10.45.00.jpeg 1600w\" sizes=\"auto, (max-width: 1024px) 100vw, 1024px\" \/><\/figure>\n\n\n\n<figure class=\"wp-block-image size-large\"><img loading=\"lazy\" decoding=\"async\" width=\"1024\" height=\"536\" data-id=\"3437\" src=\"https:\/\/focas.uniso.br\/wp-content\/uploads\/2025\/05\/WhatsApp-Image-2025-05-30-at-10.44.59-3-1024x536.jpeg\" alt=\"\" class=\"wp-image-3437\" srcset=\"https:\/\/focas.uniso.br\/wp-content\/uploads\/2025\/05\/WhatsApp-Image-2025-05-30-at-10.44.59-3-1024x536.jpeg 1024w, https:\/\/focas.uniso.br\/wp-content\/uploads\/2025\/05\/WhatsApp-Image-2025-05-30-at-10.44.59-3-300x157.jpeg 300w, https:\/\/focas.uniso.br\/wp-content\/uploads\/2025\/05\/WhatsApp-Image-2025-05-30-at-10.44.59-3-768x402.jpeg 768w, https:\/\/focas.uniso.br\/wp-content\/uploads\/2025\/05\/WhatsApp-Image-2025-05-30-at-10.44.59-3-1536x804.jpeg 1536w, https:\/\/focas.uniso.br\/wp-content\/uploads\/2025\/05\/WhatsApp-Image-2025-05-30-at-10.44.59-3-390x205.jpeg 390w, https:\/\/focas.uniso.br\/wp-content\/uploads\/2025\/05\/WhatsApp-Image-2025-05-30-at-10.44.59-3.jpeg 1600w\" sizes=\"auto, (max-width: 1024px) 100vw, 1024px\" \/><\/figure>\n\n\n\n<figure class=\"wp-block-image size-large\"><img loading=\"lazy\" decoding=\"async\" width=\"1024\" height=\"682\" data-id=\"3438\" src=\"https:\/\/focas.uniso.br\/wp-content\/uploads\/2025\/05\/WhatsApp-Image-2025-05-30-at-10.44.59-2-1024x682.jpeg\" alt=\"\" class=\"wp-image-3438\" srcset=\"https:\/\/focas.uniso.br\/wp-content\/uploads\/2025\/05\/WhatsApp-Image-2025-05-30-at-10.44.59-2-1024x682.jpeg 1024w, https:\/\/focas.uniso.br\/wp-content\/uploads\/2025\/05\/WhatsApp-Image-2025-05-30-at-10.44.59-2-300x200.jpeg 300w, https:\/\/focas.uniso.br\/wp-content\/uploads\/2025\/05\/WhatsApp-Image-2025-05-30-at-10.44.59-2-768x512.jpeg 768w, https:\/\/focas.uniso.br\/wp-content\/uploads\/2025\/05\/WhatsApp-Image-2025-05-30-at-10.44.59-2-1536x1023.jpeg 1536w, https:\/\/focas.uniso.br\/wp-content\/uploads\/2025\/05\/WhatsApp-Image-2025-05-30-at-10.44.59-2.jpeg 1600w\" sizes=\"auto, (max-width: 1024px) 100vw, 1024px\" \/><\/figure>\n\n\n\n<figure class=\"wp-block-image size-large\"><img loading=\"lazy\" decoding=\"async\" width=\"1024\" height=\"682\" data-id=\"3439\" src=\"https:\/\/focas.uniso.br\/wp-content\/uploads\/2025\/05\/WhatsApp-Image-2025-05-30-at-10.44.59-1-1024x682.jpeg\" alt=\"\" class=\"wp-image-3439\" srcset=\"https:\/\/focas.uniso.br\/wp-content\/uploads\/2025\/05\/WhatsApp-Image-2025-05-30-at-10.44.59-1-1024x682.jpeg 1024w, https:\/\/focas.uniso.br\/wp-content\/uploads\/2025\/05\/WhatsApp-Image-2025-05-30-at-10.44.59-1-300x200.jpeg 300w, https:\/\/focas.uniso.br\/wp-content\/uploads\/2025\/05\/WhatsApp-Image-2025-05-30-at-10.44.59-1-768x512.jpeg 768w, https:\/\/focas.uniso.br\/wp-content\/uploads\/2025\/05\/WhatsApp-Image-2025-05-30-at-10.44.59-1-1536x1023.jpeg 1536w, https:\/\/focas.uniso.br\/wp-content\/uploads\/2025\/05\/WhatsApp-Image-2025-05-30-at-10.44.59-1.jpeg 1600w\" sizes=\"auto, (max-width: 1024px) 100vw, 1024px\" \/><\/figure>\n\n\n\n<figure class=\"wp-block-image size-large\"><img loading=\"lazy\" decoding=\"async\" width=\"1024\" height=\"682\" data-id=\"3440\" src=\"https:\/\/focas.uniso.br\/wp-content\/uploads\/2025\/05\/WhatsApp-Image-2025-05-30-at-10.44.59-1024x682.jpeg\" alt=\"\" class=\"wp-image-3440\" srcset=\"https:\/\/focas.uniso.br\/wp-content\/uploads\/2025\/05\/WhatsApp-Image-2025-05-30-at-10.44.59-1024x682.jpeg 1024w, https:\/\/focas.uniso.br\/wp-content\/uploads\/2025\/05\/WhatsApp-Image-2025-05-30-at-10.44.59-300x200.jpeg 300w, https:\/\/focas.uniso.br\/wp-content\/uploads\/2025\/05\/WhatsApp-Image-2025-05-30-at-10.44.59-768x512.jpeg 768w, https:\/\/focas.uniso.br\/wp-content\/uploads\/2025\/05\/WhatsApp-Image-2025-05-30-at-10.44.59-1536x1023.jpeg 1536w, https:\/\/focas.uniso.br\/wp-content\/uploads\/2025\/05\/WhatsApp-Image-2025-05-30-at-10.44.59.jpeg 1600w\" sizes=\"auto, (max-width: 1024px) 100vw, 1024px\" \/><\/figure>\n\n\n\n<figure class=\"wp-block-image size-large\"><img loading=\"lazy\" decoding=\"async\" width=\"1024\" height=\"682\" data-id=\"3441\" src=\"https:\/\/focas.uniso.br\/wp-content\/uploads\/2025\/05\/WhatsApp-Image-2025-05-30-at-10.44.58-4-1024x682.jpeg\" alt=\"\" class=\"wp-image-3441\" srcset=\"https:\/\/focas.uniso.br\/wp-content\/uploads\/2025\/05\/WhatsApp-Image-2025-05-30-at-10.44.58-4-1024x682.jpeg 1024w, https:\/\/focas.uniso.br\/wp-content\/uploads\/2025\/05\/WhatsApp-Image-2025-05-30-at-10.44.58-4-300x200.jpeg 300w, https:\/\/focas.uniso.br\/wp-content\/uploads\/2025\/05\/WhatsApp-Image-2025-05-30-at-10.44.58-4-768x512.jpeg 768w, https:\/\/focas.uniso.br\/wp-content\/uploads\/2025\/05\/WhatsApp-Image-2025-05-30-at-10.44.58-4-1536x1023.jpeg 1536w, https:\/\/focas.uniso.br\/wp-content\/uploads\/2025\/05\/WhatsApp-Image-2025-05-30-at-10.44.58-4.jpeg 1600w\" sizes=\"auto, (max-width: 1024px) 100vw, 1024px\" \/><\/figure>\n<\/figure>\n","protected":false},"excerpt":{"rendered":"<p>No m\u00eas em que se comemora o Dia da \u00c1frica, psic\u00f3loga mo\u00e7ambicana participa de eventos junto ao curso de Psicologia<\/p>\n","protected":false},"author":1,"featured_media":0,"comment_status":"open","ping_status":"open","sticky":false,"template":"","format":"standard","meta":{"colormag_page_container_layout":"default_layout","colormag_page_sidebar_layout":"default_layout","footnotes":""},"categories":[15,9,37,14],"tags":[30,41,29,28],"class_list":["post-3417","post","type-post","status-publish","format-standard","hentry","category-jornalismo","category-jornalismo-online","category-sorocaba","category-uniso","tag-focas","tag-focas-na-rede","tag-jornalismo","tag-uniso"],"featured_image_urls":{"full":"","thumbnail":"","medium":"","medium_large":"","large":"","1536x1536":"","2048x2048":"","colormag-highlighted-post":"","colormag-featured-post-medium":"","colormag-featured-post-small":"","colormag-featured-image":"","colormag-default-news":"","colormag-featured-image-large":""},"author_info":{"info":["focas"]},"category_info":"<a href=\"https:\/\/focas.uniso.br\/index.php\/category\/jornalismo\/\" rel=\"category tag\">Jornalismo<\/a> <a href=\"https:\/\/focas.uniso.br\/index.php\/category\/jornalismo-online\/\" rel=\"category tag\">jornalismo online<\/a> <a href=\"https:\/\/focas.uniso.br\/index.php\/category\/sorocaba\/\" rel=\"category tag\">Sorocaba<\/a> <a href=\"https:\/\/focas.uniso.br\/index.php\/category\/uniso\/\" rel=\"category tag\">Uniso<\/a>","tag_info":"Uniso","comment_count":"0","_links":{"self":[{"href":"https:\/\/focas.uniso.br\/index.php\/wp-json\/wp\/v2\/posts\/3417","targetHints":{"allow":["GET"]}}],"collection":[{"href":"https:\/\/focas.uniso.br\/index.php\/wp-json\/wp\/v2\/posts"}],"about":[{"href":"https:\/\/focas.uniso.br\/index.php\/wp-json\/wp\/v2\/types\/post"}],"author":[{"embeddable":true,"href":"https:\/\/focas.uniso.br\/index.php\/wp-json\/wp\/v2\/users\/1"}],"replies":[{"embeddable":true,"href":"https:\/\/focas.uniso.br\/index.php\/wp-json\/wp\/v2\/comments?post=3417"}],"version-history":[{"count":2,"href":"https:\/\/focas.uniso.br\/index.php\/wp-json\/wp\/v2\/posts\/3417\/revisions"}],"predecessor-version":[{"id":3458,"href":"https:\/\/focas.uniso.br\/index.php\/wp-json\/wp\/v2\/posts\/3417\/revisions\/3458"}],"wp:attachment":[{"href":"https:\/\/focas.uniso.br\/index.php\/wp-json\/wp\/v2\/media?parent=3417"}],"wp:term":[{"taxonomy":"category","embeddable":true,"href":"https:\/\/focas.uniso.br\/index.php\/wp-json\/wp\/v2\/categories?post=3417"},{"taxonomy":"post_tag","embeddable":true,"href":"https:\/\/focas.uniso.br\/index.php\/wp-json\/wp\/v2\/tags?post=3417"}],"curies":[{"name":"wp","href":"https:\/\/api.w.org\/{rel}","templated":true}]}}