{"id":3466,"date":"2025-06-02T09:28:16","date_gmt":"2025-06-02T12:28:16","guid":{"rendered":"https:\/\/focas.uniso.br\/?p=3466"},"modified":"2025-06-02T09:28:16","modified_gmt":"2025-06-02T12:28:16","slug":"estudantes-denunciam-negligencia-urbana-em-ensaio-fotografico-sobre-mobilidade","status":"publish","type":"post","link":"https:\/\/focas.uniso.br\/index.php\/2025\/06\/02\/estudantes-denunciam-negligencia-urbana-em-ensaio-fotografico-sobre-mobilidade\/","title":{"rendered":"Estudantes denunciam neglig\u00eancia urbana em ensaio fotogr\u00e1fico sobre mobilidade"},"content":{"rendered":"\n<p><em>Ensaio fotogr\u00e1fico realizado por alunos da Uniso retrata, com sensibilidade e cr\u00edtica, os tra\u00e7os de abandono nas ruas e a luta di\u00e1ria por deslocamento digno<\/em><\/p>\n\n\n\n<p>Por Sophia Ruivo (Ag\u00eancia Focas \u2013 Jornalismo Uniso)<\/p>\n\n\n\n<p>O descaso se revela pelas lentes atentas de 30 estudantes, que registraram, cada um ao seu modo, os desafios e dores que a mobilidade urbana da Regi\u00e3o Metropolitana de Sorocaba promove.<\/p>\n\n\n\n<p>A proposta de observa\u00e7\u00e3o dos problemas, por vezes t\u00e3o cotidianos, foi realizada na disciplina de Fotojornalismo para as turmas do terceiro e do quarto semestres.<\/p>\n\n\n\n<p>Os estudantes produziram uma colet\u00e2nea de 10 a 20 imagens, com temas focados no deslocamento de pedestres e motoristas, nas malhas vi\u00e1rias e nas vias p\u00fablicas.<\/p>\n\n\n\n<p>As narrativas visuais propostas na colet\u00e2nea carregam o significado de mobilidade sob o olhar de cada estudante, cada proposta trouxe um olhar \u00fanico: a beleza dos transportes p\u00fablicos em hor\u00e1rio de menor fluxo, a neglig\u00eancia do Estado, a vida daqueles que vivem do asfalto, o caminho di\u00e1rio e dif\u00edcil de pessoas que enfrentam os problemas, perigos ou preconceitos que a mobilidade urbana lhes imp\u00f5e.<\/p>\n\n\n\n<p>Registros impactantes, e legendas fortes permearam as imagens, transformando a rotina invis\u00edvel de tantos em den\u00fancia e arte.<\/p>\n\n\n\n<p>Entre os temas abordados, o transporte p\u00fablico se destacou: as imagens traduzem o sofrimento coletivo de um sistema sobrecarregado, que, mesmo sendo parte da rotina exaustiva, revela um retrato silencioso e contundente da neglig\u00eancia.<\/p>\n\n\n\n<figure class=\"wp-block-image size-full\"><img loading=\"lazy\" decoding=\"async\" width=\"821\" height=\"461\" src=\"https:\/\/focas.uniso.br\/wp-content\/uploads\/2025\/06\/WhatsApp-Image-2025-06-01-at-21.46.02.jpeg\" alt=\"\" class=\"wp-image-3467\" srcset=\"https:\/\/focas.uniso.br\/wp-content\/uploads\/2025\/06\/WhatsApp-Image-2025-06-01-at-21.46.02.jpeg 821w, https:\/\/focas.uniso.br\/wp-content\/uploads\/2025\/06\/WhatsApp-Image-2025-06-01-at-21.46.02-300x168.jpeg 300w, https:\/\/focas.uniso.br\/wp-content\/uploads\/2025\/06\/WhatsApp-Image-2025-06-01-at-21.46.02-768x431.jpeg 768w\" sizes=\"auto, (max-width: 821px) 100vw, 821px\" \/><figcaption class=\"wp-element-caption\">No interior do \u00f4nibus, passageiros se dividem entre o cansa\u00e7o, a pressa e as distra\u00e7\u00f5es da rotina. Cada um espera o seu destino final de um jeito | Cr\u00e9dito: Ana Carolina Figueiredo<\/figcaption><\/figure>\n\n\n\n<p>Contrastando com essa tens\u00e3o cotidiana, alguns registros revelam a calma dos finais de semana, momentos de paz e contempla\u00e7\u00e3o que demonstram a beleza desses respiros na rotina.<\/p>\n\n\n\n<figure class=\"wp-block-image size-full\"><img loading=\"lazy\" decoding=\"async\" width=\"427\" height=\"567\" src=\"https:\/\/focas.uniso.br\/wp-content\/uploads\/2025\/06\/WhatsApp-Image-2025-06-01-at-21.50.22.jpeg\" alt=\"\" class=\"wp-image-3469\" srcset=\"https:\/\/focas.uniso.br\/wp-content\/uploads\/2025\/06\/WhatsApp-Image-2025-06-01-at-21.50.22.jpeg 427w, https:\/\/focas.uniso.br\/wp-content\/uploads\/2025\/06\/WhatsApp-Image-2025-06-01-at-21.50.22-226x300.jpeg 226w\" sizes=\"auto, (max-width: 427px) 100vw, 427px\" \/><figcaption class=\"wp-element-caption\">Os detalhes despercebidos dentro do expresso | Cr\u00e9dito: Raissa Rosendo<\/figcaption><\/figure>\n\n\n\n<p>Entre o concreto e o abandono, a lente encontra aqueles que dormem onde ningu\u00e9m sonha, e transforma sil\u00eancio em mem\u00f3ria.<\/p>\n\n\n\n<figure class=\"wp-block-image size-full\"><img loading=\"lazy\" decoding=\"async\" width=\"615\" height=\"615\" src=\"https:\/\/focas.uniso.br\/wp-content\/uploads\/2025\/06\/WhatsApp-Image-2025-06-01-at-21.50.35.jpeg\" alt=\"\" class=\"wp-image-3470\" srcset=\"https:\/\/focas.uniso.br\/wp-content\/uploads\/2025\/06\/WhatsApp-Image-2025-06-01-at-21.50.35.jpeg 615w, https:\/\/focas.uniso.br\/wp-content\/uploads\/2025\/06\/WhatsApp-Image-2025-06-01-at-21.50.35-300x300.jpeg 300w, https:\/\/focas.uniso.br\/wp-content\/uploads\/2025\/06\/WhatsApp-Image-2025-06-01-at-21.50.35-150x150.jpeg 150w\" sizes=\"auto, (max-width: 615px) 100vw, 615px\" \/><figcaption class=\"wp-element-caption\">Vivemos um sonho ou pesadelo | Cr\u00e9dito: Alexandre Gon\u00e7alves<\/figcaption><\/figure>\n\n\n\n<figure class=\"wp-block-image size-full\"><img loading=\"lazy\" decoding=\"async\" width=\"684\" height=\"516\" src=\"https:\/\/focas.uniso.br\/wp-content\/uploads\/2025\/06\/WhatsApp-Image-2025-06-01-at-21.50.41.jpeg\" alt=\"\" class=\"wp-image-3471\" srcset=\"https:\/\/focas.uniso.br\/wp-content\/uploads\/2025\/06\/WhatsApp-Image-2025-06-01-at-21.50.41.jpeg 684w, https:\/\/focas.uniso.br\/wp-content\/uploads\/2025\/06\/WhatsApp-Image-2025-06-01-at-21.50.41-300x226.jpeg 300w\" sizes=\"auto, (max-width: 684px) 100vw, 684px\" \/><figcaption class=\"wp-element-caption\">O sono do esquecido | Cr\u00e9dito: Caio Santucci<\/figcaption><\/figure>\n\n\n\n<p>A tem\u00e1tica da mobilidade escancara a presen\u00e7a das pessoas invisibilizadas expostas \u00e0 vista de todos, enquanto muitos se esfor\u00e7am para n\u00e3o enxerg\u00e1-las.<\/p>\n\n\n\n<figure class=\"wp-block-image size-full\"><img loading=\"lazy\" decoding=\"async\" width=\"975\" height=\"650\" src=\"https:\/\/focas.uniso.br\/wp-content\/uploads\/2025\/06\/WhatsApp-Image-2025-06-01-at-21.50.52.jpeg\" alt=\"\" class=\"wp-image-3472\" srcset=\"https:\/\/focas.uniso.br\/wp-content\/uploads\/2025\/06\/WhatsApp-Image-2025-06-01-at-21.50.52.jpeg 975w, https:\/\/focas.uniso.br\/wp-content\/uploads\/2025\/06\/WhatsApp-Image-2025-06-01-at-21.50.52-300x200.jpeg 300w, https:\/\/focas.uniso.br\/wp-content\/uploads\/2025\/06\/WhatsApp-Image-2025-06-01-at-21.50.52-768x512.jpeg 768w\" sizes=\"auto, (max-width: 975px) 100vw, 975px\" \/><figcaption class=\"wp-element-caption\">Em meio ao tr\u00e2nsito das grandes cidades, o congestionamento se transforma em fonte de sustento | Cr\u00e9dito: Laura Melar\u00e9<\/figcaption><\/figure>\n\n\n\n<figure class=\"wp-block-image size-full\"><img loading=\"lazy\" decoding=\"async\" width=\"676\" height=\"901\" src=\"https:\/\/focas.uniso.br\/wp-content\/uploads\/2025\/06\/WhatsApp-Image-2025-06-01-at-21.51.06.jpeg\" alt=\"\" class=\"wp-image-3473\" srcset=\"https:\/\/focas.uniso.br\/wp-content\/uploads\/2025\/06\/WhatsApp-Image-2025-06-01-at-21.51.06.jpeg 676w, https:\/\/focas.uniso.br\/wp-content\/uploads\/2025\/06\/WhatsApp-Image-2025-06-01-at-21.51.06-225x300.jpeg 225w\" sizes=\"auto, (max-width: 676px) 100vw, 676px\" \/><figcaption class=\"wp-element-caption\">Na mesma rua onde se vende paix\u00e3o, a realidade caminha em sil\u00eancio | Cr\u00e9dito: Caroline Soares<\/figcaption><\/figure>\n\n\n\n<p>Outros recortes demonstraram que o problema de mobilidade come\u00e7a nos detalhes.<\/p>\n\n\n\n<figure class=\"wp-block-image size-full\"><img loading=\"lazy\" decoding=\"async\" width=\"601\" height=\"801\" src=\"https:\/\/focas.uniso.br\/wp-content\/uploads\/2025\/06\/WhatsApp-Image-2025-06-01-at-21.51.22.jpeg\" alt=\"\" class=\"wp-image-3475\" srcset=\"https:\/\/focas.uniso.br\/wp-content\/uploads\/2025\/06\/WhatsApp-Image-2025-06-01-at-21.51.22.jpeg 601w, https:\/\/focas.uniso.br\/wp-content\/uploads\/2025\/06\/WhatsApp-Image-2025-06-01-at-21.51.22-225x300.jpeg 225w\" sizes=\"auto, (max-width: 601px) 100vw, 601px\" \/><figcaption class=\"wp-element-caption\">Na pele do asfalto, as cicatrizes do abandono se cruzam como veias abertas da cidade | Cr\u00e9dito: Sophia Ruivo<\/figcaption><\/figure>\n\n\n\n<p>A professora respons\u00e1vel, <strong>M\u00f4nica Ribeiro<\/strong>, ressalta justamente essa aten\u00e7\u00e3o \u00e0s realidades mais invisibilizadas. \u201cDestaco o olhar sobre os pedestres, em geral, e, principalmente, sobre os deficientes, e a forma como precisam enfrentar cal\u00e7adas ruins e outros problemas para se locomover pela cidade.\u201d<\/p>\n\n\n\n<p>A proposta de conclus\u00e3o da disciplina n\u00e3o foi f\u00e1cil, cada um com suas percep\u00e7\u00f5es procuraram retratar algo que julgavam ser mobilidade, e mostrar, por meio de suas imagens, a realidade de pessoas, pr\u00f3ximas ou n\u00e3o, foi assim que a estudante Rayane Azevedo do terceiro semestre contou a hist\u00f3ria dos pedestres, uma dor que carrega na alma de um relato t\u00e3o pr\u00f3ximo. \u201cO momento mais marcante foi quando parei para reunir todas as imagens, rever o que capturei e, finalmente, enxergar o significado que havia ali, algo que, enquanto eu fazia, ainda n\u00e3o estava t\u00e3o claro. [&#8230;] Foi nesse processo que tudo fez sentido. Olhar essas cenas, esses instantes, me fez lembrar da minha m\u00e3e, que caminha todos os dias por mais de 5 km, enfrentando cal\u00e7adas inexistentes, acostamentos perigosos e aus\u00eancia total de acessibilidade. Ela, como tantas outras pessoas, \u00e9 uma pedestre invis\u00edvel: algu\u00e9m que se arrisca diariamente porque n\u00e3o h\u00e1 outra op\u00e7\u00e3o. Pensar nela me emocionou muito. Este trabalho, no fim, virou tamb\u00e9m um gesto de amor, de den\u00fancia e de apelo. N\u00e3o \u00e9 s\u00f3 sobre o caminho dos pedestres &#8211; \u00e9 sobre quem caminha com dignidade mesmo quando a cidade nega o b\u00e1sico. \u00c9 o meu olhar, mas tamb\u00e9m o olhar de quem eu amo, minha m\u00e3e.\u201d<\/p>\n\n\n\n<figure class=\"wp-block-image size-full\"><img loading=\"lazy\" decoding=\"async\" width=\"655\" height=\"983\" src=\"https:\/\/focas.uniso.br\/wp-content\/uploads\/2025\/06\/WhatsApp-Image-2025-06-01-at-21.51.30.jpeg\" alt=\"\" class=\"wp-image-3476\" srcset=\"https:\/\/focas.uniso.br\/wp-content\/uploads\/2025\/06\/WhatsApp-Image-2025-06-01-at-21.51.30.jpeg 655w, https:\/\/focas.uniso.br\/wp-content\/uploads\/2025\/06\/WhatsApp-Image-2025-06-01-at-21.51.30-200x300.jpeg 200w\" sizes=\"auto, (max-width: 655px) 100vw, 655px\" \/><figcaption class=\"wp-element-caption\">Trabalho nas ruas: entre sacolas e latas, o descanso de quem vive do e no asfalto | Cr\u00e9dito: Rayane Azevedo<\/figcaption><\/figure>\n\n\n\n<p>Para Gabriela Margato, outra estudante participante, o desafio trouxe orgulho. \u201cUsar os conhecimentos que tivemos em aula para, de alguma forma, tamb\u00e9m registrar um pouco do que a comunidade sorocabana passa no dia a dia em rela\u00e7\u00e3o \u00e0 mobilidade da cidade, foi muito interessante. Estou orgulhosa de mim.\u201d<\/p>\n\n\n\n<p>A professora M\u00f4nica Ribeiro observa que o aprendizado vai al\u00e9m das t\u00e9cnicas de fotografia. \u201cO resultado mais importante, para al\u00e9m da qualidade t\u00e9cnica das fotografias, \u00e9 o aprendizado com o processo. [&#8230;] Ouvimos alguns relatos emocionantes, de revolta e at\u00e9 po\u00e9ticos que conseguiram ir al\u00e9m da vis\u00e3o comum sobre a mobilidade dentro das cidades e trazer reflex\u00f5es sobre quest\u00f5es maiores.\u201d<\/p>\n\n\n\n<p>Com t\u00e9cnicas de composi\u00e7\u00e3o fotogr\u00e1fica e linguagem jornal\u00edstica, cada trabalho se ergue como den\u00fancia, direta, po\u00e9tica ou art\u00edstica, carregando sentimento em cada enquadramento. S\u00e3o imagens que n\u00e3o apenas revelam, mas exigem que se olhe, que se veja. Porque, \u00e0s vezes, a cidade se revela mais nas rachaduras do que nos monumentos.<\/p>\n\n\n\n<figure class=\"wp-block-image size-full\"><img loading=\"lazy\" decoding=\"async\" width=\"659\" height=\"878\" src=\"https:\/\/focas.uniso.br\/wp-content\/uploads\/2025\/06\/WhatsApp-Image-2025-06-01-at-21.51.39.jpeg\" alt=\"\" class=\"wp-image-3477\" srcset=\"https:\/\/focas.uniso.br\/wp-content\/uploads\/2025\/06\/WhatsApp-Image-2025-06-01-at-21.51.39.jpeg 659w, https:\/\/focas.uniso.br\/wp-content\/uploads\/2025\/06\/WhatsApp-Image-2025-06-01-at-21.51.39-225x300.jpeg 225w\" sizes=\"auto, (max-width: 659px) 100vw, 659px\" \/><figcaption class=\"wp-element-caption\">\u00d4nibus\/pontos de \u00f4nibus\/vias p\u00fablicas\/morte do trabalhador brasileiro | Cr\u00e9dito: Gabriela Margato<\/figcaption><\/figure>\n\n\n\n<figure class=\"wp-block-image size-full\"><img loading=\"lazy\" decoding=\"async\" width=\"510\" height=\"765\" src=\"https:\/\/focas.uniso.br\/wp-content\/uploads\/2025\/06\/WhatsApp-Image-2025-06-01-at-21.51.46.jpeg\" alt=\"\" class=\"wp-image-3478\" srcset=\"https:\/\/focas.uniso.br\/wp-content\/uploads\/2025\/06\/WhatsApp-Image-2025-06-01-at-21.51.46.jpeg 510w, https:\/\/focas.uniso.br\/wp-content\/uploads\/2025\/06\/WhatsApp-Image-2025-06-01-at-21.51.46-200x300.jpeg 200w\" sizes=\"auto, (max-width: 510px) 100vw, 510px\" \/><figcaption class=\"wp-element-caption\">Cr\u00e9dito: Vitor Silva<\/figcaption><\/figure>\n\n\n\n<figure class=\"wp-block-image size-full\"><img loading=\"lazy\" decoding=\"async\" width=\"975\" height=\"750\" src=\"https:\/\/focas.uniso.br\/wp-content\/uploads\/2025\/06\/WhatsApp-Image-2025-06-01-at-21.52.05.jpeg\" alt=\"\" class=\"wp-image-3479\" srcset=\"https:\/\/focas.uniso.br\/wp-content\/uploads\/2025\/06\/WhatsApp-Image-2025-06-01-at-21.52.05.jpeg 975w, https:\/\/focas.uniso.br\/wp-content\/uploads\/2025\/06\/WhatsApp-Image-2025-06-01-at-21.52.05-300x231.jpeg 300w, https:\/\/focas.uniso.br\/wp-content\/uploads\/2025\/06\/WhatsApp-Image-2025-06-01-at-21.52.05-768x591.jpeg 768w\" sizes=\"auto, (max-width: 975px) 100vw, 975px\" \/><figcaption class=\"wp-element-caption\">As formas de mobilidade jamais se limitam, nem pela idade, nem pelo estilo | Cr\u00e9dito: Lucca Razera<\/figcaption><\/figure>\n\n\n\n<figure class=\"wp-block-image size-large\"><img loading=\"lazy\" decoding=\"async\" width=\"838\" height=\"1024\" src=\"https:\/\/focas.uniso.br\/wp-content\/uploads\/2025\/06\/WhatsApp-Image-2025-06-01-at-21.52.05-1-838x1024.jpeg\" alt=\"\" class=\"wp-image-3480\" srcset=\"https:\/\/focas.uniso.br\/wp-content\/uploads\/2025\/06\/WhatsApp-Image-2025-06-01-at-21.52.05-1-838x1024.jpeg 838w, https:\/\/focas.uniso.br\/wp-content\/uploads\/2025\/06\/WhatsApp-Image-2025-06-01-at-21.52.05-1-245x300.jpeg 245w, https:\/\/focas.uniso.br\/wp-content\/uploads\/2025\/06\/WhatsApp-Image-2025-06-01-at-21.52.05-1-768x939.jpeg 768w, https:\/\/focas.uniso.br\/wp-content\/uploads\/2025\/06\/WhatsApp-Image-2025-06-01-at-21.52.05-1.jpeg 975w\" sizes=\"auto, (max-width: 838px) 100vw, 838px\" \/><figcaption class=\"wp-element-caption\">Passageiros descem do \u00f4nibus, enquanto outros cidad\u00e3os continuam aguardando | Cr\u00e9dito: Ana Cavalheri <\/figcaption><\/figure>\n\n\n\n<figure class=\"wp-block-image size-full\"><img loading=\"lazy\" decoding=\"async\" width=\"975\" height=\"650\" src=\"https:\/\/focas.uniso.br\/wp-content\/uploads\/2025\/06\/WhatsApp-Image-2025-06-01-at-21.52.14.jpeg\" alt=\"\" class=\"wp-image-3481\" srcset=\"https:\/\/focas.uniso.br\/wp-content\/uploads\/2025\/06\/WhatsApp-Image-2025-06-01-at-21.52.14.jpeg 975w, https:\/\/focas.uniso.br\/wp-content\/uploads\/2025\/06\/WhatsApp-Image-2025-06-01-at-21.52.14-300x200.jpeg 300w, https:\/\/focas.uniso.br\/wp-content\/uploads\/2025\/06\/WhatsApp-Image-2025-06-01-at-21.52.14-768x512.jpeg 768w\" sizes=\"auto, (max-width: 975px) 100vw, 975px\" \/><figcaption class=\"wp-element-caption\">Obras no centro alteram a rotina e exigem aten\u00e7\u00e3o redobrada com a seguran\u00e7a dos pedestres | Cr\u00e9dito: Marizete Resende<\/figcaption><\/figure>\n\n\n\n<figure class=\"wp-block-image size-full\"><img loading=\"lazy\" decoding=\"async\" width=\"975\" height=\"650\" src=\"https:\/\/focas.uniso.br\/wp-content\/uploads\/2025\/06\/WhatsApp-Image-2025-06-01-at-21.52.24.jpeg\" alt=\"\" class=\"wp-image-3482\" srcset=\"https:\/\/focas.uniso.br\/wp-content\/uploads\/2025\/06\/WhatsApp-Image-2025-06-01-at-21.52.24.jpeg 975w, https:\/\/focas.uniso.br\/wp-content\/uploads\/2025\/06\/WhatsApp-Image-2025-06-01-at-21.52.24-300x200.jpeg 300w, https:\/\/focas.uniso.br\/wp-content\/uploads\/2025\/06\/WhatsApp-Image-2025-06-01-at-21.52.24-768x512.jpeg 768w\" sizes=\"auto, (max-width: 975px) 100vw, 975px\" \/><figcaption class=\"wp-element-caption\">As situa\u00e7\u00f5es de lixo, restos de entulho e a falta de zeladoria n\u00e3o atrapalham somente a mobilidade urbana, mas tamb\u00e9m afetam a seguran\u00e7a e a sa\u00fade da popula\u00e7\u00e3o | Cr\u00e9dito: P\u00e2mela Beker<\/figcaption><\/figure>\n\n\n\n<figure class=\"wp-block-image size-large\"><img loading=\"lazy\" decoding=\"async\" width=\"1024\" height=\"1024\" src=\"https:\/\/focas.uniso.br\/wp-content\/uploads\/2025\/06\/WhatsApp-Image-2025-06-01-at-22.09.26-1024x1024.jpeg\" alt=\"\" class=\"wp-image-3486\" srcset=\"https:\/\/focas.uniso.br\/wp-content\/uploads\/2025\/06\/WhatsApp-Image-2025-06-01-at-22.09.26-1024x1024.jpeg 1024w, https:\/\/focas.uniso.br\/wp-content\/uploads\/2025\/06\/WhatsApp-Image-2025-06-01-at-22.09.26-300x300.jpeg 300w, https:\/\/focas.uniso.br\/wp-content\/uploads\/2025\/06\/WhatsApp-Image-2025-06-01-at-22.09.26-150x150.jpeg 150w, https:\/\/focas.uniso.br\/wp-content\/uploads\/2025\/06\/WhatsApp-Image-2025-06-01-at-22.09.26-768x767.jpeg 768w, https:\/\/focas.uniso.br\/wp-content\/uploads\/2025\/06\/WhatsApp-Image-2025-06-01-at-22.09.26.jpeg 1170w\" sizes=\"auto, (max-width: 1024px) 100vw, 1024px\" \/><figcaption class=\"wp-element-caption\">Port\u00e3o hist\u00f3rico contrasta com a estrada de terra mal conservada que moradores e visitantes precisam enfrentar | Cr\u00e9dito: Larissa Tirabassi<\/figcaption><\/figure>\n\n\n\n<figure class=\"wp-block-image size-full\"><img loading=\"lazy\" decoding=\"async\" width=\"975\" height=\"650\" src=\"https:\/\/focas.uniso.br\/wp-content\/uploads\/2025\/06\/WhatsApp-Image-2025-06-01-at-21.52.43.jpeg\" alt=\"\" class=\"wp-image-3483\" srcset=\"https:\/\/focas.uniso.br\/wp-content\/uploads\/2025\/06\/WhatsApp-Image-2025-06-01-at-21.52.43.jpeg 975w, https:\/\/focas.uniso.br\/wp-content\/uploads\/2025\/06\/WhatsApp-Image-2025-06-01-at-21.52.43-300x200.jpeg 300w, https:\/\/focas.uniso.br\/wp-content\/uploads\/2025\/06\/WhatsApp-Image-2025-06-01-at-21.52.43-768x512.jpeg 768w\" sizes=\"auto, (max-width: 975px) 100vw, 975px\" \/><figcaption class=\"wp-element-caption\">Trilhos de trem complementam as ruas do centro de Cerquilho | Cr\u00e9dito: Giovanni Guimar\u00e3es<\/figcaption><\/figure>\n\n\n\n<figure class=\"wp-block-image size-large\"><img loading=\"lazy\" decoding=\"async\" width=\"767\" height=\"1024\" src=\"https:\/\/focas.uniso.br\/wp-content\/uploads\/2025\/06\/WhatsApp-Image-2025-06-01-at-21.52.53-767x1024.jpeg\" alt=\"\" class=\"wp-image-3484\" srcset=\"https:\/\/focas.uniso.br\/wp-content\/uploads\/2025\/06\/WhatsApp-Image-2025-06-01-at-21.52.53-767x1024.jpeg 767w, https:\/\/focas.uniso.br\/wp-content\/uploads\/2025\/06\/WhatsApp-Image-2025-06-01-at-21.52.53-225x300.jpeg 225w, https:\/\/focas.uniso.br\/wp-content\/uploads\/2025\/06\/WhatsApp-Image-2025-06-01-at-21.52.53-768x1025.jpeg 768w, https:\/\/focas.uniso.br\/wp-content\/uploads\/2025\/06\/WhatsApp-Image-2025-06-01-at-21.52.53.jpeg 809w\" sizes=\"auto, (max-width: 767px) 100vw, 767px\" \/><figcaption class=\"wp-element-caption\">Passageiros se aglomeram no transporte p\u00fablico enquanto outros aguardam para embarcar do lado de fora, em Sorocaba | Cr\u00e9dito: Thayana De Almeida<\/figcaption><\/figure>\n\n\n\n<figure class=\"wp-block-image size-full\"><img loading=\"lazy\" decoding=\"async\" width=\"975\" height=\"548\" src=\"https:\/\/focas.uniso.br\/wp-content\/uploads\/2025\/06\/WhatsApp-Image-2025-06-01-at-21.53.06.jpeg\" alt=\"\" class=\"wp-image-3485\" srcset=\"https:\/\/focas.uniso.br\/wp-content\/uploads\/2025\/06\/WhatsApp-Image-2025-06-01-at-21.53.06.jpeg 975w, https:\/\/focas.uniso.br\/wp-content\/uploads\/2025\/06\/WhatsApp-Image-2025-06-01-at-21.53.06-300x169.jpeg 300w, https:\/\/focas.uniso.br\/wp-content\/uploads\/2025\/06\/WhatsApp-Image-2025-06-01-at-21.53.06-768x432.jpeg 768w\" sizes=\"auto, (max-width: 975px) 100vw, 975px\" \/><figcaption class=\"wp-element-caption\">Transporte p\u00fablico\/coletivo | Cr\u00e9dito: Luiza Lopes<\/figcaption><\/figure>\n","protected":false},"excerpt":{"rendered":"<p>Ensaio fotogr\u00e1fico realizado por alunos da Uniso retrata, com sensibilidade e cr\u00edtica, os tra\u00e7os de abandono nas ruas e a<\/p>\n","protected":false},"author":1,"featured_media":0,"comment_status":"open","ping_status":"open","sticky":false,"template":"","format":"standard","meta":{"colormag_page_container_layout":"default_layout","colormag_page_sidebar_layout":"default_layout","footnotes":""},"categories":[15,9,37,14],"tags":[30,41,29,28],"class_list":["post-3466","post","type-post","status-publish","format-standard","hentry","category-jornalismo","category-jornalismo-online","category-sorocaba","category-uniso","tag-focas","tag-focas-na-rede","tag-jornalismo","tag-uniso"],"featured_image_urls":{"full":"","thumbnail":"","medium":"","medium_large":"","large":"","1536x1536":"","2048x2048":"","colormag-highlighted-post":"","colormag-featured-post-medium":"","colormag-featured-post-small":"","colormag-featured-image":"","colormag-default-news":"","colormag-featured-image-large":""},"author_info":{"info":["focas"]},"category_info":"<a href=\"https:\/\/focas.uniso.br\/index.php\/category\/jornalismo\/\" rel=\"category tag\">Jornalismo<\/a> <a href=\"https:\/\/focas.uniso.br\/index.php\/category\/jornalismo-online\/\" rel=\"category tag\">jornalismo online<\/a> <a href=\"https:\/\/focas.uniso.br\/index.php\/category\/sorocaba\/\" rel=\"category tag\">Sorocaba<\/a> <a href=\"https:\/\/focas.uniso.br\/index.php\/category\/uniso\/\" rel=\"category tag\">Uniso<\/a>","tag_info":"Uniso","comment_count":"0","_links":{"self":[{"href":"https:\/\/focas.uniso.br\/index.php\/wp-json\/wp\/v2\/posts\/3466","targetHints":{"allow":["GET"]}}],"collection":[{"href":"https:\/\/focas.uniso.br\/index.php\/wp-json\/wp\/v2\/posts"}],"about":[{"href":"https:\/\/focas.uniso.br\/index.php\/wp-json\/wp\/v2\/types\/post"}],"author":[{"embeddable":true,"href":"https:\/\/focas.uniso.br\/index.php\/wp-json\/wp\/v2\/users\/1"}],"replies":[{"embeddable":true,"href":"https:\/\/focas.uniso.br\/index.php\/wp-json\/wp\/v2\/comments?post=3466"}],"version-history":[{"count":1,"href":"https:\/\/focas.uniso.br\/index.php\/wp-json\/wp\/v2\/posts\/3466\/revisions"}],"predecessor-version":[{"id":3487,"href":"https:\/\/focas.uniso.br\/index.php\/wp-json\/wp\/v2\/posts\/3466\/revisions\/3487"}],"wp:attachment":[{"href":"https:\/\/focas.uniso.br\/index.php\/wp-json\/wp\/v2\/media?parent=3466"}],"wp:term":[{"taxonomy":"category","embeddable":true,"href":"https:\/\/focas.uniso.br\/index.php\/wp-json\/wp\/v2\/categories?post=3466"},{"taxonomy":"post_tag","embeddable":true,"href":"https:\/\/focas.uniso.br\/index.php\/wp-json\/wp\/v2\/tags?post=3466"}],"curies":[{"name":"wp","href":"https:\/\/api.w.org\/{rel}","templated":true}]}}