{"id":3498,"date":"2025-06-04T09:28:51","date_gmt":"2025-06-04T12:28:51","guid":{"rendered":"https:\/\/focas.uniso.br\/?p=3498"},"modified":"2025-06-04T09:28:51","modified_gmt":"2025-06-04T12:28:51","slug":"alunos-da-uniso-exploram-arte-contemporanea-em-visita-tecnica-ao-ims-na-avenida-paulista","status":"publish","type":"post","link":"https:\/\/focas.uniso.br\/index.php\/2025\/06\/04\/alunos-da-uniso-exploram-arte-contemporanea-em-visita-tecnica-ao-ims-na-avenida-paulista\/","title":{"rendered":"Alunos da UNISO exploram arte contempor\u00e2nea em visita t\u00e9cnica ao IMS na Avenida Paulista"},"content":{"rendered":"\n<p><em>Exposi\u00e7\u00e3o &#8220;Arquip\u00e9lago Imagin\u00e1rio&#8221; e outros espa\u00e7os culturais enriqueceram a experi\u00eancia dos estudantes<\/em><\/p>\n\n\n\n<p>Por Thayana De Almeida (Ag\u00eancia Focas \u2013 Jornalismo Uniso)<\/p>\n\n\n\n<p>Alunos do curso de Jornalismo da Universidade de Sorocaba (Uniso) realizaram uma visita t\u00e9cnica ao Instituto Moreira Salles (IMS), localizado na emblem\u00e1tica Avenida Paulista, na cidade de S\u00e3o Paulo, no s\u00e1bado (24\/5). Os estudantes foram conferir a exposi\u00e7\u00e3o \u201cArquip\u00e9lago Imagin\u00e1rio\u201d, que re\u00fane obras&nbsp; do artista Luiz Braga.<\/p>\n\n\n\n<p>O professor Jos\u00e9 Neto contou que a ideia da visita t\u00e9cnica surgiu gra\u00e7as \u00e0s aulas da professora M\u00f4nica Ribeiro, em que ela viu a oportunidade de mostrar o trabalho de uns dos fot\u00f3grafos trabalhados em aula para os alunos da disciplina de fotojornalismo. A exposi\u00e7\u00e3o apresenta cerca de 250 fotos do arquivo de Luiz Braga, sendo 190 delas in\u00e9ditas, revelando seu imagin\u00e1rio sobre a Amaz\u00f4nia. Ao longo de cinco d\u00e9cadas, o fot\u00f3grafo veio registrando paisagens e pessoas da regi\u00e3o com intimidade e cuidado, explorando as rela\u00e7\u00f5es entre imagem, territ\u00f3rio e conviv\u00eancia.<\/p>\n\n\n\n<figure class=\"wp-block-gallery has-nested-images columns-default is-cropped wp-block-gallery-1 is-layout-flex wp-block-gallery-is-layout-flex\">\n<figure class=\"wp-block-image size-large\"><img loading=\"lazy\" decoding=\"async\" width=\"1024\" height=\"768\" data-id=\"3499\" src=\"https:\/\/focas.uniso.br\/wp-content\/uploads\/2025\/06\/WhatsApp-Image-2025-06-03-at-18.14.56-1024x768.jpeg\" alt=\"\" class=\"wp-image-3499\" srcset=\"https:\/\/focas.uniso.br\/wp-content\/uploads\/2025\/06\/WhatsApp-Image-2025-06-03-at-18.14.56-1024x768.jpeg 1024w, https:\/\/focas.uniso.br\/wp-content\/uploads\/2025\/06\/WhatsApp-Image-2025-06-03-at-18.14.56-300x225.jpeg 300w, https:\/\/focas.uniso.br\/wp-content\/uploads\/2025\/06\/WhatsApp-Image-2025-06-03-at-18.14.56-768x576.jpeg 768w, https:\/\/focas.uniso.br\/wp-content\/uploads\/2025\/06\/WhatsApp-Image-2025-06-03-at-18.14.56.jpeg 1280w\" sizes=\"auto, (max-width: 1024px) 100vw, 1024px\" \/><figcaption class=\"wp-element-caption\">Arquivo pessoal: Jos\u00e9 Neto<\/figcaption><\/figure>\n\n\n\n<figure class=\"wp-block-image size-large\"><img loading=\"lazy\" decoding=\"async\" width=\"840\" height=\"629\" data-id=\"3500\" src=\"https:\/\/focas.uniso.br\/wp-content\/uploads\/2025\/06\/WhatsApp-Image-2025-06-03-at-21.13.52.jpeg\" alt=\"\" class=\"wp-image-3500\" srcset=\"https:\/\/focas.uniso.br\/wp-content\/uploads\/2025\/06\/WhatsApp-Image-2025-06-03-at-21.13.52.jpeg 840w, https:\/\/focas.uniso.br\/wp-content\/uploads\/2025\/06\/WhatsApp-Image-2025-06-03-at-21.13.52-300x225.jpeg 300w, https:\/\/focas.uniso.br\/wp-content\/uploads\/2025\/06\/WhatsApp-Image-2025-06-03-at-21.13.52-768x575.jpeg 768w\" sizes=\"auto, (max-width: 840px) 100vw, 840px\" \/><figcaption class=\"wp-element-caption\">Arquivo pessoal: Jos\u00e9 Neto<\/figcaption><\/figure>\n<\/figure>\n\n\n\n<p>O IMS n\u00e3o foi o \u00fanico local que recebeu a visita dos alunos. Os estudantes, em grupos menores, exploraram outros espa\u00e7os culturais ao longo da Avenida Paulista, como o Ita\u00fa Cultural, Casa das Rosas, Sesc e Japan House. Em cada local, observaram diferentes formas de cultura e formas de express\u00e3o da arte. A professora ainda ressalta a empolga\u00e7\u00e3o dos alunos, que mesmo na reta final do semestre estavam animados. &nbsp;\u201cS\u00e1bado de manh\u00e3, fim de semestre, mas estava todo mundo curioso e atento, muitos levaram c\u00e2meras, ent\u00e3o, foi uma continuidade dos aprendizados que tivemos, para fechar o semestre de uma forma muito bonita.\u201d<\/p>\n\n\n\n<p>Durante a visita, os alunos percorreram as salas com aten\u00e7\u00e3o aos detalhes das obras. A aluna Marizete Rezende, do 3\u00b0 semestre de Jornalismo, comentou sobre a qualidade das fotos, inclusive nas mais antigas e como pareciam obras de arte. Ela tamb\u00e9m citou o fato de algumas obras terem uma mesa com relevo e os dispositivos com \u00e1udio descri\u00e7\u00e3o, elementos de acessibilidade. \u201cNunca tinha visto isso antes e achei genial como elas poderiam experimentar a fotografia de forma sensorial, as obras podem e devem ser inclusivas e acess\u00edveis para todos.\u201d<\/p>\n\n\n\n<figure class=\"wp-block-image size-full\"><img loading=\"lazy\" decoding=\"async\" width=\"938\" height=\"842\" src=\"https:\/\/focas.uniso.br\/wp-content\/uploads\/2025\/06\/WhatsApp-Image-2025-06-03-at-21.15.05.jpeg\" alt=\"\" class=\"wp-image-3501\" srcset=\"https:\/\/focas.uniso.br\/wp-content\/uploads\/2025\/06\/WhatsApp-Image-2025-06-03-at-21.15.05.jpeg 938w, https:\/\/focas.uniso.br\/wp-content\/uploads\/2025\/06\/WhatsApp-Image-2025-06-03-at-21.15.05-300x269.jpeg 300w, https:\/\/focas.uniso.br\/wp-content\/uploads\/2025\/06\/WhatsApp-Image-2025-06-03-at-21.15.05-768x689.jpeg 768w\" sizes=\"auto, (max-width: 938px) 100vw, 938px\" \/><figcaption class=\"wp-element-caption\">Arquivo pessoal: Thayana De Almeida\n<\/figcaption><\/figure>\n\n\n\n<p>A exposi\u00e7\u00e3o \u201cLuiz Braga \u2013 Arquip\u00e9lago Imagin\u00e1rio\u201d permanece em cartaz no IMS Paulista at\u00e9 o dia 31 de agosto de 2025, com entrada gratuita. A exposi\u00e7\u00e3o celebra os 50 anos de carreira do fot\u00f3grafo paraense e apresenta 258 imagens \u2013 sendo 190 in\u00e9ditas \u2013 que mergulham o p\u00fablico no cotidiano amaz\u00f4nico com sensibilidade e for\u00e7a est\u00e9tica.<br>&nbsp;&nbsp;<\/p>\n","protected":false},"excerpt":{"rendered":"<p>Exposi\u00e7\u00e3o &#8220;Arquip\u00e9lago Imagin\u00e1rio&#8221; e outros espa\u00e7os culturais enriqueceram a experi\u00eancia dos estudantes Por Thayana De Almeida (Ag\u00eancia Focas \u2013 Jornalismo<\/p>\n","protected":false},"author":1,"featured_media":0,"comment_status":"open","ping_status":"open","sticky":false,"template":"","format":"standard","meta":{"colormag_page_container_layout":"default_layout","colormag_page_sidebar_layout":"default_layout","footnotes":""},"categories":[15,9,37,14],"tags":[30,41,29,28],"class_list":["post-3498","post","type-post","status-publish","format-standard","hentry","category-jornalismo","category-jornalismo-online","category-sorocaba","category-uniso","tag-focas","tag-focas-na-rede","tag-jornalismo","tag-uniso"],"featured_image_urls":{"full":"","thumbnail":"","medium":"","medium_large":"","large":"","1536x1536":"","2048x2048":"","colormag-highlighted-post":"","colormag-featured-post-medium":"","colormag-featured-post-small":"","colormag-featured-image":"","colormag-default-news":"","colormag-featured-image-large":""},"author_info":{"info":["focas"]},"category_info":"<a href=\"https:\/\/focas.uniso.br\/index.php\/category\/jornalismo\/\" rel=\"category tag\">Jornalismo<\/a> <a href=\"https:\/\/focas.uniso.br\/index.php\/category\/jornalismo-online\/\" rel=\"category tag\">jornalismo online<\/a> <a href=\"https:\/\/focas.uniso.br\/index.php\/category\/sorocaba\/\" rel=\"category tag\">Sorocaba<\/a> <a href=\"https:\/\/focas.uniso.br\/index.php\/category\/uniso\/\" rel=\"category tag\">Uniso<\/a>","tag_info":"Uniso","comment_count":"0","_links":{"self":[{"href":"https:\/\/focas.uniso.br\/index.php\/wp-json\/wp\/v2\/posts\/3498","targetHints":{"allow":["GET"]}}],"collection":[{"href":"https:\/\/focas.uniso.br\/index.php\/wp-json\/wp\/v2\/posts"}],"about":[{"href":"https:\/\/focas.uniso.br\/index.php\/wp-json\/wp\/v2\/types\/post"}],"author":[{"embeddable":true,"href":"https:\/\/focas.uniso.br\/index.php\/wp-json\/wp\/v2\/users\/1"}],"replies":[{"embeddable":true,"href":"https:\/\/focas.uniso.br\/index.php\/wp-json\/wp\/v2\/comments?post=3498"}],"version-history":[{"count":1,"href":"https:\/\/focas.uniso.br\/index.php\/wp-json\/wp\/v2\/posts\/3498\/revisions"}],"predecessor-version":[{"id":3502,"href":"https:\/\/focas.uniso.br\/index.php\/wp-json\/wp\/v2\/posts\/3498\/revisions\/3502"}],"wp:attachment":[{"href":"https:\/\/focas.uniso.br\/index.php\/wp-json\/wp\/v2\/media?parent=3498"}],"wp:term":[{"taxonomy":"category","embeddable":true,"href":"https:\/\/focas.uniso.br\/index.php\/wp-json\/wp\/v2\/categories?post=3498"},{"taxonomy":"post_tag","embeddable":true,"href":"https:\/\/focas.uniso.br\/index.php\/wp-json\/wp\/v2\/tags?post=3498"}],"curies":[{"name":"wp","href":"https:\/\/api.w.org\/{rel}","templated":true}]}}