{"id":3510,"date":"2025-06-05T11:29:41","date_gmt":"2025-06-05T14:29:41","guid":{"rendered":"https:\/\/focas.uniso.br\/?p=3510"},"modified":"2025-06-05T11:29:41","modified_gmt":"2025-06-05T14:29:41","slug":"feira-beco-do-inferno-evento-mescla-artesanato-musica-e-gastronomia-como-simbolo-da-arte-independente-de-sorocaba","status":"publish","type":"post","link":"https:\/\/focas.uniso.br\/index.php\/2025\/06\/05\/feira-beco-do-inferno-evento-mescla-artesanato-musica-e-gastronomia-como-simbolo-da-arte-independente-de-sorocaba\/","title":{"rendered":"Feira \u201cBeco do Inferno\u201d: evento mescla artesanato, m\u00fasica e gastronomia como s\u00edmbolo da arte independente de Sorocaba"},"content":{"rendered":"\n<p>A 31\u00aa primeira edi\u00e7\u00e3o da feira acontece no dia 8 de junho na pra\u00e7a Frei Bara\u00fana das 13h \u00e0s 20h e tem uma estimativa de participa\u00e7\u00e3o de 200 expositores<\/p>\n\n\n\n<p>Por Rafaela Sallum (Ag\u00eancia Focas \u2013 Jornalismo Uniso)<\/p>\n\n\n\n<p>O principal objetivo da Feira \u201cBeco do Inferno\u201d \u00e9 ser um ambiente para artistas independentes comercializarem suas artes manuais, promovendo a arte local e tamb\u00e9m fortalecendo a comunidade art\u00edstica. Al\u00e9m das barracas de arte, o p\u00fablico pode aproveitar os shows, os brech\u00f3s, oficinas e uma boa gastronomia.<\/p>\n\n\n\n<p>L\u00edvia Poloto, uma das organizadoras do evento, relembrou que a Feira \u201cBeco do Inferno\u201d surgiu em 2016 com a proposta de criar um lugar para artistas que fosse acess\u00edvel e n\u00e3o elitizado para o p\u00fablico. O evento cultural independente teve in\u00edcio na rua Leite Penteado, que est\u00e1 localizado no centro de Sorocaba. A rua era conhecida at\u00e9 os anos 1960 como \u201cBeco dos Infernos\u201d por conta do forte odor de dejetos, despejados por carcereiros de um pres\u00eddio pr\u00f3ximo, e pela proximidade com um curral.<\/p>\n\n\n\n<p>A Feira contar\u00e1 tamb\u00e9m com quatro apresenta\u00e7\u00f5es art\u00edsticas como Daniele Domingues, Mauro Tanaka, Banda Numen e o Baile do Beco \u00e0s 19h.<\/p>\n\n\n\n<p>No dia da feira tamb\u00e9m vai ser realizado, no espa\u00e7o crian\u00e7a, um momento para troca de brinquedos. Para L\u00edvia esse momento significa \u201cincentivar as crian\u00e7as a desapegarem de brinquedos que n\u00e3o gostam mais e trocar por outros\u201d. As trocas s\u00e3o livres entre as crian\u00e7as com o aux\u00edlio de uma mediadora das 14h \u00e0s 17h. Al\u00e9m das trocas de brinquedos, as crian\u00e7as poder\u00e3o criar e interagir com um mural colaborativo que ser\u00e1 feito por elas.<\/p>\n\n\n\n<p>Uma das expositoras da feira, Danieli Ramos dos Santos, moradora de Sorocaba estudou hist\u00f3ria e acabou se apaixonando pelo artesanato ainda na faculdade, mas foi durante a pandemia que passou a se dedicar completamente \u00e0 arte. Danieli confecciona bonequinhos de feltro. Entre os personagens que mais se destacam est\u00e3o animes e personagens da cultura pop. A artista recorda outras edi\u00e7\u00f5es da feira em que participou e afirma: \u201cEu sempre tenho muitas expectativas sobre a feira. E em todas as edi\u00e7\u00f5es essas expectativas s\u00e3o alcan\u00e7adas. A feira est\u00e1 crescendo cada vez mais e trazendo mais pessoas para conhecer o evento.\u201d<\/p>\n\n\n\n<p>&nbsp;Al\u00e9m de contribuir para o artesanato local, a feira oferece atra\u00e7\u00f5es como m\u00fasica ao vivo, leitura de tarot, brech\u00f3s, artes visuais, variedades de comidas, oficinas e espa\u00e7o para crian\u00e7as.<\/p>\n\n\n\n<p>A festa ser\u00e1 no domingo, 8 de junho, das 13h \u00e0s 20h.<\/p>\n\n\n\n<figure class=\"wp-block-gallery has-nested-images columns-default is-cropped wp-block-gallery-1 is-layout-flex wp-block-gallery-is-layout-flex\">\n<figure class=\"wp-block-image size-large\"><img loading=\"lazy\" decoding=\"async\" width=\"399\" height=\"489\" data-id=\"3511\" src=\"https:\/\/focas.uniso.br\/wp-content\/uploads\/2025\/06\/WhatsApp-Image-2025-06-05-at-10.51.33.jpeg\" alt=\"\" class=\"wp-image-3511\" srcset=\"https:\/\/focas.uniso.br\/wp-content\/uploads\/2025\/06\/WhatsApp-Image-2025-06-05-at-10.51.33.jpeg 399w, https:\/\/focas.uniso.br\/wp-content\/uploads\/2025\/06\/WhatsApp-Image-2025-06-05-at-10.51.33-245x300.jpeg 245w\" sizes=\"auto, (max-width: 399px) 100vw, 399px\" \/><figcaption class=\"wp-element-caption\">Gatinho articulado e Coraline | Fotos de divulga\u00e7\u00e3o<\/figcaption><\/figure>\n\n\n\n<figure class=\"wp-block-image size-large\"><img loading=\"lazy\" decoding=\"async\" width=\"426\" height=\"568\" data-id=\"3512\" src=\"https:\/\/focas.uniso.br\/wp-content\/uploads\/2025\/06\/WhatsApp-Image-2025-06-05-at-10.51.26.jpeg\" alt=\"\" class=\"wp-image-3512\" srcset=\"https:\/\/focas.uniso.br\/wp-content\/uploads\/2025\/06\/WhatsApp-Image-2025-06-05-at-10.51.26.jpeg 426w, https:\/\/focas.uniso.br\/wp-content\/uploads\/2025\/06\/WhatsApp-Image-2025-06-05-at-10.51.26-225x300.jpeg 225w\" sizes=\"auto, (max-width: 426px) 100vw, 426px\" \/><figcaption class=\"wp-element-caption\">Arquivo pessoal: Rafaela Sallum<\/figcaption><\/figure>\n\n\n\n<figure class=\"wp-block-image size-large\"><img loading=\"lazy\" decoding=\"async\" width=\"671\" height=\"895\" data-id=\"3513\" src=\"https:\/\/focas.uniso.br\/wp-content\/uploads\/2025\/06\/WhatsApp-Image-2025-06-05-at-10.51.17.jpeg\" alt=\"\" class=\"wp-image-3513\" srcset=\"https:\/\/focas.uniso.br\/wp-content\/uploads\/2025\/06\/WhatsApp-Image-2025-06-05-at-10.51.17.jpeg 671w, https:\/\/focas.uniso.br\/wp-content\/uploads\/2025\/06\/WhatsApp-Image-2025-06-05-at-10.51.17-225x300.jpeg 225w\" sizes=\"auto, (max-width: 671px) 100vw, 671px\" \/><figcaption class=\"wp-element-caption\">Arquivo pessoal: Rafaela Sallum<\/figcaption><\/figure>\n<\/figure>\n","protected":false},"excerpt":{"rendered":"<p>A 31\u00aa primeira edi\u00e7\u00e3o da feira acontece no dia 8 de junho na pra\u00e7a Frei Bara\u00fana das 13h \u00e0s 20h<\/p>\n","protected":false},"author":1,"featured_media":0,"comment_status":"open","ping_status":"open","sticky":false,"template":"","format":"standard","meta":{"colormag_page_container_layout":"default_layout","colormag_page_sidebar_layout":"default_layout","footnotes":""},"categories":[15,9,37,14],"tags":[30,41,29,28],"class_list":["post-3510","post","type-post","status-publish","format-standard","hentry","category-jornalismo","category-jornalismo-online","category-sorocaba","category-uniso","tag-focas","tag-focas-na-rede","tag-jornalismo","tag-uniso"],"featured_image_urls":{"full":"","thumbnail":"","medium":"","medium_large":"","large":"","1536x1536":"","2048x2048":"","colormag-highlighted-post":"","colormag-featured-post-medium":"","colormag-featured-post-small":"","colormag-featured-image":"","colormag-default-news":"","colormag-featured-image-large":""},"author_info":{"info":["focas"]},"category_info":"<a href=\"https:\/\/focas.uniso.br\/index.php\/category\/jornalismo\/\" rel=\"category tag\">Jornalismo<\/a> <a href=\"https:\/\/focas.uniso.br\/index.php\/category\/jornalismo-online\/\" rel=\"category tag\">jornalismo online<\/a> <a href=\"https:\/\/focas.uniso.br\/index.php\/category\/sorocaba\/\" rel=\"category tag\">Sorocaba<\/a> <a href=\"https:\/\/focas.uniso.br\/index.php\/category\/uniso\/\" rel=\"category tag\">Uniso<\/a>","tag_info":"Uniso","comment_count":"0","_links":{"self":[{"href":"https:\/\/focas.uniso.br\/index.php\/wp-json\/wp\/v2\/posts\/3510","targetHints":{"allow":["GET"]}}],"collection":[{"href":"https:\/\/focas.uniso.br\/index.php\/wp-json\/wp\/v2\/posts"}],"about":[{"href":"https:\/\/focas.uniso.br\/index.php\/wp-json\/wp\/v2\/types\/post"}],"author":[{"embeddable":true,"href":"https:\/\/focas.uniso.br\/index.php\/wp-json\/wp\/v2\/users\/1"}],"replies":[{"embeddable":true,"href":"https:\/\/focas.uniso.br\/index.php\/wp-json\/wp\/v2\/comments?post=3510"}],"version-history":[{"count":1,"href":"https:\/\/focas.uniso.br\/index.php\/wp-json\/wp\/v2\/posts\/3510\/revisions"}],"predecessor-version":[{"id":3514,"href":"https:\/\/focas.uniso.br\/index.php\/wp-json\/wp\/v2\/posts\/3510\/revisions\/3514"}],"wp:attachment":[{"href":"https:\/\/focas.uniso.br\/index.php\/wp-json\/wp\/v2\/media?parent=3510"}],"wp:term":[{"taxonomy":"category","embeddable":true,"href":"https:\/\/focas.uniso.br\/index.php\/wp-json\/wp\/v2\/categories?post=3510"},{"taxonomy":"post_tag","embeddable":true,"href":"https:\/\/focas.uniso.br\/index.php\/wp-json\/wp\/v2\/tags?post=3510"}],"curies":[{"name":"wp","href":"https:\/\/api.w.org\/{rel}","templated":true}]}}