{"id":3515,"date":"2025-06-05T19:34:42","date_gmt":"2025-06-05T22:34:42","guid":{"rendered":"https:\/\/focas.uniso.br\/?p=3515"},"modified":"2025-06-05T19:34:42","modified_gmt":"2025-06-05T22:34:42","slug":"empreendedorismo-feminino-ganha-destaque-em-festival-na-uniso","status":"publish","type":"post","link":"https:\/\/focas.uniso.br\/index.php\/2025\/06\/05\/empreendedorismo-feminino-ganha-destaque-em-festival-na-uniso\/","title":{"rendered":"Empreendedorismo feminino ganha destaque em festival na Uniso"},"content":{"rendered":"\n<p><em>Iniciativa do Sebrae integra a programa\u00e7\u00e3o do evento com a\u00e7\u00f5es voltadas a mulheres empreendedoras<\/em><\/p>\n\n\n\n<p>Por Let\u00edcia Gebaile (Ag\u00eancia Focas \u2013 Jornalismo Uniso)<\/p>\n\n\n\n<figure class=\"wp-block-image size-full\"><img loading=\"lazy\" decoding=\"async\" width=\"886\" height=\"253\" src=\"https:\/\/focas.uniso.br\/wp-content\/uploads\/2025\/06\/WhatsApp-Image-2025-06-05-at-19.28.27.jpeg\" alt=\"\" class=\"wp-image-3516\" srcset=\"https:\/\/focas.uniso.br\/wp-content\/uploads\/2025\/06\/WhatsApp-Image-2025-06-05-at-19.28.27.jpeg 886w, https:\/\/focas.uniso.br\/wp-content\/uploads\/2025\/06\/WhatsApp-Image-2025-06-05-at-19.28.27-300x86.jpeg 300w, https:\/\/focas.uniso.br\/wp-content\/uploads\/2025\/06\/WhatsApp-Image-2025-06-05-at-19.28.27-768x219.jpeg 768w\" sizes=\"auto, (max-width: 886px) 100vw, 886px\" \/><figcaption class=\"wp-element-caption\">Sebrae Delas, programa do Sebrae Nacional, que incentiva o protagonismo feminino | Fotos: Sebrae<\/figcaption><\/figure>\n\n\n\n<p>A Universidade de Sorocaba (Uniso) sedia desta quinta-feira (5) at\u00e9 s\u00e1bado (7), a segunda edi\u00e7\u00e3o do MOBI Festival, evento que re\u00fane conhecimento, inova\u00e7\u00e3o e criatividade com palestras, empresas e atividades especiais. Com sete eixos tem\u00e1ticos, incluindo Empreendedorismo, o festival ter\u00e1 como destaque o <em>Espa\u00e7o Sebrae Delas<\/em>, um ambiente dedicado ao empreendedorismo feminino, com palestras, oficinas e exposi\u00e7\u00f5es.<\/p>\n\n\n\n<p>O <em>Sebrae Delas<\/em> \u00e9 um programa do Sebrae Nacional, que possui a\u00e7\u00f5es em todas as unidades estaduais e regionais da institui\u00e7\u00e3o. O projeto surgiu da necessidade de trabalhar o empreendedorismo feminino de maneira mais ampla. Com o objetivo de aumentar a probabilidade de sucesso de ideias e de neg\u00f3cios liderados por mulheres, o <em>Sebrae Delas<\/em> oferece capacita\u00e7\u00f5es e mentorias voltadas \u00e0 intelig\u00eancia emocional e soft skills, abordando quest\u00f5es como gest\u00e3o de neg\u00f3cios e networking.<\/p>\n\n\n\n<p>No MOBI 2025, o <em>Sebrae Delas<\/em> se distribui pela Uniso (Universidade de Sorocaba) com uma programa\u00e7\u00e3o diversificada. As palestras acontecem no Bloco F e abordam temas como metas de vida, prop\u00f3sitos, autoconhecimento e sa\u00fade mental.<\/p>\n\n\n\n<p>Al\u00e9m das palestras, o festival conta com um espa\u00e7o para comercializa\u00e7\u00e3o de produtos feitos por mulheres empreendedoras, no estacionamento em frente ao Bloco F. Organizada pela Secretaria da Mulher (Semu), a <em>Tenda<\/em> <em>Todas Por Elas<\/em> funcionar\u00e1 como uma \u201cfeirinha\u201d para expor e vender os trabalhos dessas mulheres, enaltecendo e fortalecendo o com\u00e9rcio local. J\u00e1 as oficinas, ocorrer\u00e3o tanto na Tenda quanto na sala 12, do ICT Unisotech.<\/p>\n\n\n\n<p>Karen Juliana, gestora regional do <em>Sebrae Delas<\/em>, acredita na import\u00e2ncia do espa\u00e7o para o fortalecimento dos neg\u00f3cios das mulheres e a cria\u00e7\u00e3o de uma rede de apoio m\u00fatuo. \u201cO empreendedorismo feminino tem muitos desafios, contar com outras mulheres que est\u00e3o lutando pelo mesmo objetivo faz com que todo o processo seja mais leve\u201d, explica a gestora. &nbsp;<\/p>\n\n\n\n<figure class=\"wp-block-image size-full\"><img loading=\"lazy\" decoding=\"async\" width=\"361\" height=\"481\" src=\"https:\/\/focas.uniso.br\/wp-content\/uploads\/2025\/06\/WhatsApp-Image-2025-06-05-at-19.29.43.jpeg\" alt=\"\" class=\"wp-image-3517\" srcset=\"https:\/\/focas.uniso.br\/wp-content\/uploads\/2025\/06\/WhatsApp-Image-2025-06-05-at-19.29.43.jpeg 361w, https:\/\/focas.uniso.br\/wp-content\/uploads\/2025\/06\/WhatsApp-Image-2025-06-05-at-19.29.43-225x300.jpeg 225w\" sizes=\"auto, (max-width: 361px) 100vw, 361px\" \/><figcaption class=\"wp-element-caption\">Karen Juliana, gestora regional do Sebrae Delas | Foto: Arquivo pessoal<\/figcaption><\/figure>\n\n\n\n<p>Tanto o <em>Espa\u00e7o Sebrae Delas<\/em> quanto a <em>Tenda Todas Por Elas<\/em> s\u00e3o abertos ao p\u00fablico, com participa\u00e7\u00e3o gratuita. Ainda na programa\u00e7\u00e3o voltada ao empreendedorismo, o MOBI oferece outras palestras, mesas-redondas e atividades com foco em inova\u00e7\u00e3o e desenvolvimento pessoal &#8211; como o \u201cStart A\u00ed\u201d, uma experi\u00eancia pr\u00e1tica com dicas e oportunidades de networking. As informa\u00e7\u00f5es completas de hor\u00e1rios e locais das atividades podem ser acessadas em <a href=\"mobirms.com.br\/produto\/espa\u00e7o%20empreendedoras-sebrae-delas\/\">mobirms.com.br\/produto\/espa\u00e7o empreendedoras-sebrae-delas\/.<\/a><\/p>\n\n\n\n<p><strong>Outras atividades<\/strong><\/p>\n\n\n\n<p>Al\u00e9m de Empreendedorismo, o MOBI aborda mais seis eixos tem\u00e1ticos: Agricultura Familiar, Economia Criativa, Educa\u00e7\u00e3o, Inova\u00e7\u00e3o e Tecnologia, Meio Ambiente e Sa\u00fade e Bem-Estar. O festival, que busca ampliar as fronteiras do conhecimento, \u00e9 um ponto de converg\u00eancia para comunidades, universidades, empresas e profissionais interessados em inova\u00e7\u00e3o, criatividade e sustentabilidade.<\/p>\n\n\n\n<p>A programa\u00e7\u00e3o se distribui simultaneamente pelos blocos da Cidade Universit\u00e1ria, com mais de 170 atividades, 90 palestras e 12 empresas expositoras. O evento \u00e9 gratuito, aberto ao p\u00fablico e acontece no dia 5, das 19h \u00e0s 22h; no dia 6, das 8h \u00e0s 22h; e no dia 7, das 8h \u00e0s 14h.<\/p>\n","protected":false},"excerpt":{"rendered":"<p>Iniciativa do Sebrae integra a programa\u00e7\u00e3o do evento com a\u00e7\u00f5es voltadas a mulheres empreendedoras Por Let\u00edcia Gebaile (Ag\u00eancia Focas \u2013<\/p>\n","protected":false},"author":1,"featured_media":0,"comment_status":"open","ping_status":"open","sticky":false,"template":"","format":"standard","meta":{"colormag_page_container_layout":"default_layout","colormag_page_sidebar_layout":"default_layout","footnotes":""},"categories":[15,9,37,14],"tags":[30,41,29,28],"class_list":["post-3515","post","type-post","status-publish","format-standard","hentry","category-jornalismo","category-jornalismo-online","category-sorocaba","category-uniso","tag-focas","tag-focas-na-rede","tag-jornalismo","tag-uniso"],"featured_image_urls":{"full":"","thumbnail":"","medium":"","medium_large":"","large":"","1536x1536":"","2048x2048":"","colormag-highlighted-post":"","colormag-featured-post-medium":"","colormag-featured-post-small":"","colormag-featured-image":"","colormag-default-news":"","colormag-featured-image-large":""},"author_info":{"info":["focas"]},"category_info":"<a href=\"https:\/\/focas.uniso.br\/index.php\/category\/jornalismo\/\" rel=\"category tag\">Jornalismo<\/a> <a href=\"https:\/\/focas.uniso.br\/index.php\/category\/jornalismo-online\/\" rel=\"category tag\">jornalismo online<\/a> <a href=\"https:\/\/focas.uniso.br\/index.php\/category\/sorocaba\/\" rel=\"category tag\">Sorocaba<\/a> <a href=\"https:\/\/focas.uniso.br\/index.php\/category\/uniso\/\" rel=\"category tag\">Uniso<\/a>","tag_info":"Uniso","comment_count":"0","_links":{"self":[{"href":"https:\/\/focas.uniso.br\/index.php\/wp-json\/wp\/v2\/posts\/3515","targetHints":{"allow":["GET"]}}],"collection":[{"href":"https:\/\/focas.uniso.br\/index.php\/wp-json\/wp\/v2\/posts"}],"about":[{"href":"https:\/\/focas.uniso.br\/index.php\/wp-json\/wp\/v2\/types\/post"}],"author":[{"embeddable":true,"href":"https:\/\/focas.uniso.br\/index.php\/wp-json\/wp\/v2\/users\/1"}],"replies":[{"embeddable":true,"href":"https:\/\/focas.uniso.br\/index.php\/wp-json\/wp\/v2\/comments?post=3515"}],"version-history":[{"count":1,"href":"https:\/\/focas.uniso.br\/index.php\/wp-json\/wp\/v2\/posts\/3515\/revisions"}],"predecessor-version":[{"id":3518,"href":"https:\/\/focas.uniso.br\/index.php\/wp-json\/wp\/v2\/posts\/3515\/revisions\/3518"}],"wp:attachment":[{"href":"https:\/\/focas.uniso.br\/index.php\/wp-json\/wp\/v2\/media?parent=3515"}],"wp:term":[{"taxonomy":"category","embeddable":true,"href":"https:\/\/focas.uniso.br\/index.php\/wp-json\/wp\/v2\/categories?post=3515"},{"taxonomy":"post_tag","embeddable":true,"href":"https:\/\/focas.uniso.br\/index.php\/wp-json\/wp\/v2\/tags?post=3515"}],"curies":[{"name":"wp","href":"https:\/\/api.w.org\/{rel}","templated":true}]}}