{"id":3532,"date":"2025-06-09T09:30:42","date_gmt":"2025-06-09T12:30:42","guid":{"rendered":"https:\/\/focas.uniso.br\/?p=3532"},"modified":"2025-06-09T09:30:42","modified_gmt":"2025-06-09T12:30:42","slug":"atleta-do-projeto-renasce-volei-sorocaba-e-convocada-para-a-selecao-brasileira-sub-23","status":"publish","type":"post","link":"https:\/\/focas.uniso.br\/index.php\/2025\/06\/09\/atleta-do-projeto-renasce-volei-sorocaba-e-convocada-para-a-selecao-brasileira-sub-23\/","title":{"rendered":"Atleta do projeto Renasce V\u00f4lei Sorocaba \u00e9 convocada para a sele\u00e7\u00e3o brasileira Sub-23"},"content":{"rendered":"\n<p><em>Atleta, natural de Limeira (SP), representar\u00e1 Sorocaba (SP) e, junto a equipe, se prepara disputar a Superliga A<\/em><\/p>\n\n\n\n<p>Por Sabrina Alves, Paola Ferreira e Guilherme Emmerick (Ag\u00eancia Focas &#8211; Jornalismo Uniso)<\/p>\n\n\n\n<figure class=\"wp-block-image size-full\"><img loading=\"lazy\" decoding=\"async\" width=\"861\" height=\"525\" src=\"https:\/\/focas.uniso.br\/wp-content\/uploads\/2025\/06\/WhatsApp-Image-2025-06-08-at-21.04.24.jpeg\" alt=\"\" class=\"wp-image-3533\" srcset=\"https:\/\/focas.uniso.br\/wp-content\/uploads\/2025\/06\/WhatsApp-Image-2025-06-08-at-21.04.24.jpeg 861w, https:\/\/focas.uniso.br\/wp-content\/uploads\/2025\/06\/WhatsApp-Image-2025-06-08-at-21.04.24-300x183.jpeg 300w, https:\/\/focas.uniso.br\/wp-content\/uploads\/2025\/06\/WhatsApp-Image-2025-06-08-at-21.04.24-768x468.jpeg 768w\" sizes=\"auto, (max-width: 861px) 100vw, 861px\" \/><figcaption class=\"wp-element-caption\">Quadra Sesi Sorocaba &#8211; Foto: Paola Ferreira <\/figcaption><\/figure>\n\n\n\n<p>Ap\u00f3s o destaque que fez a atleta Camilly Vit\u00f3ria de Souza Salom\u00e9, de 21 anos, conquistar o t\u00edtulo da Superliga B e garantir o acesso \u00e0 elite do voleibol nacional, a sorocabana foi convocada, na terceira semana de maio, pela Confedera\u00e7\u00e3o Brasileira de Voleibol (CBV), para integrar a Sele\u00e7\u00e3o Brasileira Sub-23. Segundo a esportista, \u201cessa conquista \u00e9 muito mais do que uma vit\u00f3ria pessoal; \u00e9 um marco coletivo! Foi um momento especial que trouxe felicidade n\u00e3o apenas para mim, mas para todos ao meu redor. A alegria de representar a camisa do meu pa\u00eds \u00e9 algo que n\u00e3o d\u00e1 para explicar.\u201d<\/p>\n\n\n\n<p>O projeto <em>Renasce V\u00f4lei Sorocaba<\/em> foi criado no per\u00edodo da pandemia e vem formando atletas para reconquistar o v\u00f4lei feminino na cidade, al\u00e9m de se tornar refer\u00eancia no esporte e transformar a modalidade em lazer. \u201cUm grande legado com o objetivo de resgatar o amor da torcida pelo voleibol e motivar as pessoas a praticarem o esporte, tamb\u00e9m conquistar vit\u00f3rias e t\u00edtulos para Sorocaba\u201d, alega Cl\u00f3vis Ant\u00f4nio Granado, 61 anos, t\u00e9cnico do projeto.<\/p>\n\n\n\n<p>A convoca\u00e7\u00e3o de Camilly mostra o trabalho admir\u00e1vel do Renasce V\u00f4lei Sorocaba, colocando a cidade no mapa do esporte nacional e trazendo orgulho n\u00e3o s\u00f3 aos criadores do projeto, como tamb\u00e9m ao Brasil. \u201cEla \u00e9 o primeiro destaque que temos, n\u00edtido de uma sele\u00e7\u00e3o brasileira\u201d, afirma Juliana Ara\u00fajo Matos, 34 anos, assistente t\u00e9cnica da equipe principal.<\/p>\n\n\n\n<figure class=\"wp-block-image size-full\"><img loading=\"lazy\" decoding=\"async\" width=\"501\" height=\"607\" src=\"https:\/\/focas.uniso.br\/wp-content\/uploads\/2025\/06\/WhatsApp-Image-2025-06-08-at-21.05.35.jpeg\" alt=\"\" class=\"wp-image-3534\" srcset=\"https:\/\/focas.uniso.br\/wp-content\/uploads\/2025\/06\/WhatsApp-Image-2025-06-08-at-21.05.35.jpeg 501w, https:\/\/focas.uniso.br\/wp-content\/uploads\/2025\/06\/WhatsApp-Image-2025-06-08-at-21.05.35-248x300.jpeg 248w\" sizes=\"auto, (max-width: 501px) 100vw, 501px\" \/><figcaption class=\"wp-element-caption\">Foto: Reprodu\u00e7\u00e3o <\/figcaption><\/figure>\n\n\n\n<p>Camilly \u00e9 natural de Limeira (SP), come\u00e7ou no v\u00f4lei aos 9 anos e iniciou sua carreira em Sorocaba, enfrentando desafios e equilibrando paix\u00e3o e profissionalismo no esporte. \u201cA cidade fez parte da minha forma\u00e7\u00e3o, sempre serei grata por tudo que vivi em Sorocaba\u201d, afirma a atleta. Para ela, \u201ca maior dificuldade, sem d\u00favida, \u00e9 superar as dores f\u00edsicas e os desafios mentais. \u00c9 uma luta constante, mas \u00e9 isso que nos torna mais fortes\u201d.<\/p>\n\n\n\n<p><\/p>\n","protected":false},"excerpt":{"rendered":"<p>Atleta, natural de Limeira (SP), representar\u00e1 Sorocaba (SP) e, junto a equipe, se prepara disputar a Superliga A Por Sabrina<\/p>\n","protected":false},"author":1,"featured_media":0,"comment_status":"open","ping_status":"open","sticky":false,"template":"","format":"standard","meta":{"colormag_page_container_layout":"default_layout","colormag_page_sidebar_layout":"default_layout","footnotes":""},"categories":[15,9,37,14],"tags":[30,41,29,28],"class_list":["post-3532","post","type-post","status-publish","format-standard","hentry","category-jornalismo","category-jornalismo-online","category-sorocaba","category-uniso","tag-focas","tag-focas-na-rede","tag-jornalismo","tag-uniso"],"featured_image_urls":{"full":"","thumbnail":"","medium":"","medium_large":"","large":"","1536x1536":"","2048x2048":"","colormag-highlighted-post":"","colormag-featured-post-medium":"","colormag-featured-post-small":"","colormag-featured-image":"","colormag-default-news":"","colormag-featured-image-large":""},"author_info":{"info":["focas"]},"category_info":"<a href=\"https:\/\/focas.uniso.br\/index.php\/category\/jornalismo\/\" rel=\"category tag\">Jornalismo<\/a> <a href=\"https:\/\/focas.uniso.br\/index.php\/category\/jornalismo-online\/\" rel=\"category tag\">jornalismo online<\/a> <a href=\"https:\/\/focas.uniso.br\/index.php\/category\/sorocaba\/\" rel=\"category tag\">Sorocaba<\/a> <a href=\"https:\/\/focas.uniso.br\/index.php\/category\/uniso\/\" rel=\"category tag\">Uniso<\/a>","tag_info":"Uniso","comment_count":"0","_links":{"self":[{"href":"https:\/\/focas.uniso.br\/index.php\/wp-json\/wp\/v2\/posts\/3532","targetHints":{"allow":["GET"]}}],"collection":[{"href":"https:\/\/focas.uniso.br\/index.php\/wp-json\/wp\/v2\/posts"}],"about":[{"href":"https:\/\/focas.uniso.br\/index.php\/wp-json\/wp\/v2\/types\/post"}],"author":[{"embeddable":true,"href":"https:\/\/focas.uniso.br\/index.php\/wp-json\/wp\/v2\/users\/1"}],"replies":[{"embeddable":true,"href":"https:\/\/focas.uniso.br\/index.php\/wp-json\/wp\/v2\/comments?post=3532"}],"version-history":[{"count":1,"href":"https:\/\/focas.uniso.br\/index.php\/wp-json\/wp\/v2\/posts\/3532\/revisions"}],"predecessor-version":[{"id":3535,"href":"https:\/\/focas.uniso.br\/index.php\/wp-json\/wp\/v2\/posts\/3532\/revisions\/3535"}],"wp:attachment":[{"href":"https:\/\/focas.uniso.br\/index.php\/wp-json\/wp\/v2\/media?parent=3532"}],"wp:term":[{"taxonomy":"category","embeddable":true,"href":"https:\/\/focas.uniso.br\/index.php\/wp-json\/wp\/v2\/categories?post=3532"},{"taxonomy":"post_tag","embeddable":true,"href":"https:\/\/focas.uniso.br\/index.php\/wp-json\/wp\/v2\/tags?post=3532"}],"curies":[{"name":"wp","href":"https:\/\/api.w.org\/{rel}","templated":true}]}}