{"id":3575,"date":"2025-06-10T09:31:33","date_gmt":"2025-06-10T12:31:33","guid":{"rendered":"https:\/\/focas.uniso.br\/?p=3575"},"modified":"2025-06-10T09:31:33","modified_gmt":"2025-06-10T12:31:33","slug":"universitarios-desenvolvem-circuito-de-conscientizacao-sobre-a-fazenda-ipanema","status":"publish","type":"post","link":"https:\/\/focas.uniso.br\/index.php\/2025\/06\/10\/universitarios-desenvolvem-circuito-de-conscientizacao-sobre-a-fazenda-ipanema\/","title":{"rendered":"Universit\u00e1rios desenvolvem circuito de conscientiza\u00e7\u00e3o sobre a Fazenda Ipanema"},"content":{"rendered":"\n<p><em>Estudantes de Arquitetura e Urbanismo da Universidade de Sorocaba se dividiram em tr\u00eas equipes para desenvolver seus projetos e apresentar ao p\u00fablico<\/em><\/p>\n\n\n\n<p>Por Ana Torres e Rafaela Ferreira Monteiro (Ag\u00eancia Focas &#8211; Jornalismo Uniso)<\/p>\n\n\n\n<p>A Fazenda Ipanema foi o objeto de pesquisa dos alunos de Arquitetura e Urbanismo para o Projeto Integrador 2025_1 da Uniso. Os estudantes desenvolveram uma din\u00e2mica interativa para os visitantes se conscientizarem da import\u00e2ncia de preserva\u00e7\u00e3o de patrim\u00f4nio p\u00fablico.<\/p>\n\n\n\n<p>\u201cA cidade de Sorocaba e v\u00e1rias outras cidades t\u00eam essa defici\u00eancia de preservar o patrim\u00f4nio, falta entender a import\u00e2ncia dessa hist\u00f3ria para o munic\u00edpio e regi\u00e3o\u201d pontua Paola de Oliveira Jaekel, 46 anos, coordenadora do curso de Arquitetura e Urbanismo. \u201cO mais importante esse ano \u00e9 conscientizar as pessoas sobre o patrim\u00f4nio hist\u00f3rico, porqu\u00ea a gente v\u00ea que em Sorocaba e no Brasil \u00e9 meio abandonado\u201d de acordo com Alessandra Fernandes Monteiro, estudante do terceiro semestre de Arquitetura e Urbanismo. Para ela, \u201ca gente n\u00e3o pode apagar nossa hist\u00f3ria, e se n\u00e3o preservamos, n\u00e3o conseguimos manter nossa hist\u00f3ria viva\u201d.<\/p>\n\n\n\n<p>Os grupos desenvolveram tr\u00eas produtos para o Projeto Integrador: postais e souvenirs de divulga\u00e7\u00e3o, podcasts e projetos de reforma. \u201cFoi bem focado na Fazenda Ipanema, diversos projetos de renova\u00e7\u00e3o, divulga\u00e7\u00e3o e de mobili\u00e1rio urbano\u201d, segundo Pedro Henrique Cavalheiro Martins de Almeida, de 21 anos, estudante de Arquitetura e Urbanismo, pontuando ainda que a falta de informa\u00e7\u00e3o sobre a \u00e1rea foi uma das dificuldades para desenvolver os projetos.<\/p>\n\n\n\n<p>A a\u00e7\u00e3o consistia em um circuito com seis paradas, onde os visitantes recebiam adesivos depois de interagir com as esta\u00e7\u00f5es. Ap\u00f3s completar o trajeto, as pessoas receberam um brinde sorteado.<\/p>\n\n\n\n<p>Os projetos e os podcasts podem ser acessados pelo Instagram do curso @au.uniso.<\/p>\n\n\n\n<figure class=\"wp-block-gallery has-nested-images columns-default is-cropped wp-block-gallery-1 is-layout-flex wp-block-gallery-is-layout-flex\">\n<figure class=\"wp-block-image size-large\"><img loading=\"lazy\" decoding=\"async\" width=\"1024\" height=\"682\" data-id=\"3582\" src=\"https:\/\/focas.uniso.br\/wp-content\/uploads\/2025\/06\/WhatsApp-Image-2025-06-09-at-19.19.11-1024x682.jpeg\" alt=\"\" class=\"wp-image-3582\" srcset=\"https:\/\/focas.uniso.br\/wp-content\/uploads\/2025\/06\/WhatsApp-Image-2025-06-09-at-19.19.11-1024x682.jpeg 1024w, https:\/\/focas.uniso.br\/wp-content\/uploads\/2025\/06\/WhatsApp-Image-2025-06-09-at-19.19.11-300x200.jpeg 300w, https:\/\/focas.uniso.br\/wp-content\/uploads\/2025\/06\/WhatsApp-Image-2025-06-09-at-19.19.11-768x512.jpeg 768w, https:\/\/focas.uniso.br\/wp-content\/uploads\/2025\/06\/WhatsApp-Image-2025-06-09-at-19.19.11-1536x1023.jpeg 1536w, https:\/\/focas.uniso.br\/wp-content\/uploads\/2025\/06\/WhatsApp-Image-2025-06-09-at-19.19.11.jpeg 1600w\" sizes=\"auto, (max-width: 1024px) 100vw, 1024px\" \/><figcaption class=\"wp-element-caption\">Foto- Rafaela Ferreira Monteir<\/figcaption><\/figure>\n\n\n\n<figure class=\"wp-block-image size-large\"><img loading=\"lazy\" decoding=\"async\" width=\"1024\" height=\"683\" data-id=\"3581\" src=\"https:\/\/focas.uniso.br\/wp-content\/uploads\/2025\/06\/WhatsApp-Image-2025-06-09-at-19.17.58-1024x683.jpeg\" alt=\"\" class=\"wp-image-3581\" srcset=\"https:\/\/focas.uniso.br\/wp-content\/uploads\/2025\/06\/WhatsApp-Image-2025-06-09-at-19.17.58-1024x683.jpeg 1024w, https:\/\/focas.uniso.br\/wp-content\/uploads\/2025\/06\/WhatsApp-Image-2025-06-09-at-19.17.58-300x200.jpeg 300w, https:\/\/focas.uniso.br\/wp-content\/uploads\/2025\/06\/WhatsApp-Image-2025-06-09-at-19.17.58-768x512.jpeg 768w, https:\/\/focas.uniso.br\/wp-content\/uploads\/2025\/06\/WhatsApp-Image-2025-06-09-at-19.17.58.jpeg 1280w\" sizes=\"auto, (max-width: 1024px) 100vw, 1024px\" \/><figcaption class=\"wp-element-caption\">Foto- Rafaela Ferreira Monteir<\/figcaption><\/figure>\n\n\n\n<figure class=\"wp-block-image size-large\"><img loading=\"lazy\" decoding=\"async\" width=\"1024\" height=\"683\" data-id=\"3580\" src=\"https:\/\/focas.uniso.br\/wp-content\/uploads\/2025\/06\/WhatsApp-Image-2025-06-09-at-19.17.58-1-1024x683.jpeg\" alt=\"\" class=\"wp-image-3580\" srcset=\"https:\/\/focas.uniso.br\/wp-content\/uploads\/2025\/06\/WhatsApp-Image-2025-06-09-at-19.17.58-1-1024x683.jpeg 1024w, https:\/\/focas.uniso.br\/wp-content\/uploads\/2025\/06\/WhatsApp-Image-2025-06-09-at-19.17.58-1-300x200.jpeg 300w, https:\/\/focas.uniso.br\/wp-content\/uploads\/2025\/06\/WhatsApp-Image-2025-06-09-at-19.17.58-1-768x512.jpeg 768w, https:\/\/focas.uniso.br\/wp-content\/uploads\/2025\/06\/WhatsApp-Image-2025-06-09-at-19.17.58-1.jpeg 1280w\" sizes=\"auto, (max-width: 1024px) 100vw, 1024px\" \/><figcaption class=\"wp-element-caption\">Foto- Rafaela Ferreira Monteir<\/figcaption><\/figure>\n\n\n\n<figure class=\"wp-block-image size-large\"><img loading=\"lazy\" decoding=\"async\" width=\"1024\" height=\"683\" data-id=\"3579\" src=\"https:\/\/focas.uniso.br\/wp-content\/uploads\/2025\/06\/WhatsApp-Image-2025-06-09-at-19.17.58-2-1024x683.jpeg\" alt=\"\" class=\"wp-image-3579\" srcset=\"https:\/\/focas.uniso.br\/wp-content\/uploads\/2025\/06\/WhatsApp-Image-2025-06-09-at-19.17.58-2-1024x683.jpeg 1024w, https:\/\/focas.uniso.br\/wp-content\/uploads\/2025\/06\/WhatsApp-Image-2025-06-09-at-19.17.58-2-300x200.jpeg 300w, https:\/\/focas.uniso.br\/wp-content\/uploads\/2025\/06\/WhatsApp-Image-2025-06-09-at-19.17.58-2-768x512.jpeg 768w, https:\/\/focas.uniso.br\/wp-content\/uploads\/2025\/06\/WhatsApp-Image-2025-06-09-at-19.17.58-2.jpeg 1280w\" sizes=\"auto, (max-width: 1024px) 100vw, 1024px\" \/><figcaption class=\"wp-element-caption\">Foto- Rafaela Ferreira Monteir<\/figcaption><\/figure>\n\n\n\n<figure class=\"wp-block-image size-large\"><img loading=\"lazy\" decoding=\"async\" width=\"1024\" height=\"683\" data-id=\"3578\" src=\"https:\/\/focas.uniso.br\/wp-content\/uploads\/2025\/06\/WhatsApp-Image-2025-06-09-at-19.17.59-1024x683.jpeg\" alt=\"\" class=\"wp-image-3578\" srcset=\"https:\/\/focas.uniso.br\/wp-content\/uploads\/2025\/06\/WhatsApp-Image-2025-06-09-at-19.17.59-1024x683.jpeg 1024w, https:\/\/focas.uniso.br\/wp-content\/uploads\/2025\/06\/WhatsApp-Image-2025-06-09-at-19.17.59-300x200.jpeg 300w, https:\/\/focas.uniso.br\/wp-content\/uploads\/2025\/06\/WhatsApp-Image-2025-06-09-at-19.17.59-768x512.jpeg 768w, https:\/\/focas.uniso.br\/wp-content\/uploads\/2025\/06\/WhatsApp-Image-2025-06-09-at-19.17.59.jpeg 1280w\" sizes=\"auto, (max-width: 1024px) 100vw, 1024px\" \/><figcaption class=\"wp-element-caption\">Foto- Rafaela Ferreira Monteir<\/figcaption><\/figure>\n\n\n\n<figure class=\"wp-block-image size-large\"><img loading=\"lazy\" decoding=\"async\" width=\"1024\" height=\"683\" data-id=\"3577\" src=\"https:\/\/focas.uniso.br\/wp-content\/uploads\/2025\/06\/WhatsApp-Image-2025-06-09-at-19.17.59-1-1024x683.jpeg\" alt=\"\" class=\"wp-image-3577\" srcset=\"https:\/\/focas.uniso.br\/wp-content\/uploads\/2025\/06\/WhatsApp-Image-2025-06-09-at-19.17.59-1-1024x683.jpeg 1024w, https:\/\/focas.uniso.br\/wp-content\/uploads\/2025\/06\/WhatsApp-Image-2025-06-09-at-19.17.59-1-300x200.jpeg 300w, https:\/\/focas.uniso.br\/wp-content\/uploads\/2025\/06\/WhatsApp-Image-2025-06-09-at-19.17.59-1-768x512.jpeg 768w, https:\/\/focas.uniso.br\/wp-content\/uploads\/2025\/06\/WhatsApp-Image-2025-06-09-at-19.17.59-1.jpeg 1280w\" sizes=\"auto, (max-width: 1024px) 100vw, 1024px\" \/><figcaption class=\"wp-element-caption\">Foto- Rafaela Ferreira Monteir<\/figcaption><\/figure>\n\n\n\n<figure class=\"wp-block-image size-large\"><img loading=\"lazy\" decoding=\"async\" width=\"1024\" height=\"683\" data-id=\"3576\" src=\"https:\/\/focas.uniso.br\/wp-content\/uploads\/2025\/06\/WhatsApp-Image-2025-06-09-at-19.17.59-2-1024x683.jpeg\" alt=\"\" class=\"wp-image-3576\" srcset=\"https:\/\/focas.uniso.br\/wp-content\/uploads\/2025\/06\/WhatsApp-Image-2025-06-09-at-19.17.59-2-1024x683.jpeg 1024w, https:\/\/focas.uniso.br\/wp-content\/uploads\/2025\/06\/WhatsApp-Image-2025-06-09-at-19.17.59-2-300x200.jpeg 300w, https:\/\/focas.uniso.br\/wp-content\/uploads\/2025\/06\/WhatsApp-Image-2025-06-09-at-19.17.59-2-768x512.jpeg 768w, https:\/\/focas.uniso.br\/wp-content\/uploads\/2025\/06\/WhatsApp-Image-2025-06-09-at-19.17.59-2.jpeg 1280w\" sizes=\"auto, (max-width: 1024px) 100vw, 1024px\" \/><figcaption class=\"wp-element-caption\">Foto- Rafaela Ferreira Monteir<\/figcaption><\/figure>\n\n\n\n<figure class=\"wp-block-image size-large\"><img loading=\"lazy\" decoding=\"async\" width=\"1024\" height=\"682\" data-id=\"3572\" src=\"https:\/\/focas.uniso.br\/wp-content\/uploads\/2025\/06\/WhatsApp-Image-2025-06-09-at-14.36.29-3-1024x682.jpeg\" alt=\"\" class=\"wp-image-3572\" srcset=\"https:\/\/focas.uniso.br\/wp-content\/uploads\/2025\/06\/WhatsApp-Image-2025-06-09-at-14.36.29-3-1024x682.jpeg 1024w, https:\/\/focas.uniso.br\/wp-content\/uploads\/2025\/06\/WhatsApp-Image-2025-06-09-at-14.36.29-3-300x200.jpeg 300w, https:\/\/focas.uniso.br\/wp-content\/uploads\/2025\/06\/WhatsApp-Image-2025-06-09-at-14.36.29-3-768x512.jpeg 768w, https:\/\/focas.uniso.br\/wp-content\/uploads\/2025\/06\/WhatsApp-Image-2025-06-09-at-14.36.29-3-1536x1023.jpeg 1536w, https:\/\/focas.uniso.br\/wp-content\/uploads\/2025\/06\/WhatsApp-Image-2025-06-09-at-14.36.29-3.jpeg 1600w\" sizes=\"auto, (max-width: 1024px) 100vw, 1024px\" \/><figcaption class=\"wp-element-caption\">Foto- Rafaela Ferreira Monteiro<\/figcaption><\/figure>\n\n\n\n<figure class=\"wp-block-image size-large\"><img loading=\"lazy\" decoding=\"async\" width=\"682\" height=\"1024\" data-id=\"3592\" src=\"https:\/\/focas.uniso.br\/wp-content\/uploads\/2025\/06\/WhatsApp-Image-2025-06-09-at-19.24.13-682x1024.jpeg\" alt=\"\" class=\"wp-image-3592\" srcset=\"https:\/\/focas.uniso.br\/wp-content\/uploads\/2025\/06\/WhatsApp-Image-2025-06-09-at-19.24.13-682x1024.jpeg 682w, https:\/\/focas.uniso.br\/wp-content\/uploads\/2025\/06\/WhatsApp-Image-2025-06-09-at-19.24.13-200x300.jpeg 200w, https:\/\/focas.uniso.br\/wp-content\/uploads\/2025\/06\/WhatsApp-Image-2025-06-09-at-19.24.13-768x1153.jpeg 768w, https:\/\/focas.uniso.br\/wp-content\/uploads\/2025\/06\/WhatsApp-Image-2025-06-09-at-19.24.13-1023x1536.jpeg 1023w, https:\/\/focas.uniso.br\/wp-content\/uploads\/2025\/06\/WhatsApp-Image-2025-06-09-at-19.24.13.jpeg 1066w\" sizes=\"auto, (max-width: 682px) 100vw, 682px\" \/><figcaption class=\"wp-element-caption\">Foto- Ana Torres<\/figcaption><\/figure>\n\n\n\n<figure class=\"wp-block-image size-large\"><img loading=\"lazy\" decoding=\"async\" width=\"682\" height=\"1024\" data-id=\"3591\" src=\"https:\/\/focas.uniso.br\/wp-content\/uploads\/2025\/06\/WhatsApp-Image-2025-06-09-at-19.24.13-1-682x1024.jpeg\" alt=\"\" class=\"wp-image-3591\" srcset=\"https:\/\/focas.uniso.br\/wp-content\/uploads\/2025\/06\/WhatsApp-Image-2025-06-09-at-19.24.13-1-682x1024.jpeg 682w, https:\/\/focas.uniso.br\/wp-content\/uploads\/2025\/06\/WhatsApp-Image-2025-06-09-at-19.24.13-1-200x300.jpeg 200w, https:\/\/focas.uniso.br\/wp-content\/uploads\/2025\/06\/WhatsApp-Image-2025-06-09-at-19.24.13-1-768x1153.jpeg 768w, https:\/\/focas.uniso.br\/wp-content\/uploads\/2025\/06\/WhatsApp-Image-2025-06-09-at-19.24.13-1-1023x1536.jpeg 1023w, https:\/\/focas.uniso.br\/wp-content\/uploads\/2025\/06\/WhatsApp-Image-2025-06-09-at-19.24.13-1.jpeg 1066w\" sizes=\"auto, (max-width: 682px) 100vw, 682px\" \/><figcaption class=\"wp-element-caption\">Foto- Ana Torres<\/figcaption><\/figure>\n\n\n\n<figure class=\"wp-block-image size-large\"><img loading=\"lazy\" decoding=\"async\" width=\"1024\" height=\"684\" data-id=\"3590\" src=\"https:\/\/focas.uniso.br\/wp-content\/uploads\/2025\/06\/WhatsApp-Image-2025-06-09-at-19.24.13-2-1024x684.jpeg\" alt=\"\" class=\"wp-image-3590\" srcset=\"https:\/\/focas.uniso.br\/wp-content\/uploads\/2025\/06\/WhatsApp-Image-2025-06-09-at-19.24.13-2-1024x684.jpeg 1024w, https:\/\/focas.uniso.br\/wp-content\/uploads\/2025\/06\/WhatsApp-Image-2025-06-09-at-19.24.13-2-300x200.jpeg 300w, https:\/\/focas.uniso.br\/wp-content\/uploads\/2025\/06\/WhatsApp-Image-2025-06-09-at-19.24.13-2-768x513.jpeg 768w, https:\/\/focas.uniso.br\/wp-content\/uploads\/2025\/06\/WhatsApp-Image-2025-06-09-at-19.24.13-2-1536x1025.jpeg 1536w, https:\/\/focas.uniso.br\/wp-content\/uploads\/2025\/06\/WhatsApp-Image-2025-06-09-at-19.24.13-2.jpeg 1600w\" sizes=\"auto, (max-width: 1024px) 100vw, 1024px\" \/><figcaption class=\"wp-element-caption\">Foto- Ana Torres<\/figcaption><\/figure>\n\n\n\n<figure class=\"wp-block-image size-large\"><img loading=\"lazy\" decoding=\"async\" width=\"1024\" height=\"682\" data-id=\"3589\" src=\"https:\/\/focas.uniso.br\/wp-content\/uploads\/2025\/06\/WhatsApp-Image-2025-06-09-at-19.24.14-1024x682.jpeg\" alt=\"\" class=\"wp-image-3589\" srcset=\"https:\/\/focas.uniso.br\/wp-content\/uploads\/2025\/06\/WhatsApp-Image-2025-06-09-at-19.24.14-1024x682.jpeg 1024w, https:\/\/focas.uniso.br\/wp-content\/uploads\/2025\/06\/WhatsApp-Image-2025-06-09-at-19.24.14-300x200.jpeg 300w, https:\/\/focas.uniso.br\/wp-content\/uploads\/2025\/06\/WhatsApp-Image-2025-06-09-at-19.24.14-768x512.jpeg 768w, https:\/\/focas.uniso.br\/wp-content\/uploads\/2025\/06\/WhatsApp-Image-2025-06-09-at-19.24.14-1536x1023.jpeg 1536w, https:\/\/focas.uniso.br\/wp-content\/uploads\/2025\/06\/WhatsApp-Image-2025-06-09-at-19.24.14.jpeg 1600w\" sizes=\"auto, (max-width: 1024px) 100vw, 1024px\" \/><figcaption class=\"wp-element-caption\">Foto- Ana Torres<\/figcaption><\/figure>\n\n\n\n<figure class=\"wp-block-image size-large\"><img loading=\"lazy\" decoding=\"async\" width=\"682\" height=\"1024\" data-id=\"3588\" src=\"https:\/\/focas.uniso.br\/wp-content\/uploads\/2025\/06\/WhatsApp-Image-2025-06-09-at-19.24.14-1-682x1024.jpeg\" alt=\"\" class=\"wp-image-3588\" srcset=\"https:\/\/focas.uniso.br\/wp-content\/uploads\/2025\/06\/WhatsApp-Image-2025-06-09-at-19.24.14-1-682x1024.jpeg 682w, https:\/\/focas.uniso.br\/wp-content\/uploads\/2025\/06\/WhatsApp-Image-2025-06-09-at-19.24.14-1-200x300.jpeg 200w, https:\/\/focas.uniso.br\/wp-content\/uploads\/2025\/06\/WhatsApp-Image-2025-06-09-at-19.24.14-1-768x1153.jpeg 768w, https:\/\/focas.uniso.br\/wp-content\/uploads\/2025\/06\/WhatsApp-Image-2025-06-09-at-19.24.14-1-1023x1536.jpeg 1023w, https:\/\/focas.uniso.br\/wp-content\/uploads\/2025\/06\/WhatsApp-Image-2025-06-09-at-19.24.14-1.jpeg 1066w\" sizes=\"auto, (max-width: 682px) 100vw, 682px\" \/><figcaption class=\"wp-element-caption\">Foto- Ana Torres<\/figcaption><\/figure>\n\n\n\n<figure class=\"wp-block-image size-large\"><img loading=\"lazy\" decoding=\"async\" width=\"682\" height=\"1024\" data-id=\"3587\" src=\"https:\/\/focas.uniso.br\/wp-content\/uploads\/2025\/06\/WhatsApp-Image-2025-06-09-at-19.24.14-2-682x1024.jpeg\" alt=\"\" class=\"wp-image-3587\" srcset=\"https:\/\/focas.uniso.br\/wp-content\/uploads\/2025\/06\/WhatsApp-Image-2025-06-09-at-19.24.14-2-682x1024.jpeg 682w, https:\/\/focas.uniso.br\/wp-content\/uploads\/2025\/06\/WhatsApp-Image-2025-06-09-at-19.24.14-2-200x300.jpeg 200w, https:\/\/focas.uniso.br\/wp-content\/uploads\/2025\/06\/WhatsApp-Image-2025-06-09-at-19.24.14-2-768x1153.jpeg 768w, https:\/\/focas.uniso.br\/wp-content\/uploads\/2025\/06\/WhatsApp-Image-2025-06-09-at-19.24.14-2-1023x1536.jpeg 1023w, https:\/\/focas.uniso.br\/wp-content\/uploads\/2025\/06\/WhatsApp-Image-2025-06-09-at-19.24.14-2.jpeg 1066w\" sizes=\"auto, (max-width: 682px) 100vw, 682px\" \/><figcaption class=\"wp-element-caption\">Foto- Ana Torres<\/figcaption><\/figure>\n\n\n\n<figure class=\"wp-block-image size-large\"><img loading=\"lazy\" decoding=\"async\" width=\"1024\" height=\"682\" data-id=\"3586\" src=\"https:\/\/focas.uniso.br\/wp-content\/uploads\/2025\/06\/WhatsApp-Image-2025-06-09-at-19.24.14-3-1024x682.jpeg\" alt=\"\" class=\"wp-image-3586\" srcset=\"https:\/\/focas.uniso.br\/wp-content\/uploads\/2025\/06\/WhatsApp-Image-2025-06-09-at-19.24.14-3-1024x682.jpeg 1024w, https:\/\/focas.uniso.br\/wp-content\/uploads\/2025\/06\/WhatsApp-Image-2025-06-09-at-19.24.14-3-300x200.jpeg 300w, https:\/\/focas.uniso.br\/wp-content\/uploads\/2025\/06\/WhatsApp-Image-2025-06-09-at-19.24.14-3-768x512.jpeg 768w, https:\/\/focas.uniso.br\/wp-content\/uploads\/2025\/06\/WhatsApp-Image-2025-06-09-at-19.24.14-3-1536x1023.jpeg 1536w, https:\/\/focas.uniso.br\/wp-content\/uploads\/2025\/06\/WhatsApp-Image-2025-06-09-at-19.24.14-3.jpeg 1600w\" sizes=\"auto, (max-width: 1024px) 100vw, 1024px\" \/><figcaption class=\"wp-element-caption\">Foto- Ana Torres<\/figcaption><\/figure>\n\n\n\n<figure class=\"wp-block-image size-large\"><img loading=\"lazy\" decoding=\"async\" width=\"1024\" height=\"682\" data-id=\"3585\" src=\"https:\/\/focas.uniso.br\/wp-content\/uploads\/2025\/06\/WhatsApp-Image-2025-06-09-at-19.24.14-4-1024x682.jpeg\" alt=\"\" class=\"wp-image-3585\" srcset=\"https:\/\/focas.uniso.br\/wp-content\/uploads\/2025\/06\/WhatsApp-Image-2025-06-09-at-19.24.14-4-1024x682.jpeg 1024w, https:\/\/focas.uniso.br\/wp-content\/uploads\/2025\/06\/WhatsApp-Image-2025-06-09-at-19.24.14-4-300x200.jpeg 300w, https:\/\/focas.uniso.br\/wp-content\/uploads\/2025\/06\/WhatsApp-Image-2025-06-09-at-19.24.14-4-768x512.jpeg 768w, https:\/\/focas.uniso.br\/wp-content\/uploads\/2025\/06\/WhatsApp-Image-2025-06-09-at-19.24.14-4-1536x1023.jpeg 1536w, https:\/\/focas.uniso.br\/wp-content\/uploads\/2025\/06\/WhatsApp-Image-2025-06-09-at-19.24.14-4.jpeg 1600w\" sizes=\"auto, (max-width: 1024px) 100vw, 1024px\" \/><figcaption class=\"wp-element-caption\">Foto- Ana Torres<\/figcaption><\/figure>\n\n\n\n<figure class=\"wp-block-image size-large\"><img loading=\"lazy\" decoding=\"async\" width=\"1024\" height=\"682\" data-id=\"3584\" src=\"https:\/\/focas.uniso.br\/wp-content\/uploads\/2025\/06\/WhatsApp-Image-2025-06-09-at-19.24.15-1024x682.jpeg\" alt=\"\" class=\"wp-image-3584\" srcset=\"https:\/\/focas.uniso.br\/wp-content\/uploads\/2025\/06\/WhatsApp-Image-2025-06-09-at-19.24.15-1024x682.jpeg 1024w, https:\/\/focas.uniso.br\/wp-content\/uploads\/2025\/06\/WhatsApp-Image-2025-06-09-at-19.24.15-300x200.jpeg 300w, https:\/\/focas.uniso.br\/wp-content\/uploads\/2025\/06\/WhatsApp-Image-2025-06-09-at-19.24.15-768x512.jpeg 768w, https:\/\/focas.uniso.br\/wp-content\/uploads\/2025\/06\/WhatsApp-Image-2025-06-09-at-19.24.15-1536x1023.jpeg 1536w, https:\/\/focas.uniso.br\/wp-content\/uploads\/2025\/06\/WhatsApp-Image-2025-06-09-at-19.24.15.jpeg 1600w\" sizes=\"auto, (max-width: 1024px) 100vw, 1024px\" \/><figcaption class=\"wp-element-caption\">Foto- Ana Torres<\/figcaption><\/figure>\n\n\n\n<figure class=\"wp-block-image size-large\"><img loading=\"lazy\" decoding=\"async\" width=\"1024\" height=\"682\" data-id=\"3583\" src=\"https:\/\/focas.uniso.br\/wp-content\/uploads\/2025\/06\/WhatsApp-Image-2025-06-09-at-19.24.15-1-1024x682.jpeg\" alt=\"\" class=\"wp-image-3583\" srcset=\"https:\/\/focas.uniso.br\/wp-content\/uploads\/2025\/06\/WhatsApp-Image-2025-06-09-at-19.24.15-1-1024x682.jpeg 1024w, https:\/\/focas.uniso.br\/wp-content\/uploads\/2025\/06\/WhatsApp-Image-2025-06-09-at-19.24.15-1-300x200.jpeg 300w, https:\/\/focas.uniso.br\/wp-content\/uploads\/2025\/06\/WhatsApp-Image-2025-06-09-at-19.24.15-1-768x512.jpeg 768w, https:\/\/focas.uniso.br\/wp-content\/uploads\/2025\/06\/WhatsApp-Image-2025-06-09-at-19.24.15-1-1536x1023.jpeg 1536w, https:\/\/focas.uniso.br\/wp-content\/uploads\/2025\/06\/WhatsApp-Image-2025-06-09-at-19.24.15-1.jpeg 1600w\" sizes=\"auto, (max-width: 1024px) 100vw, 1024px\" \/><figcaption class=\"wp-element-caption\">Foto- Ana Torres<\/figcaption><\/figure>\n<\/figure>\n","protected":false},"excerpt":{"rendered":"<p>Estudantes de Arquitetura e Urbanismo da Universidade de Sorocaba se dividiram em tr\u00eas equipes para desenvolver seus projetos e apresentar<\/p>\n","protected":false},"author":1,"featured_media":0,"comment_status":"open","ping_status":"open","sticky":false,"template":"","format":"standard","meta":{"colormag_page_container_layout":"default_layout","colormag_page_sidebar_layout":"default_layout","footnotes":""},"categories":[15,9,37,14],"tags":[30,41,29,28],"class_list":["post-3575","post","type-post","status-publish","format-standard","hentry","category-jornalismo","category-jornalismo-online","category-sorocaba","category-uniso","tag-focas","tag-focas-na-rede","tag-jornalismo","tag-uniso"],"featured_image_urls":{"full":"","thumbnail":"","medium":"","medium_large":"","large":"","1536x1536":"","2048x2048":"","colormag-highlighted-post":"","colormag-featured-post-medium":"","colormag-featured-post-small":"","colormag-featured-image":"","colormag-default-news":"","colormag-featured-image-large":""},"author_info":{"info":["focas"]},"category_info":"<a href=\"https:\/\/focas.uniso.br\/index.php\/category\/jornalismo\/\" rel=\"category tag\">Jornalismo<\/a> <a href=\"https:\/\/focas.uniso.br\/index.php\/category\/jornalismo-online\/\" rel=\"category tag\">jornalismo online<\/a> <a href=\"https:\/\/focas.uniso.br\/index.php\/category\/sorocaba\/\" rel=\"category tag\">Sorocaba<\/a> <a href=\"https:\/\/focas.uniso.br\/index.php\/category\/uniso\/\" rel=\"category tag\">Uniso<\/a>","tag_info":"Uniso","comment_count":"0","_links":{"self":[{"href":"https:\/\/focas.uniso.br\/index.php\/wp-json\/wp\/v2\/posts\/3575","targetHints":{"allow":["GET"]}}],"collection":[{"href":"https:\/\/focas.uniso.br\/index.php\/wp-json\/wp\/v2\/posts"}],"about":[{"href":"https:\/\/focas.uniso.br\/index.php\/wp-json\/wp\/v2\/types\/post"}],"author":[{"embeddable":true,"href":"https:\/\/focas.uniso.br\/index.php\/wp-json\/wp\/v2\/users\/1"}],"replies":[{"embeddable":true,"href":"https:\/\/focas.uniso.br\/index.php\/wp-json\/wp\/v2\/comments?post=3575"}],"version-history":[{"count":1,"href":"https:\/\/focas.uniso.br\/index.php\/wp-json\/wp\/v2\/posts\/3575\/revisions"}],"predecessor-version":[{"id":3593,"href":"https:\/\/focas.uniso.br\/index.php\/wp-json\/wp\/v2\/posts\/3575\/revisions\/3593"}],"wp:attachment":[{"href":"https:\/\/focas.uniso.br\/index.php\/wp-json\/wp\/v2\/media?parent=3575"}],"wp:term":[{"taxonomy":"category","embeddable":true,"href":"https:\/\/focas.uniso.br\/index.php\/wp-json\/wp\/v2\/categories?post=3575"},{"taxonomy":"post_tag","embeddable":true,"href":"https:\/\/focas.uniso.br\/index.php\/wp-json\/wp\/v2\/tags?post=3575"}],"curies":[{"name":"wp","href":"https:\/\/api.w.org\/{rel}","templated":true}]}}