{"id":358,"date":"2017-03-15T19:07:00","date_gmt":"2017-03-15T19:07:00","guid":{"rendered":"http:\/\/focas.uniso.br\/index.php\/2017\/03\/15\/alunos-de-relacoes-publicas-assistem-oficina-de-coaching-de-talentos\/"},"modified":"2017-03-15T19:07:00","modified_gmt":"2017-03-15T19:07:00","slug":"alunos-de-relacoes-publicas-assistem-oficina-de-coaching-de-talentos","status":"publish","type":"post","link":"https:\/\/focas.uniso.br\/index.php\/2017\/03\/15\/alunos-de-relacoes-publicas-assistem-oficina-de-coaching-de-talentos\/","title":{"rendered":"Alunos de  Rela\u00e7\u00f5es P\u00fablicas assistem Oficina de Coaching de Talentos"},"content":{"rendered":"<div style=\"clear: both; text-align: center;\"><a href=\"https:\/\/2.bp.blogspot.com\/-PC5_70ecz_Y\/WMmORJddFlI\/AAAAAAAAFpc\/fnx_-Jit9SI6aXBJNCiTaJJgRf8i7hg-gCLcB\/s1600\/WhatsApp%2BImage%2B2017-03-13%2Bat%2B7.39.57%2BPM.jpeg\" style=\"margin-left: 1em; margin-right: 1em;\"><img loading=\"lazy\" decoding=\"async\" border=\"0\" height=\"365\" src=\"https:\/\/2.bp.blogspot.com\/-PC5_70ecz_Y\/WMmORJddFlI\/AAAAAAAAFpc\/fnx_-Jit9SI6aXBJNCiTaJJgRf8i7hg-gCLcB\/s400\/WhatsApp%2BImage%2B2017-03-13%2Bat%2B7.39.57%2BPM.jpeg\" width=\"400\" \/><\/a><\/div>\n<div style=\"text-align: justify;\">A Universidade de Sorocaba (Uniso) promoveu a Oficina de Aprendizagem \u201cCoaching de Talentos\u201d para os alunos do curso de Rela\u00e7\u00f5es P\u00fablicas, no \u00faltimo dia 13.<\/div>\n<div style=\"text-align: justify;\">&nbsp;A palestrante Sandra T\u00e2mbara, 48, formada em Jornalismo, Teatro e Psicologia, atualmente atua como Coach Executiva nas \u00e1reas pessoal, profissional e psicoterap\u00eautica. Ela explica que o Coaching de Talentos busca prop\u00f3sitos de vida, valores e o objetivo \u00e9 direcionar o jovem, contribuir para as pessoas que querem ingressar no mercado de trabalho e n\u00e3o acreditam no seu valor. Segundo ela, muitas pessoas escondem seu &nbsp;talento, n\u00e3o reconhecendo ou expondo suas habilidades na apresenta\u00e7\u00e3o de uma entrevista ou de um projeto. \u201cO jovem tem que ter a consci\u00eancia de se valorizar\u201d, afirma a Coach.&nbsp;<\/div>\n<div style=\"text-align: justify;\">Para a Coordenadora do curso de Rela\u00e7\u00f5es P\u00fablicas, M\u00e9rcia Segala Bruns, o objetivo dessa oficina era fazer com que o aluno pudesse refletir sobre seu potencial, de modo a conseguir aplic\u00e1-lo em seu curr\u00edculo. Ela acredita que a discuss\u00e3o contribuiu para treinar um olhar diferenciado dos alunos sobre a quest\u00e3o.<\/div>\n<table cellpadding=\"0\" cellspacing=\"0\" style=\"float: left; margin-right: 1em; text-align: left;\">\n<tbody>\n<tr>\n<td style=\"text-align: center;\"><a href=\"https:\/\/3.bp.blogspot.com\/-6zd6eWju184\/WMmOV0Xbq3I\/AAAAAAAAFp4\/27lVWgaZ4pEqmPPOEknKx8BZn0zw_0_cACEw\/s1600\/Coordenadora%2Bdo%2Bcurso%2Bde%2BRela%25C3%25A7%25C3%25B5es%2BP%25C3%25BAblicas%2Binteragindo%2Bcom%2Balunos.JPG\" style=\"clear: left; margin-bottom: 1em; margin-left: auto; margin-right: auto; text-align: center;\"><img loading=\"lazy\" decoding=\"async\" border=\"0\" height=\"168\" src=\"https:\/\/3.bp.blogspot.com\/-6zd6eWju184\/WMmOV0Xbq3I\/AAAAAAAAFp4\/27lVWgaZ4pEqmPPOEknKx8BZn0zw_0_cACEw\/s320\/Coordenadora%2Bdo%2Bcurso%2Bde%2BRela%25C3%25A7%25C3%25B5es%2BP%25C3%25BAblicas%2Binteragindo%2Bcom%2Balunos.JPG\" width=\"320\" \/><\/a><\/td>\n<\/tr>\n<tr>\n<td style=\"text-align: left;\">&nbsp;Coordenadora e alunos de Rela\u00e7\u00f5es P\u00fablicas na palestra&nbsp;<\/td>\n<\/tr>\n<\/tbody>\n<\/table>\n<div style=\"text-align: left;\"><\/div>\n<div style=\"text-align: justify;\">Maria Em\u00edlia, 19, estudante do 3\u00ba semestre de Rela\u00e7\u00f5es P\u00fablicas da Uniso, conta que a din\u00e2mica da oficina a fez observar que se encontrava acomodada com rela\u00e7\u00e3o ao valor de seu talento. A estudante confirma que vai se empenhar mais &nbsp;e correr atr\u00e1s do seu objetivo, e garante que a palestra a motivou a continuar crescer profissionalmente.<\/div>\n<div style=\"text-align: justify;\"><\/div>\n<div style=\"text-align: justify;\"><\/div>\n<div style=\"text-align: justify;\"><\/div>\n<div style=\"text-align: justify;\"><\/div>\n<div style=\"text-align: justify;\"><\/div>\n<div style=\"text-align: justify;\"><\/div>\n<div style=\"text-align: justify;\"><i><span style=\"background: white; color: #444444; font-family: &quot;arial&quot; , &quot;sans-serif&quot;; font-size: 10.0pt; line-height: 115%;\">Texto e fotos: Cl\u00e9o Nunes\/Ag\u00eanciaJor&nbsp;<\/span><\/i><\/div>\n<div style=\"text-align: justify;\"><o:p><\/o:p><\/div>\n<div style=\"text-align: justify;\"><\/div>\n<div style=\"text-align: justify;\"><\/div>\n","protected":false},"excerpt":{"rendered":"<p>A Universidade de Sorocaba (Uniso) promoveu a Oficina de Aprendizagem \u201cCoaching de Talentos\u201d para os alunos do curso de Rela\u00e7\u00f5es<\/p>\n","protected":false},"author":1,"featured_media":0,"comment_status":"open","ping_status":"open","sticky":false,"template":"","format":"standard","meta":{"colormag_page_container_layout":"default_layout","colormag_page_sidebar_layout":"default_layout","footnotes":""},"categories":[1],"tags":[],"class_list":["post-358","post","type-post","status-publish","format-standard","hentry","category-uncategorized"],"featured_image_urls":{"full":"","thumbnail":"","medium":"","medium_large":"","large":"","1536x1536":"","2048x2048":"","colormag-highlighted-post":"","colormag-featured-post-medium":"","colormag-featured-post-small":"","colormag-featured-image":"","colormag-default-news":"","colormag-featured-image-large":""},"author_info":{"info":["focas"]},"category_info":"<a href=\"https:\/\/focas.uniso.br\/index.php\/category\/uncategorized\/\" rel=\"category tag\">Uncategorized<\/a>","tag_info":"Uncategorized","comment_count":"0","_links":{"self":[{"href":"https:\/\/focas.uniso.br\/index.php\/wp-json\/wp\/v2\/posts\/358","targetHints":{"allow":["GET"]}}],"collection":[{"href":"https:\/\/focas.uniso.br\/index.php\/wp-json\/wp\/v2\/posts"}],"about":[{"href":"https:\/\/focas.uniso.br\/index.php\/wp-json\/wp\/v2\/types\/post"}],"author":[{"embeddable":true,"href":"https:\/\/focas.uniso.br\/index.php\/wp-json\/wp\/v2\/users\/1"}],"replies":[{"embeddable":true,"href":"https:\/\/focas.uniso.br\/index.php\/wp-json\/wp\/v2\/comments?post=358"}],"version-history":[{"count":0,"href":"https:\/\/focas.uniso.br\/index.php\/wp-json\/wp\/v2\/posts\/358\/revisions"}],"wp:attachment":[{"href":"https:\/\/focas.uniso.br\/index.php\/wp-json\/wp\/v2\/media?parent=358"}],"wp:term":[{"taxonomy":"category","embeddable":true,"href":"https:\/\/focas.uniso.br\/index.php\/wp-json\/wp\/v2\/categories?post=358"},{"taxonomy":"post_tag","embeddable":true,"href":"https:\/\/focas.uniso.br\/index.php\/wp-json\/wp\/v2\/tags?post=358"}],"curies":[{"name":"wp","href":"https:\/\/api.w.org\/{rel}","templated":true}]}}