{"id":377,"date":"2016-11-28T13:29:00","date_gmt":"2016-11-28T13:29:00","guid":{"rendered":"http:\/\/focas.uniso.br\/index.php\/2016\/11\/28\/aluno-de-jornalismo-recebe-trofeu-paulo-fleury-em-direitos-humanos\/"},"modified":"2016-11-28T13:29:00","modified_gmt":"2016-11-28T13:29:00","slug":"aluno-de-jornalismo-recebe-trofeu-paulo-fleury-em-direitos-humanos","status":"publish","type":"post","link":"https:\/\/focas.uniso.br\/index.php\/2016\/11\/28\/aluno-de-jornalismo-recebe-trofeu-paulo-fleury-em-direitos-humanos\/","title":{"rendered":"Aluno de Jornalismo recebe trof\u00e9u Paulo Fleury em Direitos Humanos"},"content":{"rendered":"<div style=\"text-align: justify;\"><span style=\"font-family: &quot;Arial&quot;,&quot;sans-serif&quot;; font-size: 12.0pt;\">O estudante Esdras Felipe Pereira, do oitavo per\u00edodo de Jornalismo, recebeu o trof\u00e9u \u201cPaulo Fleury\u201d pela reportagem \u201cAula de dan\u00e7a traz uni\u00e3o e inclus\u00e3o social para as crian\u00e7as\u201d (http:\/\/www.jornalcruzeiro.com.br\/materia\/721943\/aula-de-danca-traz-uniao-e-inclusao-social-para-as-criancas), produzida pela Ag\u00eancia de Jornalismo da Uniso e veiculada pelo jornal Cruzeiro do Sul, em 12 de agosto.&nbsp;<\/p>\n<table cellpadding=\"0\" cellspacing=\"0\" style=\"float: right; margin-left: 1em; text-align: right;\">\n<tbody>\n<tr>\n<td style=\"text-align: center;\"><a href=\"https:\/\/1.bp.blogspot.com\/-pSYzPoI_EXY\/WDwvu0YWo6I\/AAAAAAAAFck\/Zu5dRMfxGc0r1qXh48cTcbMOl8bQuoMKwCLcB\/s1600\/Presidente%2Bda%2B%2Bda%2BASI%252C%2Ba%2Bjornalista%2BAngela%2BFiorenzo%2Be%2BEsdras%2BPereira.jpg\" style=\"clear: right; margin-bottom: 1em; margin-left: auto; margin-right: auto;\"><img loading=\"lazy\" decoding=\"async\" border=\"0\" height=\"225\" src=\"https:\/\/1.bp.blogspot.com\/-pSYzPoI_EXY\/WDwvu0YWo6I\/AAAAAAAAFck\/Zu5dRMfxGc0r1qXh48cTcbMOl8bQuoMKwCLcB\/s320\/Presidente%2Bda%2B%2Bda%2BASI%252C%2Ba%2Bjornalista%2BAngela%2BFiorenzo%2Be%2BEsdras%2BPereira.jpg\" width=\"320\" \/><\/a><\/td>\n<\/tr>\n<tr>\n<td style=\"text-align: center;\">\u00c2ngela Fiorenzo, presidente da ASI, e o aluno Esdras<\/td>\n<\/tr>\n<\/tbody>\n<\/table>\n<p><o:p><\/o:p><\/span><\/div>\n<div style=\"text-align: justify;\"><span style=\"font-family: &quot;Arial&quot;,&quot;sans-serif&quot;; font-size: 12.0pt;\">Pela segunda vez consecutiva, a Ag\u00eanciaJor\/Uniso levou o primeiro lugar na categoria \u201cestudante\u201d do Pr\u00eamio Jornal\u00edstico ASI\/SCHAEFFLER em Direitos Humanos, promovido pela Associa\u00e7\u00e3o Sorocaba de Imprensa. Em 2015, o estudante Lucas Montenegro recebeu ainda o pr\u00eamio Tim Lopes, pela melhor reportagem do ano, concorrendo com profissionais em cinco categorias.<o:p><\/o:p><\/span><\/div>\n<div style=\"text-align: justify;\"><span style=\"font-family: &quot;Arial&quot;,&quot;sans-serif&quot;; font-size: 12.0pt;\">O estudante Carlos Henrique Dias, tamb\u00e9m do oitavo per\u00edodo de Jornalismo e estagi\u00e1rio do Portal G1, ficou em segundo lugar, com a reportagem \u201cCurr\u00edculo no sinal rende emprego e garante Dia dos Pais: &#8216;Foi um presente&#8217;\u201d (http:\/\/g1.globo.com\/sao-paulo\/sorocaba-jundiai\/noticia\/2016\/08\/curriculo-no-sinal-rende-emprego-e-garante-dia-dos-pais-foi-um-presente.html).<\/p>\n<table align=\"center\" cellpadding=\"0\" cellspacing=\"0\" style=\"margin-left: auto; margin-right: auto; text-align: center;\">\n<tbody>\n<tr>\n<td style=\"text-align: center;\"><a href=\"https:\/\/1.bp.blogspot.com\/-RCaFpxzSk1k\/WDwv9UD3OGI\/AAAAAAAAFco\/ak67U_coD1cn6s4YCFVUpsmBT5xvTfvcgCLcB\/s1600\/Estudantes%2BEsdras%2BPereira%2Be%2BCarlos%2BDias%2Bcom%2Bo%2Bprofessor%2BFernando%2BNegr%25C3%25A3o%2B%25281%2529.jpg\" style=\"margin-left: auto; margin-right: auto;\"><img loading=\"lazy\" decoding=\"async\" border=\"0\" height=\"213\" src=\"https:\/\/1.bp.blogspot.com\/-RCaFpxzSk1k\/WDwv9UD3OGI\/AAAAAAAAFco\/ak67U_coD1cn6s4YCFVUpsmBT5xvTfvcgCLcB\/s320\/Estudantes%2BEsdras%2BPereira%2Be%2BCarlos%2BDias%2Bcom%2Bo%2Bprofessor%2BFernando%2BNegr%25C3%25A3o%2B%25281%2529.jpg\" width=\"320\" \/><\/a><\/td>\n<\/tr>\n<tr>\n<td style=\"text-align: center;\">Carlos (ao centro), tamb\u00e9m premiado, ficou em 2\u00ba lugar<\/td>\n<\/tr>\n<\/tbody>\n<\/table>\n<p><o:p><\/o:p><\/span><\/div>\n<div style=\"text-align: justify;\"><\/div>\n<div style=\"text-align: justify;\"><span style=\"font-family: &quot;Arial&quot;,&quot;sans-serif&quot;; font-size: 12.0pt;\"><b>Premia\u00e7\u00e3o<\/b><o:p><\/o:p><\/span><\/div>\n<div style=\"text-align: justify;\"><span style=\"font-family: &quot;Arial&quot;,&quot;sans-serif&quot;; font-size: 12.0pt;\">O Pr\u00eamio Jornal\u00edstico \u201cASI \/ SCHAEFFLER de Direitos Humanos\u201d premia as melhores mat\u00e9rias nas \u00e1reas de Jornalismo Impresso e Eletr\u00f4nico, Radiojornalismo, Telejornalismo, Fotojornalismo e Reportagem Cinematogr\u00e1fica, cujo foco seja a promo\u00e7\u00e3o dos direitos humanos e sociais. <o:p><\/o:p><\/span><\/div>\n<div style=\"text-align: justify;\"><span style=\"font-family: &quot;Arial&quot;,&quot;sans-serif&quot;; font-size: 12.0pt;\">Nas categorias Impresso e Radiojornalismo, os primeiros lugares ficaram com Larissa Pessoa (Cruzeiro do Sul) e Andr\u00e9 Fazano (Radio Cruzeiro FM), ambos egressos do curso de Jornalismo da Uniso. Outros egressos premiados foram os rep\u00f3rteres Daniela Jacinto (Cruzeiro do Sul) e Jomar Bellini (Portal G1), em segundo e terceiro lugares, respectivamente, na categoria Impresso e Eletr\u00f4nico, e Jota Abreu (TV Sorocaba\/SBT), com terceiro lugar em Telejornalismo. <o:p><\/o:p><\/span><\/div>\n<div style=\"text-align: justify;\"><span style=\"font-family: &quot;Arial&quot;,&quot;sans-serif&quot;; font-size: 12.0pt;\">Este ano, a diretoria da ASI decidiu prestar uma homenagem ao jornalista e publicit\u00e1rio Rui Albuquerque, falecido em outubro de 2015. O trof\u00e9u \u201cRui Albuquerque\u201d foi entregue ao jornalista Jos\u00e9 Desid\u00e9rio, da R\u00e1dio Ipanema, pela contribui\u00e7\u00e3o \u00e0 \u00e1rea da comunica\u00e7\u00e3o. <o:p><\/o:p><\/span><\/div>\n<div style=\"text-align: justify;\"><span style=\"font-family: &quot;Arial&quot;,&quot;sans-serif&quot;; font-size: 12.0pt;\">J\u00e1 o pr\u00eamio especial \u201cTim Lopes\u201d ficou com o cinegrafista Mois\u00e9s Soares (TV Tem Sorocaba), pela reportagem cinematogr\u00e1fica \u201cLiberta Mente\u201d.<o:p><\/o:p><\/span><\/div>\n<div style=\"text-align: justify;\"><span style=\"font-family: &quot;Arial&quot;,&quot;sans-serif&quot;; font-size: 12.0pt;\">O evento foi realizado na \u00faltima quinta-feira (24), na C\u00e2mara Municipal de Sorocaba.<o:p><\/o:p><\/span><\/div>\n<div style=\"text-align: justify;\"><\/div>\n<div style=\"text-align: justify;\"><span style=\"font-family: &quot;Arial&quot;,&quot;sans-serif&quot;; font-size: 12.0pt;\"><b>Classifica\u00e7\u00e3o<\/b><o:p><\/o:p><\/span><\/div>\n<div style=\"text-align: justify;\"><span style=\"font-family: &quot;Arial&quot;,&quot;sans-serif&quot;; font-size: 12.0pt;\">&nbsp;<\/span><span style=\"font-family: Arial, sans-serif; font-size: 12pt;\">Jornalismo Impresso ou Eletr\u00f4nico \u2013 Trof\u00e9u \u201cVitor Cioffi de Luca\u201d: 1\u00ba lugar &#8211; Larissa Pessoa (Cruzeiro do Sul), 2\u00ba lugar &#8211; Daniela Jacinto (Cruzeiro do Sul) e 3\u00ba lugar &#8211; Jomar Bellini (Portal G1).<\/span><\/div>\n<div style=\"text-align: justify;\"><span style=\"font-family: &quot;Arial&quot;,&quot;sans-serif&quot;; font-size: 12.0pt;\">Fotojornalismo \u2013 Trof\u00e9u \u201c\u00c1lvaro Zalla\u201d: 1\u00ba lugar &#8211; Fernando Rezende (Di\u00e1rio de Sorocaba), 2\u00ba lugar &#8211; Erick Pinheiro (Cruzeiro do Sul) e 3\u00ba lugar &#8211; Pedro Henrique Negr\u00e3o (Cruzeiro do Sul).<o:p><\/o:p><\/span><\/div>\n<div style=\"text-align: justify;\"><span style=\"font-family: &quot;Arial&quot;,&quot;sans-serif&quot;; font-size: 12.0pt;\">Telejornalismo \u2013 Trof\u00e9u \u201cMarcos C\u00e9sar\u201d: 1\u00ba lugar &#8211; Daniela Golfieri&nbsp; (TV Tem Sorocaba), 2\u00ba lugar &#8211; Carlos Alberto Soares (TV Tem Itapetininga) e 3\u00ba lugar &#8211; Jota Abreu (TV Sorocaba &#8211; SBT).<o:p><\/o:p><\/span><\/div>\n<div style=\"text-align: justify;\"><span style=\"font-family: &quot;Arial&quot;,&quot;sans-serif&quot;; font-size: 12.0pt;\">Reportagem Cinematogr\u00e1fica \u2013 Trof\u00e9u \u201cFreitas J\u00fanior\u201d: 1\u00ba lugar &#8211; Mois\u00e9s Soares (TV Tem Sorocaba), 2\u00ba lugar &#8211; Marcos Pinguim (TV Tem Sorocaba) e 3\u00ba lugar &#8211; Witter Veloso (TV Tem Sorocaba).<o:p><\/o:p><\/span><\/div>\n<div style=\"text-align: justify;\"><span style=\"font-family: &quot;Arial&quot;,&quot;sans-serif&quot;; font-size: 12.0pt;\">Radiojornalismo \u2013 Trof\u00e9u \u201cUlderico Am\u00eandola\u201d: 1\u00ba lugar &#8211; Andr\u00e9 Fazano (Cruzeiro FM), 2\u00ba lugar &#8211; Adriana Fratini (Band FM) e 3\u00ba lugar &#8211; Alexandre Moreto (Ipanema).<o:p><\/o:p><\/span><\/div>\n<div style=\"text-align: justify;\"><span style=\"font-family: &quot;Arial&quot;,&quot;sans-serif&quot;; font-size: 12.0pt;\">Estudante \u2013 Trof\u00e9u \u201cPaulo Fleury\u201d: 1\u00ba lugar &#8211; Esdras Felipe Pereira (Ag\u00eancia de Jornalismo Uniso\/Cruzeiro do Sul), 2\u00ba lugar &#8211; Carlos Henrique Dias (Portal G1) e 3\u00aa lugar &#8211; Fernanda Szabadi (Portal G1).<o:p><\/o:p><\/span><\/div>\n<div style=\"text-align: justify;\"><span style=\"font-family: &quot;Arial&quot;,&quot;sans-serif&quot;; font-size: 12.0pt;\"><br \/><\/span><\/div>\n<div style=\"text-align: justify;\"><span style=\"font-family: &quot;Arial&quot;,&quot;sans-serif&quot;; font-size: 12.0pt;\">Confira as fotos do evento:&nbsp;<\/span><span style=\"font-family: Arial, sans-serif;\">https:\/\/goo.gl\/NL0HWD&nbsp;<\/span><\/div>\n<div style=\"text-align: justify;\"><span style=\"color: #444444; font-family: Roboto, Helvetica, Arial, sans-serif; font-size: 13px;\"><br \/><\/span><\/div>\n<p><\/p>\n<div style=\"text-align: justify;\"><span style=\"font-family: &quot;Arial&quot;,&quot;sans-serif&quot;; font-size: 12.0pt;\"><i>Texto: Ag\u00eanciaJor\/Uniso<\/i><o:p><\/o:p><\/span><\/div>\n<div style=\"text-align: justify;\"><span style=\"font-family: &quot;Arial&quot;,&quot;sans-serif&quot;; font-size: 12.0pt;\"><i>Fotos: C\u00e2mara Municipal de Sorocaba<\/i><\/span><\/div>\n","protected":false},"excerpt":{"rendered":"<p>O estudante Esdras Felipe Pereira, do oitavo per\u00edodo de Jornalismo, recebeu o trof\u00e9u \u201cPaulo Fleury\u201d pela reportagem \u201cAula de dan\u00e7a<\/p>\n","protected":false},"author":1,"featured_media":0,"comment_status":"open","ping_status":"open","sticky":false,"template":"","format":"standard","meta":{"colormag_page_container_layout":"default_layout","colormag_page_sidebar_layout":"default_layout","footnotes":""},"categories":[1],"tags":[],"class_list":["post-377","post","type-post","status-publish","format-standard","hentry","category-uncategorized"],"featured_image_urls":{"full":"","thumbnail":"","medium":"","medium_large":"","large":"","1536x1536":"","2048x2048":"","colormag-highlighted-post":"","colormag-featured-post-medium":"","colormag-featured-post-small":"","colormag-featured-image":"","colormag-default-news":"","colormag-featured-image-large":""},"author_info":{"info":["focas"]},"category_info":"<a href=\"https:\/\/focas.uniso.br\/index.php\/category\/uncategorized\/\" rel=\"category tag\">Uncategorized<\/a>","tag_info":"Uncategorized","comment_count":"0","_links":{"self":[{"href":"https:\/\/focas.uniso.br\/index.php\/wp-json\/wp\/v2\/posts\/377","targetHints":{"allow":["GET"]}}],"collection":[{"href":"https:\/\/focas.uniso.br\/index.php\/wp-json\/wp\/v2\/posts"}],"about":[{"href":"https:\/\/focas.uniso.br\/index.php\/wp-json\/wp\/v2\/types\/post"}],"author":[{"embeddable":true,"href":"https:\/\/focas.uniso.br\/index.php\/wp-json\/wp\/v2\/users\/1"}],"replies":[{"embeddable":true,"href":"https:\/\/focas.uniso.br\/index.php\/wp-json\/wp\/v2\/comments?post=377"}],"version-history":[{"count":0,"href":"https:\/\/focas.uniso.br\/index.php\/wp-json\/wp\/v2\/posts\/377\/revisions"}],"wp:attachment":[{"href":"https:\/\/focas.uniso.br\/index.php\/wp-json\/wp\/v2\/media?parent=377"}],"wp:term":[{"taxonomy":"category","embeddable":true,"href":"https:\/\/focas.uniso.br\/index.php\/wp-json\/wp\/v2\/categories?post=377"},{"taxonomy":"post_tag","embeddable":true,"href":"https:\/\/focas.uniso.br\/index.php\/wp-json\/wp\/v2\/tags?post=377"}],"curies":[{"name":"wp","href":"https:\/\/api.w.org\/{rel}","templated":true}]}}