{"id":378,"date":"2016-11-25T17:07:00","date_gmt":"2016-11-25T17:07:00","guid":{"rendered":"http:\/\/focas.uniso.br\/index.php\/2016\/11\/25\/professora-lanca-obra-cidade-e-comunicacao\/"},"modified":"2016-11-25T17:07:00","modified_gmt":"2016-11-25T17:07:00","slug":"professora-lanca-obra-cidade-e-comunicacao","status":"publish","type":"post","link":"https:\/\/focas.uniso.br\/index.php\/2016\/11\/25\/professora-lanca-obra-cidade-e-comunicacao\/","title":{"rendered":"Professora lan\u00e7a obra Cidade e Comunica\u00e7\u00e3o"},"content":{"rendered":"<div><a href=\"https:\/\/3.bp.blogspot.com\/-eQlOfPR1kx0\/WDhvhU8xRgI\/AAAAAAAAFcQ\/0e0BTUmQG4IUCRqY9v032AM5aKljcvVdwCLcB\/s1600\/Convite_Cria1%2B%25281%2529.png\" style=\"clear: right; float: right; margin-bottom: 1em; margin-left: 1em;\"><img loading=\"lazy\" decoding=\"async\" border=\"0\" height=\"256\" src=\"https:\/\/3.bp.blogspot.com\/-eQlOfPR1kx0\/WDhvhU8xRgI\/AAAAAAAAFcQ\/0e0BTUmQG4IUCRqY9v032AM5aKljcvVdwCLcB\/s320\/Convite_Cria1%2B%25281%2529.png\" style=\"cursor: move;\" width=\"320\" \/><\/a><span style=\"font-size: 12pt;\">A professora Th\u00edfani Postali, dos cursos de Comunica\u00e7\u00e3o da Universidade de Sorocaba (Uniso), lan\u00e7a o segundo volume da obra &#8220;Cidade e Comunica\u00e7\u00e3o \u2013 a miopia sobre o mundo, outros textos e olhares&#8221;, neste s\u00e1bado, 26, \u00e0s 18h, na Livraria Nobel, em Sorocaba. A publica\u00e7\u00e3o foi produzida em parceria com o professor doutor Paulo Celso da Silva, docente do Programa de P\u00f3s-Gradua\u00e7\u00e3o em Comunica\u00e7\u00e3o e Cultura da Uniso.&nbsp;<\/span><\/div>\n<div><span style=\"font-size: 12.0pt; line-height: 115%; mso-ansi-language: PT-BR;\">O livro re\u00fane materiais publicados no jornal Cruzeiro do Sul, Gazeta de Votorantim e textos in\u00e9ditos. A inten\u00e7\u00e3o do conte\u00fado \u00e9 possibilitar olhares cr\u00edticos acerca de temas do cotidiano em rela\u00e7\u00e3o a produ\u00e7\u00f5es midi\u00e1ticas. S\u00e3o tratados temas como jornalismo, consumo, novela, publicidade, fotografia e internet. A publica\u00e7\u00e3o conta com apresenta\u00e7\u00e3o do ex-reitor da Uniso, professor Aldo Vannucchi, pref\u00e1cio do professor Marcelo de Barros Ramalho e posf\u00e1cio da professora Marli Gerenutti. <o:p><\/o:p><\/span><\/div>\n<div><span style=\"font-size: 12.0pt; line-height: 115%; mso-ansi-language: PT-BR;\">A Livraria Nobel fica na Avenida Bar\u00e3o de Tatu\u00ed, 867.<o:p><\/o:p><\/span><\/div>\n<div><\/div>\n<p><\/p>\n<div><span style=\"font-size: 12pt; line-height: 115%;\"><i>Renan Brenga (Ag\u00eanciaJor\/Uniso)<\/i><\/span><b><o:p><\/o:p><\/b><\/div>\n","protected":false},"excerpt":{"rendered":"<p>A professora Th\u00edfani Postali, dos cursos de Comunica\u00e7\u00e3o da Universidade de Sorocaba (Uniso), lan\u00e7a o segundo volume da obra &#8220;Cidade<\/p>\n","protected":false},"author":1,"featured_media":0,"comment_status":"open","ping_status":"open","sticky":false,"template":"","format":"standard","meta":{"colormag_page_container_layout":"default_layout","colormag_page_sidebar_layout":"default_layout","footnotes":""},"categories":[1],"tags":[],"class_list":["post-378","post","type-post","status-publish","format-standard","hentry","category-uncategorized"],"featured_image_urls":{"full":"","thumbnail":"","medium":"","medium_large":"","large":"","1536x1536":"","2048x2048":"","colormag-highlighted-post":"","colormag-featured-post-medium":"","colormag-featured-post-small":"","colormag-featured-image":"","colormag-default-news":"","colormag-featured-image-large":""},"author_info":{"info":["focas"]},"category_info":"<a href=\"https:\/\/focas.uniso.br\/index.php\/category\/uncategorized\/\" rel=\"category tag\">Uncategorized<\/a>","tag_info":"Uncategorized","comment_count":"0","_links":{"self":[{"href":"https:\/\/focas.uniso.br\/index.php\/wp-json\/wp\/v2\/posts\/378","targetHints":{"allow":["GET"]}}],"collection":[{"href":"https:\/\/focas.uniso.br\/index.php\/wp-json\/wp\/v2\/posts"}],"about":[{"href":"https:\/\/focas.uniso.br\/index.php\/wp-json\/wp\/v2\/types\/post"}],"author":[{"embeddable":true,"href":"https:\/\/focas.uniso.br\/index.php\/wp-json\/wp\/v2\/users\/1"}],"replies":[{"embeddable":true,"href":"https:\/\/focas.uniso.br\/index.php\/wp-json\/wp\/v2\/comments?post=378"}],"version-history":[{"count":0,"href":"https:\/\/focas.uniso.br\/index.php\/wp-json\/wp\/v2\/posts\/378\/revisions"}],"wp:attachment":[{"href":"https:\/\/focas.uniso.br\/index.php\/wp-json\/wp\/v2\/media?parent=378"}],"wp:term":[{"taxonomy":"category","embeddable":true,"href":"https:\/\/focas.uniso.br\/index.php\/wp-json\/wp\/v2\/categories?post=378"},{"taxonomy":"post_tag","embeddable":true,"href":"https:\/\/focas.uniso.br\/index.php\/wp-json\/wp\/v2\/tags?post=378"}],"curies":[{"name":"wp","href":"https:\/\/api.w.org\/{rel}","templated":true}]}}