{"id":3875,"date":"2025-08-25T09:29:32","date_gmt":"2025-08-25T12:29:32","guid":{"rendered":"https:\/\/focas.uniso.br\/?p=3875"},"modified":"2025-08-25T09:29:32","modified_gmt":"2025-08-25T12:29:32","slug":"projeto-de-alunos-de-jornalismo-sera-usado-por-instituicoes-de-sorocaba-e-regiao","status":"publish","type":"post","link":"https:\/\/focas.uniso.br\/index.php\/2025\/08\/25\/projeto-de-alunos-de-jornalismo-sera-usado-por-instituicoes-de-sorocaba-e-regiao\/","title":{"rendered":"Projeto de alunos de Jornalismo ser\u00e1 usado por institui\u00e7\u00f5es de Sorocaba e regi\u00e3o"},"content":{"rendered":"\n<p>Por Kau\u00e3 Bueno \u2013 (Ag\u00eancia Focas \u2013 Jornalismo Uniso)<\/p>\n\n\n\n<p><em>Alunos do 4\u00ba semestre de Jornalismo da Uniso ter\u00e3o seu Projeto Integrador de M\u00eddias Sonoras, disponibilizado para institui\u00e7\u00f5es de Sorocaba e cidades da regi\u00e3o, como Indaiatuba, Campinas, Salto de Pirapora e Itu. O an\u00fancio foi feito na \u00faltima sexta-feira (22).<\/em><\/p>\n\n\n\n<figure class=\"wp-block-image size-large\"><img loading=\"lazy\" decoding=\"async\" width=\"768\" height=\"1024\" src=\"https:\/\/focas.uniso.br\/wp-content\/uploads\/2025\/08\/WhatsApp-Image-2025-08-25-at-08.43.14-768x1024.jpeg\" alt=\"\" class=\"wp-image-3877\" srcset=\"https:\/\/focas.uniso.br\/wp-content\/uploads\/2025\/08\/WhatsApp-Image-2025-08-25-at-08.43.14-768x1024.jpeg 768w, https:\/\/focas.uniso.br\/wp-content\/uploads\/2025\/08\/WhatsApp-Image-2025-08-25-at-08.43.14-225x300.jpeg 225w, https:\/\/focas.uniso.br\/wp-content\/uploads\/2025\/08\/WhatsApp-Image-2025-08-25-at-08.43.14.jpeg 960w\" sizes=\"auto, (max-width: 768px) 100vw, 768px\" \/><figcaption class=\"wp-element-caption\">Professora Bianca Didoni e alunos do 4\u00b0 semestre de jornalismo da Uniso. Foto: Kau\u00e3 Bueno<\/figcaption><\/figure>\n\n\n\n<p>O material foi desenvolvido ao longo do primeiro semestre de 2025 e tem como foco a acessibilidade para pessoas com defici\u00eancia visual. Entre os conte\u00fados est\u00e3o videoclipes, reportagens e hist\u00f3rias em quadrinhos com \u00e1udiodescri\u00e7\u00e3o, al\u00e9m de produ\u00e7\u00f5es sobre fatos hist\u00f3ricos, como a morte do piloto Ayrton Senna.<\/p>\n\n\n\n<p>A novidade foi confirmada em v\u00eddeo pelo palestrante de Acessibilidade e Mobilidade Urbana, Lu\u00eds Lima, e apresentada pela professora e jornalista Bianca Didoni, orientadora do projeto.<\/p>\n\n\n\n<figure class=\"wp-block-image size-large\"><img loading=\"lazy\" decoding=\"async\" width=\"764\" height=\"1024\" src=\"https:\/\/focas.uniso.br\/wp-content\/uploads\/2025\/08\/WhatsApp-Image-2025-08-25-at-08.43.22-764x1024.jpeg\" alt=\"\" class=\"wp-image-3876\" srcset=\"https:\/\/focas.uniso.br\/wp-content\/uploads\/2025\/08\/WhatsApp-Image-2025-08-25-at-08.43.22-764x1024.jpeg 764w, https:\/\/focas.uniso.br\/wp-content\/uploads\/2025\/08\/WhatsApp-Image-2025-08-25-at-08.43.22-224x300.jpeg 224w, https:\/\/focas.uniso.br\/wp-content\/uploads\/2025\/08\/WhatsApp-Image-2025-08-25-at-08.43.22-768x1029.jpeg 768w, https:\/\/focas.uniso.br\/wp-content\/uploads\/2025\/08\/WhatsApp-Image-2025-08-25-at-08.43.22-1146x1536.jpeg 1146w, https:\/\/focas.uniso.br\/wp-content\/uploads\/2025\/08\/WhatsApp-Image-2025-08-25-at-08.43.22.jpeg 1193w\" sizes=\"auto, (max-width: 764px) 100vw, 764px\" \/><figcaption class=\"wp-element-caption\">Professora Bianca Didoni durante o an\u00fancio,  No tel\u00e3o, o palestrante Lu\u00eds Lima. Foto: Kau\u00e3 Bueno <\/figcaption><\/figure>\n\n\n\n<p>\u201cDesde o in\u00edcio apostei nesse tema, porque j\u00e1 o estudava na minha gradua\u00e7\u00e3o do mestrado, por\u00e9m ainda n\u00e3o tinha aplicado para a sociedade, nicho, popula\u00e7\u00e3o ou para uma comunidade. E atrav\u00e9s desse projeto, surgiu a oportunidade de ter uma imers\u00e3o \u00e1udiodescritiva\u201d, explica Bianca.<\/p>\n\n\n\n<p>O trabalho tamb\u00e9m contou com apresenta\u00e7\u00f5es no Audit\u00f3rio do Bloco D, na Cidade Universit\u00e1ria, com a participa\u00e7\u00e3o de pessoas com defici\u00eancia visual e aberto ao p\u00fablico em geral.<\/p>\n\n\n\n<p>Segundo Bianca, parte do material ser\u00e1 disponibilizada a entidades da regi\u00e3o, como a Associa\u00e7\u00e3o Sorocabana de Amparo a Pessoas Cegas (ASAC). \u201c<\/p>\n\n\n\n<p>\u201c\u00c9 um motivo de muita alegria, quando o Lu\u00eds, um professor e palestrante com baixa vis\u00e3o e defensor da causa de acessibilidade urbana e da informa\u00e7\u00e3o, reconhece o projeto e faz esse convite\u201d, destaca.<\/p>\n","protected":false},"excerpt":{"rendered":"<p>Por Kau\u00e3 Bueno \u2013 (Ag\u00eancia Focas \u2013 Jornalismo Uniso) Alunos do 4\u00ba semestre de Jornalismo da Uniso ter\u00e3o seu Projeto<\/p>\n","protected":false},"author":1,"featured_media":0,"comment_status":"open","ping_status":"open","sticky":false,"template":"","format":"standard","meta":{"colormag_page_container_layout":"default_layout","colormag_page_sidebar_layout":"default_layout","footnotes":""},"categories":[15,9,37,14],"tags":[30,41,29,28],"class_list":["post-3875","post","type-post","status-publish","format-standard","hentry","category-jornalismo","category-jornalismo-online","category-sorocaba","category-uniso","tag-focas","tag-focas-na-rede","tag-jornalismo","tag-uniso"],"featured_image_urls":{"full":"","thumbnail":"","medium":"","medium_large":"","large":"","1536x1536":"","2048x2048":"","colormag-highlighted-post":"","colormag-featured-post-medium":"","colormag-featured-post-small":"","colormag-featured-image":"","colormag-default-news":"","colormag-featured-image-large":""},"author_info":{"info":["focas"]},"category_info":"<a href=\"https:\/\/focas.uniso.br\/index.php\/category\/jornalismo\/\" rel=\"category tag\">Jornalismo<\/a> <a href=\"https:\/\/focas.uniso.br\/index.php\/category\/jornalismo-online\/\" rel=\"category tag\">jornalismo online<\/a> <a href=\"https:\/\/focas.uniso.br\/index.php\/category\/sorocaba\/\" rel=\"category tag\">Sorocaba<\/a> <a href=\"https:\/\/focas.uniso.br\/index.php\/category\/uniso\/\" rel=\"category tag\">Uniso<\/a>","tag_info":"Uniso","comment_count":"0","_links":{"self":[{"href":"https:\/\/focas.uniso.br\/index.php\/wp-json\/wp\/v2\/posts\/3875","targetHints":{"allow":["GET"]}}],"collection":[{"href":"https:\/\/focas.uniso.br\/index.php\/wp-json\/wp\/v2\/posts"}],"about":[{"href":"https:\/\/focas.uniso.br\/index.php\/wp-json\/wp\/v2\/types\/post"}],"author":[{"embeddable":true,"href":"https:\/\/focas.uniso.br\/index.php\/wp-json\/wp\/v2\/users\/1"}],"replies":[{"embeddable":true,"href":"https:\/\/focas.uniso.br\/index.php\/wp-json\/wp\/v2\/comments?post=3875"}],"version-history":[{"count":1,"href":"https:\/\/focas.uniso.br\/index.php\/wp-json\/wp\/v2\/posts\/3875\/revisions"}],"predecessor-version":[{"id":3878,"href":"https:\/\/focas.uniso.br\/index.php\/wp-json\/wp\/v2\/posts\/3875\/revisions\/3878"}],"wp:attachment":[{"href":"https:\/\/focas.uniso.br\/index.php\/wp-json\/wp\/v2\/media?parent=3875"}],"wp:term":[{"taxonomy":"category","embeddable":true,"href":"https:\/\/focas.uniso.br\/index.php\/wp-json\/wp\/v2\/categories?post=3875"},{"taxonomy":"post_tag","embeddable":true,"href":"https:\/\/focas.uniso.br\/index.php\/wp-json\/wp\/v2\/tags?post=3875"}],"curies":[{"name":"wp","href":"https:\/\/api.w.org\/{rel}","templated":true}]}}