{"id":3879,"date":"2025-08-25T18:23:02","date_gmt":"2025-08-25T21:23:02","guid":{"rendered":"https:\/\/focas.uniso.br\/?p=3879"},"modified":"2025-08-25T18:23:02","modified_gmt":"2025-08-25T21:23:02","slug":"fenaj-convoca-sindicatos-e-jornalistas-para-acoes-em-defesa-de-colegas-palestinos","status":"publish","type":"post","link":"https:\/\/focas.uniso.br\/index.php\/2025\/08\/25\/fenaj-convoca-sindicatos-e-jornalistas-para-acoes-em-defesa-de-colegas-palestinos\/","title":{"rendered":"FENAJ convoca Sindicatos e jornalistas para a\u00e7\u00f5es em defesa de colegas palestinos"},"content":{"rendered":"\n<p>Por FENAJ<\/p>\n\n\n\n<figure class=\"wp-block-image size-large\"><img loading=\"lazy\" decoding=\"async\" width=\"1024\" height=\"453\" src=\"https:\/\/focas.uniso.br\/wp-content\/uploads\/2025\/08\/IMG_1807-1024x453.jpeg\" alt=\"\" class=\"wp-image-3880\" srcset=\"https:\/\/focas.uniso.br\/wp-content\/uploads\/2025\/08\/IMG_1807-1024x453.jpeg 1024w, https:\/\/focas.uniso.br\/wp-content\/uploads\/2025\/08\/IMG_1807-300x133.jpeg 300w, https:\/\/focas.uniso.br\/wp-content\/uploads\/2025\/08\/IMG_1807-768x340.jpeg 768w, https:\/\/focas.uniso.br\/wp-content\/uploads\/2025\/08\/IMG_1807.jpeg 1170w\" sizes=\"auto, (max-width: 1024px) 100vw, 1024px\" \/><figcaption class=\"wp-element-caption\">Foto: FENAJ<\/figcaption><\/figure>\n\n\n\n<p>A Federa\u00e7\u00e3o Nacional dos Jornalistas (FENAJ) lan\u00e7ou nesta segunda-feira (25\/08) uma convoca\u00e7\u00e3o a seus 31 Sindicatos filiados e a toda a categoria para a realiza\u00e7\u00e3o de a\u00e7\u00f5es locais em defesa dos jornalistas palestinos e em mem\u00f3ria dos que foram assassinados pelas for\u00e7as do Estado de Israel.<\/p>\n\n\n\n<p>O alerta da FENAJ ocorre em meio a um cen\u00e1rio de genoc\u00eddio em curso na Faixa de Gaza, que j\u00e1 dura quase dois anos. Segundo relatos de organiza\u00e7\u00f5es internacionais, dezenas de milhares de palestinos foram mortos, e o territ\u00f3rio sofreu devasta\u00e7\u00e3o total, incluindo destrui\u00e7\u00e3o de hospitais e bloqueio \u00e0 ajuda humanit\u00e1ria, o que compromete a sobreviv\u00eancia da popula\u00e7\u00e3o local.<\/p>\n\n\n\n<p>O trabalho jornal\u00edstico na regi\u00e3o tornou-se ainda mais arriscado. Gaza est\u00e1 praticamente fechada \u00e0 imprensa internacional, enquanto jornalistas palestinos s\u00e3o deliberadamente alvos das for\u00e7as armadas. Um dos epis\u00f3dios mais graves ocorreu em 10 de agosto, quando cinco profissionais da rede Al-Jazeera, liderados pelo jornalista Anas al-Sharif, foram mortos em uma barraca claramente identificada como posto de imprensa.<\/p>\n\n\n\n<p>Levantamento da Federa\u00e7\u00e3o Internacional dos Jornalistas (FIJ), em parceria com o Sindicato dos Jornalistas da Palestina, aponta que&nbsp;<strong>mais de 200 jornalistas palestinos foram assassinados desde 2023<\/strong>, n\u00famero que inclui profissionais em diferentes fun\u00e7\u00f5es da comunica\u00e7\u00e3o.<\/p>\n\n\n\n<p>Para a FENAJ, o massacre n\u00e3o pode ser ignorado. \u201cO assassinato de mais de 200 jornalistas equivaleria, no Brasil, ao desaparecimento de reda\u00e7\u00f5es inteiras de grande porte. A barb\u00e1rie n\u00e3o pode ser normalizada\u201d, destaca a entidade.<\/p>\n\n\n\n<h3 class=\"wp-block-heading\">Mobiliza\u00e7\u00f5es internacionais<\/h3>\n\n\n\n<p>A FIJ tamb\u00e9m tem registrado um aumento nas iniciativas de solidariedade em todo o mundo, incluindo atos p\u00fablicos, manifesta\u00e7\u00f5es e divulga\u00e7\u00e3o de materiais de imprensa denunciando os assassinatos. A entidade orienta ainda que o&nbsp;<strong>Fundo de Seguran\u00e7a da FIJ<\/strong>, destinado ao Sindicato dos Jornalistas Palestinos (PJS), seja apoiado, evitando men\u00e7\u00f5es diretas a \u201cGaza\u201d nas transfer\u00eancias banc\u00e1rias para evitar bloqueios.<\/p>\n\n\n\n<p>Novas manifesta\u00e7\u00f5es est\u00e3o previstas para cidades como&nbsp;<strong>Bruxelas, Londres e Dublin<\/strong>, somando-se a a\u00e7\u00f5es j\u00e1 realizadas em&nbsp;<strong>Su\u00e9cia, Om\u00e3, Egito, Austr\u00e1lia, Espanha, Turquia e Eslov\u00e1quia<\/strong>. A FIJ recomenda o uso da hashtag&nbsp;<strong>#SupportPalestinianJournalists<\/strong>nas redes sociais e o envio de registros audiovisuais \u00e0 entidade.<\/p>\n\n\n\n<p>Nesta segunda-feira, uma a\u00e7\u00e3o simb\u00f3lica coordenada pela organiza\u00e7\u00e3o&nbsp;<strong>Avaaz<\/strong>envolver\u00e1 ve\u00edculos de comunica\u00e7\u00e3o de diferentes pa\u00edses publicando p\u00e1ginas em branco ou telas pretas em homenagem aos jornalistas palestinos assassinados.<\/p>\n\n\n\n<p>A FENAJ refor\u00e7a ainda a proposta de realiza\u00e7\u00e3o de um&nbsp;<strong>Dia Internacional em Defesa dos Jornalistas Palestinos<\/strong>, com paralisa\u00e7\u00e3o de uma hora do trabalho jornal\u00edstico em todo o mundo, em solidariedade \u00e0s v\u00edtimas e pelo fim do genoc\u00eddio.<\/p>\n","protected":false},"excerpt":{"rendered":"<p>Por FENAJ A Federa\u00e7\u00e3o Nacional dos Jornalistas (FENAJ) lan\u00e7ou nesta segunda-feira (25\/08) uma convoca\u00e7\u00e3o a seus 31 Sindicatos filiados e<\/p>\n","protected":false},"author":1,"featured_media":0,"comment_status":"open","ping_status":"open","sticky":false,"template":"","format":"standard","meta":{"colormag_page_container_layout":"default_layout","colormag_page_sidebar_layout":"default_layout","footnotes":""},"categories":[15,9,37,14],"tags":[88,30,29,28],"class_list":["post-3879","post","type-post","status-publish","format-standard","hentry","category-jornalismo","category-jornalismo-online","category-sorocaba","category-uniso","tag-fenaj","tag-focas","tag-jornalismo","tag-uniso"],"featured_image_urls":{"full":"","thumbnail":"","medium":"","medium_large":"","large":"","1536x1536":"","2048x2048":"","colormag-highlighted-post":"","colormag-featured-post-medium":"","colormag-featured-post-small":"","colormag-featured-image":"","colormag-default-news":"","colormag-featured-image-large":""},"author_info":{"info":["focas"]},"category_info":"<a href=\"https:\/\/focas.uniso.br\/index.php\/category\/jornalismo\/\" rel=\"category tag\">Jornalismo<\/a> <a href=\"https:\/\/focas.uniso.br\/index.php\/category\/jornalismo-online\/\" rel=\"category tag\">jornalismo online<\/a> <a href=\"https:\/\/focas.uniso.br\/index.php\/category\/sorocaba\/\" rel=\"category tag\">Sorocaba<\/a> <a href=\"https:\/\/focas.uniso.br\/index.php\/category\/uniso\/\" rel=\"category tag\">Uniso<\/a>","tag_info":"Uniso","comment_count":"0","_links":{"self":[{"href":"https:\/\/focas.uniso.br\/index.php\/wp-json\/wp\/v2\/posts\/3879","targetHints":{"allow":["GET"]}}],"collection":[{"href":"https:\/\/focas.uniso.br\/index.php\/wp-json\/wp\/v2\/posts"}],"about":[{"href":"https:\/\/focas.uniso.br\/index.php\/wp-json\/wp\/v2\/types\/post"}],"author":[{"embeddable":true,"href":"https:\/\/focas.uniso.br\/index.php\/wp-json\/wp\/v2\/users\/1"}],"replies":[{"embeddable":true,"href":"https:\/\/focas.uniso.br\/index.php\/wp-json\/wp\/v2\/comments?post=3879"}],"version-history":[{"count":1,"href":"https:\/\/focas.uniso.br\/index.php\/wp-json\/wp\/v2\/posts\/3879\/revisions"}],"predecessor-version":[{"id":3881,"href":"https:\/\/focas.uniso.br\/index.php\/wp-json\/wp\/v2\/posts\/3879\/revisions\/3881"}],"wp:attachment":[{"href":"https:\/\/focas.uniso.br\/index.php\/wp-json\/wp\/v2\/media?parent=3879"}],"wp:term":[{"taxonomy":"category","embeddable":true,"href":"https:\/\/focas.uniso.br\/index.php\/wp-json\/wp\/v2\/categories?post=3879"},{"taxonomy":"post_tag","embeddable":true,"href":"https:\/\/focas.uniso.br\/index.php\/wp-json\/wp\/v2\/tags?post=3879"}],"curies":[{"name":"wp","href":"https:\/\/api.w.org\/{rel}","templated":true}]}}