{"id":3926,"date":"2025-08-29T12:51:14","date_gmt":"2025-08-29T15:51:14","guid":{"rendered":"https:\/\/focas.uniso.br\/?p=3926"},"modified":"2025-08-29T13:22:51","modified_gmt":"2025-08-29T16:22:51","slug":"tedx-uniso-2025-reune-grandes-nomes-para-discutir-o-futuro-de-sorocaba","status":"publish","type":"post","link":"https:\/\/focas.uniso.br\/index.php\/2025\/08\/29\/tedx-uniso-2025-reune-grandes-nomes-para-discutir-o-futuro-de-sorocaba\/","title":{"rendered":"TEDx Uniso 2025 re\u00fane grandes nomes para discutir o futuro de Sorocaba"},"content":{"rendered":"\n<p>Por Beatriz Lippi (Ag\u00eancia Focas &#8211; Jornalismo Uniso) <\/p>\n\n\n\n<figure class=\"wp-block-image size-large\"><img loading=\"lazy\" decoding=\"async\" width=\"1024\" height=\"682\" src=\"https:\/\/focas.uniso.br\/wp-content\/uploads\/2025\/08\/Imagem-do-WhatsApp-de-2025-08-29-as-12.46.22_de5f5caa-1024x682.jpg\" alt=\"\" class=\"wp-image-3927\" srcset=\"https:\/\/focas.uniso.br\/wp-content\/uploads\/2025\/08\/Imagem-do-WhatsApp-de-2025-08-29-as-12.46.22_de5f5caa-1024x682.jpg 1024w, https:\/\/focas.uniso.br\/wp-content\/uploads\/2025\/08\/Imagem-do-WhatsApp-de-2025-08-29-as-12.46.22_de5f5caa-300x200.jpg 300w, https:\/\/focas.uniso.br\/wp-content\/uploads\/2025\/08\/Imagem-do-WhatsApp-de-2025-08-29-as-12.46.22_de5f5caa-768x512.jpg 768w, https:\/\/focas.uniso.br\/wp-content\/uploads\/2025\/08\/Imagem-do-WhatsApp-de-2025-08-29-as-12.46.22_de5f5caa.jpg 1264w\" sizes=\"auto, (max-width: 1024px) 100vw, 1024px\" \/><figcaption class=\"wp-element-caption\">TEDx Uniso 2024 &#8211; \nFoto: Rafaela Budemberg<\/figcaption><\/figure>\n\n\n\n<p>A Universidade de Sorocaba (Uniso) promove no dia 16 de setembro a quarta edi\u00e7\u00e3o do TEDx Uniso, que neste ano traz o tema \u201cReimaginando o Futuro de Sorocaba\u201d. O evento acontece no Audit\u00f3rio F da Cidade Universit\u00e1ria Professor Aldo Vannucchi, das 19h \u00e0s 22h (com credenciamento a partir das 18h).&nbsp;<\/p>\n\n\n\n<p>O TEDx \u00e9 um programa criado para ajudar comunidades, organiza\u00e7\u00f5es e indiv\u00edduos a promoverem eventos no mesmo formato das confer\u00eancias internacionais TED. Esses encontros, organizados de forma independente, combinam palestras presenciais e v\u00eddeos de TED Talks, despertando di\u00e1logos e conex\u00f5es regionais.<\/p>\n\n\n\n<p>A proposta surgiu em 2009 e, desde ent\u00e3o, j\u00e1 foram realizados mais de 3.600 eventos em todo o mundo, com mais de 20 mil ideias compartilhadas. O \u201cX\u201d no nome simboliza independ\u00eancia e localiza\u00e7\u00e3o, permitindo que cada comunidade adapte o evento \u00e0 sua realidade. J\u00e1 o TED, organiza\u00e7\u00e3o sem fins lucrativos, \u00e9 reconhecido mundialmente por suas palestras curtas e impactantes sobre tecnologia, entretenimento, design, pol\u00edtica, educa\u00e7\u00e3o e sa\u00fade.<\/p>\n\n\n\n<p>Em Sorocaba, a Uniso \u00e9 licenciada pela marca e realiza o evento desde 2019. No ano passado, a edi\u00e7\u00e3o reuniu nomes como Carol Paiffer, Gustavo Borges, Martha Gabriel e Phelipe Siani.<\/p>\n\n\n\n<h3 class=\"wp-block-heading\"><strong>Palestrantes deste ano<\/strong><\/h3>\n\n\n\n<p>A edi\u00e7\u00e3o 2025 contar\u00e1 com convidados de diferentes \u00e1reas, trazendo m\u00faltiplas vis\u00f5es sobre inova\u00e7\u00e3o, criatividade e futuro:<\/p>\n\n\n\n<ul class=\"wp-block-list\">\n<li><strong>Beatriz Souza<\/strong> \u2013 primeira judoca brasileira a conquistar o ouro ol\u00edmpico em sua categoria, nos Jogos de Paris 2024.<br><\/li>\n\n\n\n<li><strong>Chef Otto<\/strong> \u2013 influenciador gastron\u00f4mico conhecido por suas receitas pr\u00e1ticas e pelo estilo descomplicado de cozinhar.<br><\/li>\n\n\n\n<li><strong>Thais Linares<\/strong> \u2013 influenciadora digital sorocabana, que lan\u00e7ou em 2024 sua pr\u00f3pria marca de cosm\u00e9ticos, a ThaBeauty.<br><\/li>\n\n\n\n<li><strong>Elisa Veeck<\/strong> \u2013 jornalista formada no ensino p\u00fablico, \u00e2ncora da CNN Brasil.<br><\/li>\n\n\n\n<li><strong>Leticia Vidica<\/strong> \u2013 rep\u00f3rter da TV Globo e co-fundadora do coletivo \u201cHerdeiras de Gl\u00f3ria Maria\u201d, dedicado \u00e0 promo\u00e7\u00e3o da diversidade e inclus\u00e3o.<br><\/li>\n\n\n\n<li><strong>Rodolfo Furlan Damiano<\/strong> \u2013 psiquiatra, PhD, autor e pesquisador em sa\u00fade mental e preven\u00e7\u00e3o ao suic\u00eddio.<br><\/li>\n\n\n\n<li><strong>Camila Achutti<\/strong> \u2013 especialista em tecnologias emergentes, eleita pela Forbes como um dos cinco talentos brasileiros em tecnologia com menos de 30 anos.<br><\/li>\n<\/ul>\n\n\n\n<p>Os ingressos para a edi\u00e7\u00e3o 2025 est\u00e3o no terceiro lote, dispon\u00edveis exclusivamente pelo Sympla: <a href=\"https:\/\/www.sympla.com.br\/evento\/tedx-uniso-reimaginando-o-futuro-edicao-2025\/2975426?referrer=www.google.com \">https:\/\/www.sympla.com.br\/evento\/tedx-uniso-reimaginando-o-futuro-edicao-2025\/2975426?referrer=www.google.com <\/a><\/p>\n\n\n\n<h2 class=\"wp-block-heading\"><strong>Fotos do TEDxUniso 2024: <\/strong><\/h2>\n\n\n\n<figure class=\"wp-block-gallery has-nested-images columns-default is-cropped wp-block-gallery-1 is-layout-flex wp-block-gallery-is-layout-flex\">\n<figure class=\"wp-block-image size-large\"><img loading=\"lazy\" decoding=\"async\" width=\"1024\" height=\"682\" data-id=\"3930\" src=\"https:\/\/focas.uniso.br\/wp-content\/uploads\/2025\/08\/Imagem-do-WhatsApp-de-2025-08-29-as-13.22.17_d8b13610-1024x682.jpg\" alt=\"\" class=\"wp-image-3930\" srcset=\"https:\/\/focas.uniso.br\/wp-content\/uploads\/2025\/08\/Imagem-do-WhatsApp-de-2025-08-29-as-13.22.17_d8b13610-1024x682.jpg 1024w, https:\/\/focas.uniso.br\/wp-content\/uploads\/2025\/08\/Imagem-do-WhatsApp-de-2025-08-29-as-13.22.17_d8b13610-300x200.jpg 300w, https:\/\/focas.uniso.br\/wp-content\/uploads\/2025\/08\/Imagem-do-WhatsApp-de-2025-08-29-as-13.22.17_d8b13610-768x512.jpg 768w, https:\/\/focas.uniso.br\/wp-content\/uploads\/2025\/08\/Imagem-do-WhatsApp-de-2025-08-29-as-13.22.17_d8b13610.jpg 1280w\" sizes=\"auto, (max-width: 1024px) 100vw, 1024px\" \/><figcaption class=\"wp-element-caption\">Foto: Rafaela Budemberg<\/figcaption><\/figure>\n\n\n\n<figure class=\"wp-block-image size-large\"><img loading=\"lazy\" decoding=\"async\" width=\"1024\" height=\"682\" data-id=\"3931\" src=\"https:\/\/focas.uniso.br\/wp-content\/uploads\/2025\/08\/Imagem-do-WhatsApp-de-2025-08-29-as-13.22.17_f9ffe7ff-1024x682.jpg\" alt=\"\" class=\"wp-image-3931\" srcset=\"https:\/\/focas.uniso.br\/wp-content\/uploads\/2025\/08\/Imagem-do-WhatsApp-de-2025-08-29-as-13.22.17_f9ffe7ff-1024x682.jpg 1024w, https:\/\/focas.uniso.br\/wp-content\/uploads\/2025\/08\/Imagem-do-WhatsApp-de-2025-08-29-as-13.22.17_f9ffe7ff-300x200.jpg 300w, https:\/\/focas.uniso.br\/wp-content\/uploads\/2025\/08\/Imagem-do-WhatsApp-de-2025-08-29-as-13.22.17_f9ffe7ff-768x512.jpg 768w, https:\/\/focas.uniso.br\/wp-content\/uploads\/2025\/08\/Imagem-do-WhatsApp-de-2025-08-29-as-13.22.17_f9ffe7ff.jpg 1280w\" sizes=\"auto, (max-width: 1024px) 100vw, 1024px\" \/><figcaption class=\"wp-element-caption\">Foto: Rafaela Budemberg<\/figcaption><\/figure>\n\n\n\n<figure class=\"wp-block-image size-large\"><img loading=\"lazy\" decoding=\"async\" width=\"1024\" height=\"682\" data-id=\"3932\" src=\"https:\/\/focas.uniso.br\/wp-content\/uploads\/2025\/08\/Imagem-do-WhatsApp-de-2025-08-29-as-13.22.16_13027536-1024x682.jpg\" alt=\"\" class=\"wp-image-3932\" srcset=\"https:\/\/focas.uniso.br\/wp-content\/uploads\/2025\/08\/Imagem-do-WhatsApp-de-2025-08-29-as-13.22.16_13027536-1024x682.jpg 1024w, https:\/\/focas.uniso.br\/wp-content\/uploads\/2025\/08\/Imagem-do-WhatsApp-de-2025-08-29-as-13.22.16_13027536-300x200.jpg 300w, https:\/\/focas.uniso.br\/wp-content\/uploads\/2025\/08\/Imagem-do-WhatsApp-de-2025-08-29-as-13.22.16_13027536-768x512.jpg 768w, https:\/\/focas.uniso.br\/wp-content\/uploads\/2025\/08\/Imagem-do-WhatsApp-de-2025-08-29-as-13.22.16_13027536.jpg 1280w\" sizes=\"auto, (max-width: 1024px) 100vw, 1024px\" \/><figcaption class=\"wp-element-caption\">Foto: Rafaela Budemberg<\/figcaption><\/figure>\n\n\n\n<figure class=\"wp-block-image size-large\"><img loading=\"lazy\" decoding=\"async\" width=\"1024\" height=\"682\" data-id=\"3933\" src=\"https:\/\/focas.uniso.br\/wp-content\/uploads\/2025\/08\/Imagem-do-WhatsApp-de-2025-08-29-as-13.22.16_e02e05d3-1024x682.jpg\" alt=\"\" class=\"wp-image-3933\" srcset=\"https:\/\/focas.uniso.br\/wp-content\/uploads\/2025\/08\/Imagem-do-WhatsApp-de-2025-08-29-as-13.22.16_e02e05d3-1024x682.jpg 1024w, https:\/\/focas.uniso.br\/wp-content\/uploads\/2025\/08\/Imagem-do-WhatsApp-de-2025-08-29-as-13.22.16_e02e05d3-300x200.jpg 300w, https:\/\/focas.uniso.br\/wp-content\/uploads\/2025\/08\/Imagem-do-WhatsApp-de-2025-08-29-as-13.22.16_e02e05d3-768x512.jpg 768w, https:\/\/focas.uniso.br\/wp-content\/uploads\/2025\/08\/Imagem-do-WhatsApp-de-2025-08-29-as-13.22.16_e02e05d3.jpg 1280w\" sizes=\"auto, (max-width: 1024px) 100vw, 1024px\" \/><figcaption class=\"wp-element-caption\">Foto: Rafaela Budemberg<\/figcaption><\/figure>\n<\/figure>\n","protected":false},"excerpt":{"rendered":"<p>Por Beatriz Lippi (Ag\u00eancia Focas &#8211; Jornalismo Uniso) A Universidade de Sorocaba (Uniso) promove no dia 16 de setembro a<\/p>\n","protected":false},"author":1,"featured_media":0,"comment_status":"open","ping_status":"open","sticky":false,"template":"","format":"standard","meta":{"colormag_page_container_layout":"default_layout","colormag_page_sidebar_layout":"default_layout","footnotes":""},"categories":[15,9,37,14],"tags":[30,41,29,28],"class_list":["post-3926","post","type-post","status-publish","format-standard","hentry","category-jornalismo","category-jornalismo-online","category-sorocaba","category-uniso","tag-focas","tag-focas-na-rede","tag-jornalismo","tag-uniso"],"featured_image_urls":{"full":"","thumbnail":"","medium":"","medium_large":"","large":"","1536x1536":"","2048x2048":"","colormag-highlighted-post":"","colormag-featured-post-medium":"","colormag-featured-post-small":"","colormag-featured-image":"","colormag-default-news":"","colormag-featured-image-large":""},"author_info":{"info":["focas"]},"category_info":"<a href=\"https:\/\/focas.uniso.br\/index.php\/category\/jornalismo\/\" rel=\"category tag\">Jornalismo<\/a> <a href=\"https:\/\/focas.uniso.br\/index.php\/category\/jornalismo-online\/\" rel=\"category tag\">jornalismo online<\/a> <a href=\"https:\/\/focas.uniso.br\/index.php\/category\/sorocaba\/\" rel=\"category tag\">Sorocaba<\/a> <a href=\"https:\/\/focas.uniso.br\/index.php\/category\/uniso\/\" rel=\"category tag\">Uniso<\/a>","tag_info":"Uniso","comment_count":"0","_links":{"self":[{"href":"https:\/\/focas.uniso.br\/index.php\/wp-json\/wp\/v2\/posts\/3926","targetHints":{"allow":["GET"]}}],"collection":[{"href":"https:\/\/focas.uniso.br\/index.php\/wp-json\/wp\/v2\/posts"}],"about":[{"href":"https:\/\/focas.uniso.br\/index.php\/wp-json\/wp\/v2\/types\/post"}],"author":[{"embeddable":true,"href":"https:\/\/focas.uniso.br\/index.php\/wp-json\/wp\/v2\/users\/1"}],"replies":[{"embeddable":true,"href":"https:\/\/focas.uniso.br\/index.php\/wp-json\/wp\/v2\/comments?post=3926"}],"version-history":[{"count":3,"href":"https:\/\/focas.uniso.br\/index.php\/wp-json\/wp\/v2\/posts\/3926\/revisions"}],"predecessor-version":[{"id":3934,"href":"https:\/\/focas.uniso.br\/index.php\/wp-json\/wp\/v2\/posts\/3926\/revisions\/3934"}],"wp:attachment":[{"href":"https:\/\/focas.uniso.br\/index.php\/wp-json\/wp\/v2\/media?parent=3926"}],"wp:term":[{"taxonomy":"category","embeddable":true,"href":"https:\/\/focas.uniso.br\/index.php\/wp-json\/wp\/v2\/categories?post=3926"},{"taxonomy":"post_tag","embeddable":true,"href":"https:\/\/focas.uniso.br\/index.php\/wp-json\/wp\/v2\/tags?post=3926"}],"curies":[{"name":"wp","href":"https:\/\/api.w.org\/{rel}","templated":true}]}}