{"id":3938,"date":"2025-09-02T09:30:56","date_gmt":"2025-09-02T12:30:56","guid":{"rendered":"https:\/\/focas.uniso.br\/?p=3938"},"modified":"2025-09-02T09:30:56","modified_gmt":"2025-09-02T12:30:56","slug":"carater-mediunico","status":"publish","type":"post","link":"https:\/\/focas.uniso.br\/index.php\/2025\/09\/02\/carater-mediunico\/","title":{"rendered":"Car\u00e1ter Medi\u00fanico"},"content":{"rendered":"\n<p><strong>Car\u00e1ter Medi\u00fanico<\/strong><\/p>\n\n\n\n<p><em>\u201cE com aquelas poucas palavras ele formou minha vida inteira, tudo, o meu eu e quem sou. O Maravilhoso, onividente, onisciente Harry, meu pai. Isso faz tanto tempo. Harry morreu h\u00e1 anos. Mas as li\u00e7\u00f5es que me deu continuam vivas. N\u00e3o por causa de qualquer sentimento meu, caloroso e grudento. Mas porque ele tinha raz\u00e3o. Provei isso v\u00e1rias vezes seguidas. Harry sabia, me aconselhou com sabedoria. Tome cuidado, ele disse. E me ensinou a tomar cuidado.\u201d<\/em><\/p>\n\n\n\n<p>Esse poderia ser somente um trecho do livro <strong><em>Dexter, a m\u00e3o esquerda de Deus<\/em><\/strong>, \u2014que deu origem \u00e0 famosa s\u00e9rie do \u201cassassino de assassinos\u201d \u2014 no qual o personagem comenta sobre a rela\u00e7\u00e3o com seu pai Harry Morgan. Mas ele me fez recordar uma mem\u00f3ria minha: a rela\u00e7\u00e3o com meu PAI de Santo Natanael Vaz de Almeida, o famoso \u201cSeu Nata\u201d, aquele que formou meu <strong><em>Car\u00e1ter Medi\u00fanico<\/em><\/strong>.<\/p>\n\n\n\n<p>N\u00e3o sei se o conceito existe, optei por n\u00e3o pesquisar para n\u00e3o influenciar minha escrita. Mas minha rela\u00e7\u00e3o com Seu Nata come\u00e7ou em maio de 2006, quando eu estava procurando um terreiro de Umbanda para desenvolver minha mediunidade. Foi amor \u00e0 primeira vista entre mim e aquele grande homem negro de 1,90 m de altura. Ao pisar naquele ch\u00e3o, algo me disse: <em>aqui \u00e9 o seu lugar<\/em>.<\/p>\n\n\n\n<p>E esse amor n\u00e3o era somente pelas nossas semelhan\u00e7as espirituais \u2014 nossos Orix\u00e1s eram os mesmos e eu incorporo muitas entidades que ele tamb\u00e9m carregava \u2014 mas, principalmente, pela pessoa que ele era.<\/p>\n\n\n\n<p>O m\u00eas de agosto, que acabou h\u00e1 poucos dias, inlcui uma data dolorida para mim, mas explica a minha rela\u00e7\u00e3o com Seu Nata: o Dia dos Pais. N\u00e3o conheci o meu pai biol\u00f3gico, ele faleceu quando eu tinha apenas 4 anos de idade e minha m\u00e3e faleceu no ano seguinte. N\u00e3o tenho nenhuma lembran\u00e7a dos dois.<\/p>\n\n\n\n<p>E por qual motivo o trecho do livro sobre Dexter Morgan me fez lembrar do Seu Nata? Um dia, por volta dos meus 24 anos, eu estava um pouco revoltado com a vida por n\u00e3o ter um pai. Nessa \u00e9poca, Seu Nata, com seus quase 80 anos, durante um jogo de b\u00fazios, ap\u00f3s ouvir meus lamentos, me disse: \u201c<em>m\u00e3e, talvez voc\u00ea possa n\u00e3o ter, mas pai voc\u00ea sempre vai ter um aqui, e sou eu<\/em>\u201d.<\/p>\n\n\n\n<p>Sua passagem foi muito dolorida para mim, sofri como se realmente tivesse perdido um pai, um mentor, um mestre. Me lembro que, ao chegar em sua casa um dia e n\u00e3o o ver me esperando, sorrindo ou me perguntando como andava o nosso Corinthians \u2014 o cardiologista o havia proibido de assistir aos jogos de nosso time, por isso ele assistia somente os \u00faltimos 5 ou 10 minutos \u2014 senti que algo estava errado. Seus filhos, sabendo de nossa liga\u00e7\u00e3o, rodearam bastante para me contar que ele havia passado mal e estava internado.<\/p>\n\n\n\n<p>Ao receber a not\u00edcia, minha espiritualidade j\u00e1 falou em meus ouvidos aquilo que eu jamais gostaria de ouvir, mas por conta da minha evolu\u00e7\u00e3o espiritual oriunda dos ensinamentos de Seu Nata, assimilei: ele n\u00e3o vai voltar.<\/p>\n\n\n\n<p>Fui visit\u00e1-lo. E mesmo em um leito de UTI, em uma situa\u00e7\u00e3o bem prec\u00e1ria, ele n\u00e3o deixou de demonstrar carinho com os seus: \u201c<em>Rafa, eu n\u00e3o estou muito bem, ent\u00e3o fala com o pessoal do terreiro para cancelarmos o trabalho desse s\u00e1bado. No outro j\u00e1 vou estar bem, a\u00ed fazemos o trabalho. N\u00e3o deixe de avisar ningu\u00e9m, viu!<\/em>\u201d Mesmo naquela situa\u00e7\u00e3o ele estava preocupado para que nenhum m\u00e9dium ou visitante ficasse sem amparo. Que <strong>li\u00e7\u00e3o<\/strong> linda.<\/p>\n\n\n\n<p>Para mim, foi muito dif\u00edcil, pois internamente eu sabia que n\u00e3o ter\u00edamos mais trabalhos sob seu comando. Respirei fundo, segurei ao m\u00e1ximo as l\u00e1grimas, disfarcei bem para ele n\u00e3o perceber e respondi: \u201c<em>pode deixar Pai, eu cuidarei de tudo<\/em>\u201d.<\/p>\n\n\n\n<p>Durante todo o per\u00edodo de 10 anos em que convivemos \u2014 ele faleceu em 2016 \u2014 Seu Nata me ensinou muito, ele formou o meu car\u00e1ter medi\u00fanico. A palavra que ele mais repetia para seus filhos de santo era: <strong>humildade<\/strong>. Ele dizia que <strong>\u201c<em>n\u00f3s estamos aqui nessa Terra para servir e n\u00e3o ser servidos<\/em>\u201d<\/strong>. Outros conselhos carrego comigo at\u00e9 hoje: \u201c<em>o m\u00e9dium n\u00e3o pode ter vaidades<\/em>\u201d; \u201c<em>nunca deixe os elogios ao seu dom ou ao trabalho das suas entidades subir para a cabe\u00e7a<\/em>\u201d; <em>\u201chaver\u00e1 dias que voc\u00ea vai ter que escolher entre uma festa e o terreiro<\/em>\u201d, \u201c<em>nunca negue ajuda a ningu\u00e9m, mesmo que seja para o seu inimigo<\/em>\u201d; \u201c<em>se uma m\u00e3e te ligar pedindo para benzer seu filho doente, seja onde for, a hora que for, v\u00e1, mesmo com cansa\u00e7o, frio ou chovendo<\/em>\u201d, entre outras.<\/p>\n\n\n\n<p>E \u201c<em>ele tinha raz\u00e3o. Provei isso v\u00e1rias vezes seguidas. <\/em>[Seu Nata]<em> sabia, me aconselhou com sabedoria. Tome cuidado, ele disse. E me ensinou a tomar cuidado.<\/em>\u201d<\/p>\n\n\n\n<p>Em tempos de tantas varia\u00e7\u00f5es sobre o que \u00e9 ser m\u00e9dium; den\u00fancias de abusos praticados por l\u00edderes religiosos; sedu\u00e7\u00f5es financeiras por parte de pessoas que pagam qualquer valor para quem praticar o mal; \u201cgourmetiza\u00e7\u00e3o\u201d e <strong>embranquecimento das religi\u00f5es de Matriz Africana<\/strong>; al\u00e9m de algumas apari\u00e7\u00f5es um tanto quanto discut\u00edveis nas redes sociais (com Pombagira ganhando Iphone ou m\u00e9diuns fazendo dancinhas de TikTok dentro do Cong\u00e1), \u00e0s vezes \u00e9 dif\u00edcil se criar um car\u00e1ter medi\u00fanico. Gra\u00e7as a meus pais Ox\u00f3ssi e Seu Nata, eu formei o meu.<\/p>\n\n\n\n<p>Assim como o Sr. Morgan criou o \u201cC\u00f3digo de Harry\u201d, com li\u00e7\u00f5es e regras para que Dexter pudesse sobreviver, Seu Nata criou uma cartilha para mim e outros de seus filhos de santo.<\/p>\n\n\n\n<p>Se hoje sou quem sou em n\u00edvel espiritual, colhendo maravilhosos frutos de meu trabalho, quando diversas pessoas me procuram para contar que alcan\u00e7aram alguma gra\u00e7a ap\u00f3s atendimento com minhas entidades, devo tudo a ele.<\/p>\n\n\n\n<p><strong>Seu Nata<\/strong>, um <strong>negro<\/strong>, um <strong>m\u00e9dium de car\u00e1ter<\/strong>, um <strong>professor<\/strong>, um <strong>PAI<\/strong>.<\/p>\n\n\n\n<figure class=\"wp-block-image size-full\"><img loading=\"lazy\" decoding=\"async\" width=\"817\" height=\"222\" src=\"https:\/\/focas.uniso.br\/wp-content\/uploads\/2025\/04\/WhatsApp-Image-2025-04-08-at-09.40.58.jpeg\" alt=\"\" class=\"wp-image-2969\" srcset=\"https:\/\/focas.uniso.br\/wp-content\/uploads\/2025\/04\/WhatsApp-Image-2025-04-08-at-09.40.58.jpeg 817w, https:\/\/focas.uniso.br\/wp-content\/uploads\/2025\/04\/WhatsApp-Image-2025-04-08-at-09.40.58-300x82.jpeg 300w, https:\/\/focas.uniso.br\/wp-content\/uploads\/2025\/04\/WhatsApp-Image-2025-04-08-at-09.40.58-768x209.jpeg 768w\" sizes=\"auto, (max-width: 817px) 100vw, 817px\" \/><\/figure>\n","protected":false},"excerpt":{"rendered":"<p>Car\u00e1ter Medi\u00fanico \u201cE com aquelas poucas palavras ele formou minha vida inteira, tudo, o meu eu e quem sou. O<\/p>\n","protected":false},"author":1,"featured_media":2968,"comment_status":"open","ping_status":"open","sticky":false,"template":"","format":"standard","meta":{"colormag_page_container_layout":"default_layout","colormag_page_sidebar_layout":"default_layout","footnotes":""},"categories":[6],"tags":[30,41,29,28],"class_list":["post-3938","post","type-post","status-publish","format-standard","has-post-thumbnail","hentry","category-coluna","tag-focas","tag-focas-na-rede","tag-jornalismo","tag-uniso"],"featured_image_urls":{"full":["https:\/\/focas.uniso.br\/wp-content\/uploads\/2025\/04\/WhatsApp-Image-2025-04-08-at-09.38.16.jpeg",851,315,false],"thumbnail":["https:\/\/focas.uniso.br\/wp-content\/uploads\/2025\/04\/WhatsApp-Image-2025-04-08-at-09.38.16-150x150.jpeg",150,150,true],"medium":["https:\/\/focas.uniso.br\/wp-content\/uploads\/2025\/04\/WhatsApp-Image-2025-04-08-at-09.38.16-300x111.jpeg",300,111,true],"medium_large":["https:\/\/focas.uniso.br\/wp-content\/uploads\/2025\/04\/WhatsApp-Image-2025-04-08-at-09.38.16-768x284.jpeg",768,284,true],"large":["https:\/\/focas.uniso.br\/wp-content\/uploads\/2025\/04\/WhatsApp-Image-2025-04-08-at-09.38.16.jpeg",800,296,false],"1536x1536":["https:\/\/focas.uniso.br\/wp-content\/uploads\/2025\/04\/WhatsApp-Image-2025-04-08-at-09.38.16.jpeg",851,315,false],"2048x2048":["https:\/\/focas.uniso.br\/wp-content\/uploads\/2025\/04\/WhatsApp-Image-2025-04-08-at-09.38.16.jpeg",851,315,false],"colormag-highlighted-post":["https:\/\/focas.uniso.br\/wp-content\/uploads\/2025\/04\/WhatsApp-Image-2025-04-08-at-09.38.16-392x272.jpeg",392,272,true],"colormag-featured-post-medium":["https:\/\/focas.uniso.br\/wp-content\/uploads\/2025\/04\/WhatsApp-Image-2025-04-08-at-09.38.16-390x205.jpeg",390,205,true],"colormag-featured-post-small":["https:\/\/focas.uniso.br\/wp-content\/uploads\/2025\/04\/WhatsApp-Image-2025-04-08-at-09.38.16-130x90.jpeg",130,90,true],"colormag-featured-image":["https:\/\/focas.uniso.br\/wp-content\/uploads\/2025\/04\/WhatsApp-Image-2025-04-08-at-09.38.16-800x315.jpeg",800,315,true],"colormag-default-news":["https:\/\/focas.uniso.br\/wp-content\/uploads\/2025\/04\/WhatsApp-Image-2025-04-08-at-09.38.16-150x150.jpeg",150,150,true],"colormag-featured-image-large":["https:\/\/focas.uniso.br\/wp-content\/uploads\/2025\/04\/WhatsApp-Image-2025-04-08-at-09.38.16.jpeg",851,315,false]},"author_info":{"info":["focas"]},"category_info":"<a href=\"https:\/\/focas.uniso.br\/index.php\/category\/coluna\/\" rel=\"category tag\">Coluna<\/a>","tag_info":"Coluna","comment_count":"0","_links":{"self":[{"href":"https:\/\/focas.uniso.br\/index.php\/wp-json\/wp\/v2\/posts\/3938","targetHints":{"allow":["GET"]}}],"collection":[{"href":"https:\/\/focas.uniso.br\/index.php\/wp-json\/wp\/v2\/posts"}],"about":[{"href":"https:\/\/focas.uniso.br\/index.php\/wp-json\/wp\/v2\/types\/post"}],"author":[{"embeddable":true,"href":"https:\/\/focas.uniso.br\/index.php\/wp-json\/wp\/v2\/users\/1"}],"replies":[{"embeddable":true,"href":"https:\/\/focas.uniso.br\/index.php\/wp-json\/wp\/v2\/comments?post=3938"}],"version-history":[{"count":1,"href":"https:\/\/focas.uniso.br\/index.php\/wp-json\/wp\/v2\/posts\/3938\/revisions"}],"predecessor-version":[{"id":3939,"href":"https:\/\/focas.uniso.br\/index.php\/wp-json\/wp\/v2\/posts\/3938\/revisions\/3939"}],"wp:featuredmedia":[{"embeddable":true,"href":"https:\/\/focas.uniso.br\/index.php\/wp-json\/wp\/v2\/media\/2968"}],"wp:attachment":[{"href":"https:\/\/focas.uniso.br\/index.php\/wp-json\/wp\/v2\/media?parent=3938"}],"wp:term":[{"taxonomy":"category","embeddable":true,"href":"https:\/\/focas.uniso.br\/index.php\/wp-json\/wp\/v2\/categories?post=3938"},{"taxonomy":"post_tag","embeddable":true,"href":"https:\/\/focas.uniso.br\/index.php\/wp-json\/wp\/v2\/tags?post=3938"}],"curies":[{"name":"wp","href":"https:\/\/api.w.org\/{rel}","templated":true}]}}