{"id":3940,"date":"2025-09-02T10:28:48","date_gmt":"2025-09-02T13:28:48","guid":{"rendered":"https:\/\/focas.uniso.br\/?p=3940"},"modified":"2025-09-02T10:28:48","modified_gmt":"2025-09-02T13:28:48","slug":"uniso-realiza-eventos-voltados-a-iniciacao-cientifica-extensao-e-docencia-em-outubro","status":"publish","type":"post","link":"https:\/\/focas.uniso.br\/index.php\/2025\/09\/02\/uniso-realiza-eventos-voltados-a-iniciacao-cientifica-extensao-e-docencia-em-outubro\/","title":{"rendered":"Uniso realiza eventos voltados \u00e0 Inicia\u00e7\u00e3o Cient\u00edfica, Extens\u00e3o e Doc\u00eancia em outubro"},"content":{"rendered":"\n<p>Por Giovana Lima (Ag\u00eancia Focas- Jornalismo Uniso)<\/p>\n\n\n\n<p>Entre os dias 28 e 30 de outubro, a comunidade acad\u00eamica se re\u00fane para tr\u00eas importantes eventos que incentivam a pesquisa, a extens\u00e3o e a forma\u00e7\u00e3o docente. Na programa\u00e7\u00e3o, acontecem o 28\u00ba Encontro de Pesquisadores e de Inicia\u00e7\u00e3o Cient\u00edfica (EPIC), o 23\u00ba Encontro de Extens\u00e3o (ENEX) e o 4\u00ba Encontro do Programa Institucional de Bolsa de Inicia\u00e7\u00e3o \u00e0 Doc\u00eancia (E-PIBID).<\/p>\n\n\n\n<p>As atividades v\u00e3o reunir estudantes, professores e pesquisadores em apresenta\u00e7\u00f5es, debates e trocas de experi\u00eancias, fortalecendo a integra\u00e7\u00e3o entre ci\u00eancia, ensino e extens\u00e3o.<\/p>\n\n\n\n<p>As inscri\u00e7\u00f5es est\u00e3o abertas at\u00e9 30 de outubro e podem ser realizadas por meio do formul\u00e1rio: <a href=\"https:\/\/forms.office.com\/pages\/responsepage.aspx?id=cb2H2fGl40S7JeERq2_6E5IzZ1qpd_NEq6EuCj2LNi1UMlIyWDFTOTU4NU03WlhGMlBDOU84WEoxWC4u&amp;route=shorturl\">https:\/\/forms.office.com\/pages\/responsepage.aspx?id=cb2H2fGl40S7JeERq2_6E5IzZ1qpd_NEq6EuCj2LNi1UMlIyWDFTOTU4NU03WlhGMlBDOU84WEoxWC4u&amp;route=shorturl<\/a>&nbsp;<\/p>\n\n\n\n<figure class=\"wp-block-image size-large\"><img loading=\"lazy\" decoding=\"async\" width=\"850\" height=\"1024\" src=\"https:\/\/focas.uniso.br\/wp-content\/uploads\/2025\/09\/WhatsApp-Image-2025-09-02-at-10.18.17-850x1024.jpeg\" alt=\"\" class=\"wp-image-3941\" srcset=\"https:\/\/focas.uniso.br\/wp-content\/uploads\/2025\/09\/WhatsApp-Image-2025-09-02-at-10.18.17-850x1024.jpeg 850w, https:\/\/focas.uniso.br\/wp-content\/uploads\/2025\/09\/WhatsApp-Image-2025-09-02-at-10.18.17-249x300.jpeg 249w, https:\/\/focas.uniso.br\/wp-content\/uploads\/2025\/09\/WhatsApp-Image-2025-09-02-at-10.18.17-768x925.jpeg 768w, https:\/\/focas.uniso.br\/wp-content\/uploads\/2025\/09\/WhatsApp-Image-2025-09-02-at-10.18.17-1275x1536.jpeg 1275w, https:\/\/focas.uniso.br\/wp-content\/uploads\/2025\/09\/WhatsApp-Image-2025-09-02-at-10.18.17.jpeg 1328w\" sizes=\"auto, (max-width: 850px) 100vw, 850px\" \/><figcaption class=\"wp-element-caption\">Foto- Reprodu\u00e7\u00e3o<\/figcaption><\/figure>\n","protected":false},"excerpt":{"rendered":"<p>Por Giovana Lima (Ag\u00eancia Focas- Jornalismo Uniso) Entre os dias 28 e 30 de outubro, a comunidade acad\u00eamica se re\u00fane<\/p>\n","protected":false},"author":1,"featured_media":0,"comment_status":"open","ping_status":"open","sticky":false,"template":"","format":"standard","meta":{"colormag_page_container_layout":"default_layout","colormag_page_sidebar_layout":"default_layout","footnotes":""},"categories":[15,9,37,14],"tags":[30,41,29,28],"class_list":["post-3940","post","type-post","status-publish","format-standard","hentry","category-jornalismo","category-jornalismo-online","category-sorocaba","category-uniso","tag-focas","tag-focas-na-rede","tag-jornalismo","tag-uniso"],"featured_image_urls":{"full":"","thumbnail":"","medium":"","medium_large":"","large":"","1536x1536":"","2048x2048":"","colormag-highlighted-post":"","colormag-featured-post-medium":"","colormag-featured-post-small":"","colormag-featured-image":"","colormag-default-news":"","colormag-featured-image-large":""},"author_info":{"info":["focas"]},"category_info":"<a href=\"https:\/\/focas.uniso.br\/index.php\/category\/jornalismo\/\" rel=\"category tag\">Jornalismo<\/a> <a href=\"https:\/\/focas.uniso.br\/index.php\/category\/jornalismo-online\/\" rel=\"category tag\">jornalismo online<\/a> <a href=\"https:\/\/focas.uniso.br\/index.php\/category\/sorocaba\/\" rel=\"category tag\">Sorocaba<\/a> <a href=\"https:\/\/focas.uniso.br\/index.php\/category\/uniso\/\" rel=\"category tag\">Uniso<\/a>","tag_info":"Uniso","comment_count":"0","_links":{"self":[{"href":"https:\/\/focas.uniso.br\/index.php\/wp-json\/wp\/v2\/posts\/3940","targetHints":{"allow":["GET"]}}],"collection":[{"href":"https:\/\/focas.uniso.br\/index.php\/wp-json\/wp\/v2\/posts"}],"about":[{"href":"https:\/\/focas.uniso.br\/index.php\/wp-json\/wp\/v2\/types\/post"}],"author":[{"embeddable":true,"href":"https:\/\/focas.uniso.br\/index.php\/wp-json\/wp\/v2\/users\/1"}],"replies":[{"embeddable":true,"href":"https:\/\/focas.uniso.br\/index.php\/wp-json\/wp\/v2\/comments?post=3940"}],"version-history":[{"count":2,"href":"https:\/\/focas.uniso.br\/index.php\/wp-json\/wp\/v2\/posts\/3940\/revisions"}],"predecessor-version":[{"id":3944,"href":"https:\/\/focas.uniso.br\/index.php\/wp-json\/wp\/v2\/posts\/3940\/revisions\/3944"}],"wp:attachment":[{"href":"https:\/\/focas.uniso.br\/index.php\/wp-json\/wp\/v2\/media?parent=3940"}],"wp:term":[{"taxonomy":"category","embeddable":true,"href":"https:\/\/focas.uniso.br\/index.php\/wp-json\/wp\/v2\/categories?post=3940"},{"taxonomy":"post_tag","embeddable":true,"href":"https:\/\/focas.uniso.br\/index.php\/wp-json\/wp\/v2\/tags?post=3940"}],"curies":[{"name":"wp","href":"https:\/\/api.w.org\/{rel}","templated":true}]}}