{"id":3945,"date":"2025-09-02T11:41:36","date_gmt":"2025-09-02T14:41:36","guid":{"rendered":"https:\/\/focas.uniso.br\/?p=3945"},"modified":"2025-09-02T11:41:36","modified_gmt":"2025-09-02T14:41:36","slug":"feira-da-vila-operaria-traz-cultura-e-memoria-para-santa-rosalia","status":"publish","type":"post","link":"https:\/\/focas.uniso.br\/index.php\/2025\/09\/02\/feira-da-vila-operaria-traz-cultura-e-memoria-para-santa-rosalia\/","title":{"rendered":"Feira da Vila Oper\u00e1ria traz cultura e mem\u00f3ria para Santa Ros\u00e1lia"},"content":{"rendered":"\n<p>Por Giovana Lima (Ag\u00eancia Focas- Jornalismo Uniso)<\/p>\n\n\n\n<p>No pr\u00f3ximo s\u00e1bado, 6 de setembro, a Pra\u00e7a Pio XII ser\u00e1 palco de um dia dedicado \u00e0 arte, cultura e hist\u00f3ria local. Das 12h \u00e0s 19h, o p\u00fablico poder\u00e1 aproveitar atividades de artes visuais, literatura e m\u00fasica na Feira da Vila Oper\u00e1ria.<\/p>\n\n\n\n<p>Um dos destaques da programa\u00e7\u00e3o ser\u00e1 o Passeio Hist\u00f3rico pela Vila Oper\u00e1ria da Santa Ros\u00e1lia, conduzido por Sandro Aranha, do perfil Sorocaba Atrav\u00e9s da Hist\u00f3ria. A atividade acontece das 14h30 \u00e0s 15h30, com o objetivo de relembrar hist\u00f3rias, personagens e mem\u00f3rias do bairro.<\/p>\n\n\n\n<p>O ponto de encontro para o passeio ser\u00e1 na esquina da Rua Angelina Parolina Zocca com a Rua Carlota Fiel Carnelos, rua localizada acima da antiga F\u00e1brica Santa Ros\u00e1lia, onde hoje funciona o Assa\u00ed Atacadista.<\/p>\n\n\n\n<figure class=\"wp-block-image size-large\"><img loading=\"lazy\" decoding=\"async\" width=\"576\" height=\"1024\" src=\"https:\/\/focas.uniso.br\/wp-content\/uploads\/2025\/09\/WhatsApp-Image-2025-09-02-at-10.18.18-576x1024.jpeg\" alt=\"\" class=\"wp-image-3946\" srcset=\"https:\/\/focas.uniso.br\/wp-content\/uploads\/2025\/09\/WhatsApp-Image-2025-09-02-at-10.18.18-576x1024.jpeg 576w, https:\/\/focas.uniso.br\/wp-content\/uploads\/2025\/09\/WhatsApp-Image-2025-09-02-at-10.18.18-169x300.jpeg 169w, https:\/\/focas.uniso.br\/wp-content\/uploads\/2025\/09\/WhatsApp-Image-2025-09-02-at-10.18.18.jpeg 720w\" sizes=\"auto, (max-width: 576px) 100vw, 576px\" \/><figcaption class=\"wp-element-caption\">Foto- Reprodu\u00e7\u00e3o<\/figcaption><\/figure>\n","protected":false},"excerpt":{"rendered":"<p>Por Giovana Lima (Ag\u00eancia Focas- Jornalismo Uniso) No pr\u00f3ximo s\u00e1bado, 6 de setembro, a Pra\u00e7a Pio XII ser\u00e1 palco de<\/p>\n","protected":false},"author":1,"featured_media":0,"comment_status":"open","ping_status":"open","sticky":false,"template":"","format":"standard","meta":{"colormag_page_container_layout":"default_layout","colormag_page_sidebar_layout":"default_layout","footnotes":""},"categories":[15,9,37,14],"tags":[30,41,29,28],"class_list":["post-3945","post","type-post","status-publish","format-standard","hentry","category-jornalismo","category-jornalismo-online","category-sorocaba","category-uniso","tag-focas","tag-focas-na-rede","tag-jornalismo","tag-uniso"],"featured_image_urls":{"full":"","thumbnail":"","medium":"","medium_large":"","large":"","1536x1536":"","2048x2048":"","colormag-highlighted-post":"","colormag-featured-post-medium":"","colormag-featured-post-small":"","colormag-featured-image":"","colormag-default-news":"","colormag-featured-image-large":""},"author_info":{"info":["focas"]},"category_info":"<a href=\"https:\/\/focas.uniso.br\/index.php\/category\/jornalismo\/\" rel=\"category tag\">Jornalismo<\/a> <a href=\"https:\/\/focas.uniso.br\/index.php\/category\/jornalismo-online\/\" rel=\"category tag\">jornalismo online<\/a> <a href=\"https:\/\/focas.uniso.br\/index.php\/category\/sorocaba\/\" rel=\"category tag\">Sorocaba<\/a> <a href=\"https:\/\/focas.uniso.br\/index.php\/category\/uniso\/\" rel=\"category tag\">Uniso<\/a>","tag_info":"Uniso","comment_count":"0","_links":{"self":[{"href":"https:\/\/focas.uniso.br\/index.php\/wp-json\/wp\/v2\/posts\/3945","targetHints":{"allow":["GET"]}}],"collection":[{"href":"https:\/\/focas.uniso.br\/index.php\/wp-json\/wp\/v2\/posts"}],"about":[{"href":"https:\/\/focas.uniso.br\/index.php\/wp-json\/wp\/v2\/types\/post"}],"author":[{"embeddable":true,"href":"https:\/\/focas.uniso.br\/index.php\/wp-json\/wp\/v2\/users\/1"}],"replies":[{"embeddable":true,"href":"https:\/\/focas.uniso.br\/index.php\/wp-json\/wp\/v2\/comments?post=3945"}],"version-history":[{"count":1,"href":"https:\/\/focas.uniso.br\/index.php\/wp-json\/wp\/v2\/posts\/3945\/revisions"}],"predecessor-version":[{"id":3947,"href":"https:\/\/focas.uniso.br\/index.php\/wp-json\/wp\/v2\/posts\/3945\/revisions\/3947"}],"wp:attachment":[{"href":"https:\/\/focas.uniso.br\/index.php\/wp-json\/wp\/v2\/media?parent=3945"}],"wp:term":[{"taxonomy":"category","embeddable":true,"href":"https:\/\/focas.uniso.br\/index.php\/wp-json\/wp\/v2\/categories?post=3945"},{"taxonomy":"post_tag","embeddable":true,"href":"https:\/\/focas.uniso.br\/index.php\/wp-json\/wp\/v2\/tags?post=3945"}],"curies":[{"name":"wp","href":"https:\/\/api.w.org\/{rel}","templated":true}]}}