{"id":3972,"date":"2025-09-05T10:34:16","date_gmt":"2025-09-05T13:34:16","guid":{"rendered":"https:\/\/focas.uniso.br\/?p=3972"},"modified":"2025-09-05T10:49:55","modified_gmt":"2025-09-05T13:49:55","slug":"epecom-2025-registra-participacao-de-alunos-da-graduacao","status":"publish","type":"post","link":"https:\/\/focas.uniso.br\/index.php\/2025\/09\/05\/epecom-2025-registra-participacao-de-alunos-da-graduacao\/","title":{"rendered":"EPECOM 2025 registra participa\u00e7\u00e3o de alunos da gradua\u00e7\u00e3o"},"content":{"rendered":"\n<p><em>O XIX Encontro de Pesquisadores em Comunica\u00e7\u00e3o e Cultura da Uniso acontecer\u00e1 nos dias 22 e 23 de setembro de forma h\u00edbrida<\/em><\/p>\n\n\n\n<p>Por: Rafaela Sallum&nbsp;(Ag\u00eancia Focas \u2013 Jornalismo Uniso)<\/p>\n\n\n\n<p>O XIX Encontro de Pesquisadores em Comunica\u00e7\u00e3o e Cultura (EPECOM), organizado pelo programa de P\u00f3s Gradua\u00e7\u00e3o em Comunica\u00e7\u00e3o e Cultura (PPGCC) da Universidade de Sorocaba (Uniso), traz como como tema \u201cEra da Intelig\u00eancia Artificial: Desafios e Oportunidades para a Pesquisa em Comunica\u00e7\u00e3o\u201d. Entre os temas abordados pelos convidados das mesas de debate, programadas para as manh\u00e3s de 22 e 23 de setembro, est\u00e1 a influ\u00eancia da intelig\u00eancia artificial no mercado de trabalho dos jornalistas, comunicadores e educadores. Participam dessas mesas, pesquisadores da Uniso, da Universidade de S\u00e3o Paulo e da PUC de Bras\u00edlia.<\/p>\n\n\n\n<p>No evento, realizado todo ano pelo PPGCC-Uniso, al\u00e9m das mesas com convidados, h\u00e1 os Grupos de Trabalho (GT) em que pesquisadores de diferentes n\u00edveis de forma\u00e7\u00e3o apresentam seus trabalhos. Os alunos de gradua\u00e7\u00e3o, por exemplo, apresentam os resultados de suas pesquisas cient\u00edficas no EPECOM Jr., espa\u00e7o criado em 2017 com o objetivo de incentivar graduandos a terem a oportunidade de experimentar o ambiente acad\u00eamico durante o per\u00edodo de gradua\u00e7\u00e3o. S\u00e3o tr\u00eas GTs J\u00faniores: Comunica\u00e7\u00e3o e pr\u00e1ticas profissionais, An\u00e1lise de m\u00eddia e Comunica\u00e7\u00e3o e sociedade. Neste ano, tr\u00eas alunas do curso de Jornalismo da Uniso tiveram trabalhos aprovados na categoria J\u00fanior do evento, Ana Carolina Cirullo que est\u00e1 no oitavo semestre da gradua\u00e7\u00e3o, Beatriz Jarins, formada pela universidade em 2025, e Sophia Ruivo que est\u00e1 cursando o quarto per\u00edodo.&nbsp;<\/p>\n\n\n\n<p>A pesquisa de Ana Carolina Cirullo surgiu com a disciplina Pesquisa, Extens\u00e3o e Inova\u00e7\u00e3o: Trabalho pr\u00e1tico, durante o primeiro semestre de 2025. A estudante comenta que desde o in\u00edcio da faculdade tem vontade de seguir na \u00e1rea acad\u00eamica&nbsp;e acabou n\u00e3o conseguindo fazer inicia\u00e7\u00e3o cient\u00edfica porque precisava trabalhar e n\u00e3o tinha como administrar a rotina de est\u00e1gio e estudo. Mas, com o incentivo da coordenadora do curso, professora Evenize Batista, resolveu participar do EPECOM.<\/p>\n\n\n\n<p>&nbsp;O trabalho que Ana Carolina ir\u00e1 apresentar \u00e9 resultado de sua monografia, em que ela desenvolveu uma an\u00e1lise de conte\u00fado da produ\u00e7\u00e3o noticiosa da TV Tem sobre religi\u00e3o. \u201cO tema da pesquisa \u00e9 uma an\u00e1lise de conte\u00fado dos telejornais da TV em Sorocaba para discutir a abordagem da religi\u00e3o e da religiosidade, a frequ\u00eancia que aparece, quais mais aparecem, se existe uma prefer\u00eancia em falar com um p\u00fablico e n\u00e3o ouvir outros. Na an\u00e1lise, me baseei no conceito de Magali Cunha, de imagin\u00e1rio exclusivista, e avaliei se o conceito criado em 2014 ainda era v\u00e1lido em 2025.\u201d<\/p>\n\n\n\n<figure class=\"wp-block-image size-large\"><img loading=\"lazy\" decoding=\"async\" width=\"683\" height=\"1024\" src=\"https:\/\/focas.uniso.br\/wp-content\/uploads\/2025\/09\/WhatsApp-Image-2025-09-05-at-10.30.37-683x1024.jpeg\" alt=\"\" class=\"wp-image-3974\" srcset=\"https:\/\/focas.uniso.br\/wp-content\/uploads\/2025\/09\/WhatsApp-Image-2025-09-05-at-10.30.37-683x1024.jpeg 683w, https:\/\/focas.uniso.br\/wp-content\/uploads\/2025\/09\/WhatsApp-Image-2025-09-05-at-10.30.37-200x300.jpeg 200w, https:\/\/focas.uniso.br\/wp-content\/uploads\/2025\/09\/WhatsApp-Image-2025-09-05-at-10.30.37-768x1152.jpeg 768w, https:\/\/focas.uniso.br\/wp-content\/uploads\/2025\/09\/WhatsApp-Image-2025-09-05-at-10.30.37.jpeg 800w\" sizes=\"auto, (max-width: 683px) 100vw, 683px\" \/><figcaption class=\"wp-element-caption\">A estudante Ana Carolina Cirullo. Foto: Matheus Machado<\/figcaption><\/figure>\n\n\n\n<p>Beatriz Jarins, jornalista formada pela Uniso em 2024, vai apresentar seu trabalho de conclus\u00e3o de curso, o livro-reportagem \u201cEnvelheSer: saberes daqueles que vieram antes de n\u00f3s\u201d. Na produ\u00e7\u00e3o, Beatriz se valeu de t\u00e9cnicas de jornalismo liter\u00e1rio e esse formato jornal\u00edstico faz parte do foco do artigo enviado ao EPECOM deste ano, o que pode ser observado pelo t\u00edtulo do trabalho aprovado: \u201cRegistro da mem\u00f3ria: saberes de uma popula\u00e7\u00e3o cada vez mais envelhecida, tecida pelo olhar do jornalismo liter\u00e1rio\u201d. Para a jornalista, a ideia de participar do EPECOM surgiu ap\u00f3s sua banca do TCC quando os professores disseram que o trabalho merecia ser inscrito. \u201cAcho que foi bom ter sa\u00eddo um pouco do foco e voltar agora porque consegui trazer outras coisas e isso foi bem bacana. Todo estudante deveria fazer isso, pois fica como bagagem e \u00e9 algo marcante.\u201d&nbsp;<\/p>\n\n\n\n<p><\/p>\n\n\n\n<figure class=\"wp-block-gallery has-nested-images columns-default is-cropped wp-block-gallery-1 is-layout-flex wp-block-gallery-is-layout-flex\">\n<figure class=\"wp-block-image size-large\"><img loading=\"lazy\" decoding=\"async\" width=\"769\" height=\"1024\" data-id=\"3976\" src=\"https:\/\/focas.uniso.br\/wp-content\/uploads\/2025\/09\/WhatsApp-Image-2025-09-05-at-10.29.02-769x1024.jpeg\" alt=\"\" class=\"wp-image-3976\" srcset=\"https:\/\/focas.uniso.br\/wp-content\/uploads\/2025\/09\/WhatsApp-Image-2025-09-05-at-10.29.02-769x1024.jpeg 769w, https:\/\/focas.uniso.br\/wp-content\/uploads\/2025\/09\/WhatsApp-Image-2025-09-05-at-10.29.02-225x300.jpeg 225w, https:\/\/focas.uniso.br\/wp-content\/uploads\/2025\/09\/WhatsApp-Image-2025-09-05-at-10.29.02-768x1022.jpeg 768w, https:\/\/focas.uniso.br\/wp-content\/uploads\/2025\/09\/WhatsApp-Image-2025-09-05-at-10.29.02-1154x1536.jpeg 1154w, https:\/\/focas.uniso.br\/wp-content\/uploads\/2025\/09\/WhatsApp-Image-2025-09-05-at-10.29.02.jpeg 1202w\" sizes=\"auto, (max-width: 769px) 100vw, 769px\" \/><figcaption class=\"wp-element-caption\">Beatriz Jarins e a sua av\u00f3 Sebastiana. Foto: Beatriz Jarins<\/figcaption><\/figure>\n\n\n\n<figure class=\"wp-block-image size-large\"><img loading=\"lazy\" decoding=\"async\" width=\"768\" height=\"1024\" data-id=\"3975\" src=\"https:\/\/focas.uniso.br\/wp-content\/uploads\/2025\/09\/WhatsApp-Image-2025-09-05-at-10.29.58-768x1024.jpeg\" alt=\"\" class=\"wp-image-3975\" srcset=\"https:\/\/focas.uniso.br\/wp-content\/uploads\/2025\/09\/WhatsApp-Image-2025-09-05-at-10.29.58-768x1024.jpeg 768w, https:\/\/focas.uniso.br\/wp-content\/uploads\/2025\/09\/WhatsApp-Image-2025-09-05-at-10.29.58-225x300.jpeg 225w, https:\/\/focas.uniso.br\/wp-content\/uploads\/2025\/09\/WhatsApp-Image-2025-09-05-at-10.29.58-1152x1536.jpeg 1152w, https:\/\/focas.uniso.br\/wp-content\/uploads\/2025\/09\/WhatsApp-Image-2025-09-05-at-10.29.58.jpeg 1200w\" sizes=\"auto, (max-width: 768px) 100vw, 768px\" \/><figcaption class=\"wp-element-caption\">Livro &#8220;EnvelheSer&#8221;, Beatriz Jarins e relat\u00f3rio t\u00e9cnico produzido para o TCC. Foto: Beatriz Jarins<\/figcaption><\/figure>\n<\/figure>\n\n\n\n<p><\/p>\n\n\n\n<p>Sophia Ruivo, estudante do quarto semestre de jornalismo, e sua amiga Maria Paula Estevam Mobaier fizeram um artigo sobre a banaliza\u00e7\u00e3o do mal na produ\u00e7\u00e3o do entretenimento em que casos reais s\u00e3o adaptados. O objeto de estudo foram os filmes sobre o caso Suzane Von Richthoffen de Maur\u00edcio E\u00e7a. A escolha do tema surgiu durante as aulas do curso de Jornalismo e pelo interesse em jornalismo cultural que a dupla compartilha. Sophia comenta que o artigo foi escrito em 2024 para a disciplina Projeto Integrador Pesquisa em Jornalismo, ministrada pela professora Bianca Didoni que sugeriu a participa\u00e7\u00e3o no evento. \u201cNas f\u00e9rias de julho deste ano ela me mandou mensagem: \u2018Vamos mexer no seu artigo\u2019, eu e ela vimos o que poderia ser melhorado e colocamos no template para o GT JR 2 do Epecom\u201d, relembra. Para Sophia, o artigo ter sido escrito em dupla tem um gostinho ainda mais especial por ter sido o primeiro a ser produzido em parceria. \u201cPoder pesquisar temas espec\u00edficos foi bem mais tranquilo, e acredito que pude aprofundar melhor o tema assim, a Maria e eu dividimos cada entrega em dois t\u00f3picos para cada uma e, no fim, as duas se dedicaram muito para o produto final.\u201d&nbsp;<\/p>\n\n\n\n<figure class=\"wp-block-image size-large\"><img loading=\"lazy\" decoding=\"async\" width=\"768\" height=\"1024\" src=\"https:\/\/focas.uniso.br\/wp-content\/uploads\/2025\/09\/WhatsApp-Image-2025-09-05-at-10.31.14-768x1024.jpeg\" alt=\"\" class=\"wp-image-3977\" srcset=\"https:\/\/focas.uniso.br\/wp-content\/uploads\/2025\/09\/WhatsApp-Image-2025-09-05-at-10.31.14-768x1024.jpeg 768w, https:\/\/focas.uniso.br\/wp-content\/uploads\/2025\/09\/WhatsApp-Image-2025-09-05-at-10.31.14-225x300.jpeg 225w, https:\/\/focas.uniso.br\/wp-content\/uploads\/2025\/09\/WhatsApp-Image-2025-09-05-at-10.31.14-1152x1536.jpeg 1152w, https:\/\/focas.uniso.br\/wp-content\/uploads\/2025\/09\/WhatsApp-Image-2025-09-05-at-10.31.14.jpeg 1199w\" sizes=\"auto, (max-width: 768px) 100vw, 768px\" \/><figcaption class=\"wp-element-caption\">A estudante Sophia Ruivo. Foto Sophia Ruivo<\/figcaption><\/figure>\n\n\n\n<p><strong>Programa\u00e7\u00e3o do EPECOM 2025<\/strong><\/p>\n\n\n\n<p><strong>22 de setembro de 2025 \u2013 Manh\u00e3<\/strong><strong><\/strong><\/p>\n\n\n\n<p>9h \u00e0s 9h30 \u2013 Abertura.<\/p>\n\n\n\n<p>9h30 \u00e0s 10h30 \u2013 Palestra: Literacias de M\u00eddia e Informa\u00e7\u00e3o, com Roseli F\u00edgaro.<\/p>\n\n\n\n<p>10h30 \u00e0s 11h \u2013 Sess\u00e3o de perguntas e respostas.<\/p>\n\n\n\n<p><strong>22 de setembro de 2025 \u2013 Tarde<\/strong><strong><\/strong><\/p>\n\n\n\n<p>14h \u00e0s 17h \u2013 Grupos de Trabalho.<\/p>\n\n\n\n<p>17h \u00e0s 18h \u2013 Lan\u00e7amento de livros.<\/p>\n\n\n\n<p><strong>23 de setembro de 2025 \u2013 Manh\u00e3<\/strong><\/p>\n\n\n\n<p>9h \u2013 Abertura e Mesa-redonda \u2013 Entre o Bem e o Mal: Intelig\u00eancia Artificial, Vis\u00f5es Antag\u00f4nicas e os Estudos em Comunica\u00e7\u00e3o. Integrantes da mesa: Bruno Aguilar da Cunha (Uniso), Florence Dravet (PUC-BSB) e Luis Roberto Albano (Uniso). Media\u00e7\u00e3o: Guilherme Profeta.<\/p>\n\n\n\n<p><strong>23 de setembro de 2025 \u2013 Tarde<\/strong><\/p>\n\n\n\n<p>14h \u00e0s 17h \u2013 Grupos de Trabalho do EPECOM Jr.<\/p>\n\n\n\n<p>O evento \u00e9 gratuito. Para se inscrever, acesse o site: <a href=\"https:\/\/uniso.br\/evento\/epecom-2025\/\">https:\/\/uniso.br\/evento\/epecom-2025\/<\/a><\/p>\n\n\n\n<p><\/p>\n","protected":false},"excerpt":{"rendered":"<p>O XIX Encontro de Pesquisadores em Comunica\u00e7\u00e3o e Cultura da Uniso acontecer\u00e1 nos dias 22 e 23 de setembro de<\/p>\n","protected":false},"author":1,"featured_media":0,"comment_status":"open","ping_status":"open","sticky":false,"template":"","format":"standard","meta":{"colormag_page_container_layout":"default_layout","colormag_page_sidebar_layout":"default_layout","footnotes":""},"categories":[15,9,37,14],"tags":[30,41,29,28],"class_list":["post-3972","post","type-post","status-publish","format-standard","hentry","category-jornalismo","category-jornalismo-online","category-sorocaba","category-uniso","tag-focas","tag-focas-na-rede","tag-jornalismo","tag-uniso"],"featured_image_urls":{"full":"","thumbnail":"","medium":"","medium_large":"","large":"","1536x1536":"","2048x2048":"","colormag-highlighted-post":"","colormag-featured-post-medium":"","colormag-featured-post-small":"","colormag-featured-image":"","colormag-default-news":"","colormag-featured-image-large":""},"author_info":{"info":["focas"]},"category_info":"<a href=\"https:\/\/focas.uniso.br\/index.php\/category\/jornalismo\/\" rel=\"category tag\">Jornalismo<\/a> <a href=\"https:\/\/focas.uniso.br\/index.php\/category\/jornalismo-online\/\" rel=\"category tag\">jornalismo online<\/a> <a href=\"https:\/\/focas.uniso.br\/index.php\/category\/sorocaba\/\" rel=\"category tag\">Sorocaba<\/a> <a href=\"https:\/\/focas.uniso.br\/index.php\/category\/uniso\/\" rel=\"category tag\">Uniso<\/a>","tag_info":"Uniso","comment_count":"0","_links":{"self":[{"href":"https:\/\/focas.uniso.br\/index.php\/wp-json\/wp\/v2\/posts\/3972","targetHints":{"allow":["GET"]}}],"collection":[{"href":"https:\/\/focas.uniso.br\/index.php\/wp-json\/wp\/v2\/posts"}],"about":[{"href":"https:\/\/focas.uniso.br\/index.php\/wp-json\/wp\/v2\/types\/post"}],"author":[{"embeddable":true,"href":"https:\/\/focas.uniso.br\/index.php\/wp-json\/wp\/v2\/users\/1"}],"replies":[{"embeddable":true,"href":"https:\/\/focas.uniso.br\/index.php\/wp-json\/wp\/v2\/comments?post=3972"}],"version-history":[{"count":4,"href":"https:\/\/focas.uniso.br\/index.php\/wp-json\/wp\/v2\/posts\/3972\/revisions"}],"predecessor-version":[{"id":3980,"href":"https:\/\/focas.uniso.br\/index.php\/wp-json\/wp\/v2\/posts\/3972\/revisions\/3980"}],"wp:attachment":[{"href":"https:\/\/focas.uniso.br\/index.php\/wp-json\/wp\/v2\/media?parent=3972"}],"wp:term":[{"taxonomy":"category","embeddable":true,"href":"https:\/\/focas.uniso.br\/index.php\/wp-json\/wp\/v2\/categories?post=3972"},{"taxonomy":"post_tag","embeddable":true,"href":"https:\/\/focas.uniso.br\/index.php\/wp-json\/wp\/v2\/tags?post=3972"}],"curies":[{"name":"wp","href":"https:\/\/api.w.org\/{rel}","templated":true}]}}