{"id":3982,"date":"2025-09-08T10:05:06","date_gmt":"2025-09-08T13:05:06","guid":{"rendered":"https:\/\/focas.uniso.br\/?p=3982"},"modified":"2025-09-08T10:05:06","modified_gmt":"2025-09-08T13:05:06","slug":"festival-das-flores-retorna-ao-patio-ciane-shopping-com-mais-de-50-especies-em-exposicao","status":"publish","type":"post","link":"https:\/\/focas.uniso.br\/index.php\/2025\/09\/08\/festival-das-flores-retorna-ao-patio-ciane-shopping-com-mais-de-50-especies-em-exposicao\/","title":{"rendered":"Festival das Flores retorna ao P\u00e1tio Cian\u00ea Shopping com mais de 50 esp\u00e9cies em exposi\u00e7\u00e3o"},"content":{"rendered":"\n<p>Por Giovana Lima (Ag\u00eancia Focas- Jornalismo Uniso)<\/p>\n\n\n\n<figure class=\"wp-block-image size-full\"><img loading=\"lazy\" decoding=\"async\" width=\"600\" height=\"397\" src=\"https:\/\/focas.uniso.br\/wp-content\/uploads\/2025\/09\/WhatsApp-Image-2025-09-08-at-09.48.01.jpeg\" alt=\"\" class=\"wp-image-3983\" srcset=\"https:\/\/focas.uniso.br\/wp-content\/uploads\/2025\/09\/WhatsApp-Image-2025-09-08-at-09.48.01.jpeg 600w, https:\/\/focas.uniso.br\/wp-content\/uploads\/2025\/09\/WhatsApp-Image-2025-09-08-at-09.48.01-300x199.jpeg 300w\" sizes=\"auto, (max-width: 600px) 100vw, 600px\" \/><figcaption class=\"wp-element-caption\">Festa das Flores- Foto: Divulga\u00e7\u00e3o<\/figcaption><\/figure>\n\n\n\n<p>O P\u00e1tio Cian\u00ea Shopping recebe, entre os dias 5 e 14 de setembro, a 2\u00aa edi\u00e7\u00e3o do Festival de Flores Cian\u00ea, que promete encantar os visitantes com um verdadeiro espet\u00e1culo da natureza. Com entrada gratuita, o evento re\u00fane mais de 50 op\u00e7\u00f5es de flores, suculentas, plantas ornamentais e frut\u00edferas, em um ambiente imersivo que combina exposi\u00e7\u00e3o e venda.<\/p>\n\n\n\n<p>Entre as esp\u00e9cies dispon\u00edveis, destacam-se orqu\u00eddeas, rosas, girass\u00f3is, margaridas, l\u00edrios, g\u00e9rberas, tulipas e beg\u00f4nias. As suculentas tamb\u00e9m t\u00eam lugar especial, com variedades como Haworthia fasciata, Sedum burrito, Echeveria carnicolor e Sedum carnicolor. J\u00e1 para quem aprecia plantas ornamentais, o festival traz op\u00e7\u00f5es como costela-de-ad\u00e3o, trepadeiras e palmeiras.<\/p>\n\n\n\n<p>O p\u00fablico pode visitar o festival de segunda a s\u00e1bado, das 10h \u00e0s 22h, e aos domingos, das 12h \u00e0s 20h, no Bloco A do shopping, localizado na Av. Doutor Afonso Vergueiro, 823, Centro de Sorocaba, pr\u00f3ximo ao Outback.<\/p>\n\n\n\n<p>A iniciativa, promovida pelo P\u00e1tio Cian\u00ea Shopping, administrado pela Alqia, busca oferecer uma experi\u00eancia \u00fanica aos amantes da jardinagem e da natureza, unindo beleza, diversidade e contato direto com o verde.<\/p>\n\n\n\n<p>Al\u00e9m do Festival de Flores, h\u00e1 outras \u00f3timas op\u00e7\u00f5es para os amantes da natureza e jardinagem:<\/p>\n\n\n\n<p>A 43\u00aa Festa de Flores e Morangos de Atibaia ocorre de 5 a 28 de setembro de 2025, aos finais de semana (sexta a domingo), das 9h \u00e0s 18h, no Parque Ecol\u00f3gico de Atibaia, localizado na Av. Nobuyuki Hiranaka, 566, bairro dos Pires, Atibaia (SP).<\/p>\n\n\n\n<p>A 42\u00aa Expoflora, em Holambra, considerada a maior exposi\u00e7\u00e3o de flores e plantas ornamentais da Am\u00e9rica Latina, acontece de 29 de agosto a 28 de setembro de 2025, \u00e0s sextas, s\u00e1bados e domingos, das 9h \u00e0s 19h, no Parque da Expoflora, em Holambra (SP).<\/p>\n","protected":false},"excerpt":{"rendered":"<p>Por Giovana Lima (Ag\u00eancia Focas- Jornalismo Uniso) O P\u00e1tio Cian\u00ea Shopping recebe, entre os dias 5 e 14 de setembro,<\/p>\n","protected":false},"author":1,"featured_media":0,"comment_status":"open","ping_status":"open","sticky":false,"template":"","format":"standard","meta":{"colormag_page_container_layout":"default_layout","colormag_page_sidebar_layout":"default_layout","footnotes":""},"categories":[15,9,37,14],"tags":[30,41,29,28],"class_list":["post-3982","post","type-post","status-publish","format-standard","hentry","category-jornalismo","category-jornalismo-online","category-sorocaba","category-uniso","tag-focas","tag-focas-na-rede","tag-jornalismo","tag-uniso"],"featured_image_urls":{"full":"","thumbnail":"","medium":"","medium_large":"","large":"","1536x1536":"","2048x2048":"","colormag-highlighted-post":"","colormag-featured-post-medium":"","colormag-featured-post-small":"","colormag-featured-image":"","colormag-default-news":"","colormag-featured-image-large":""},"author_info":{"info":["focas"]},"category_info":"<a href=\"https:\/\/focas.uniso.br\/index.php\/category\/jornalismo\/\" rel=\"category tag\">Jornalismo<\/a> <a href=\"https:\/\/focas.uniso.br\/index.php\/category\/jornalismo-online\/\" rel=\"category tag\">jornalismo online<\/a> <a href=\"https:\/\/focas.uniso.br\/index.php\/category\/sorocaba\/\" rel=\"category tag\">Sorocaba<\/a> <a href=\"https:\/\/focas.uniso.br\/index.php\/category\/uniso\/\" rel=\"category tag\">Uniso<\/a>","tag_info":"Uniso","comment_count":"0","_links":{"self":[{"href":"https:\/\/focas.uniso.br\/index.php\/wp-json\/wp\/v2\/posts\/3982","targetHints":{"allow":["GET"]}}],"collection":[{"href":"https:\/\/focas.uniso.br\/index.php\/wp-json\/wp\/v2\/posts"}],"about":[{"href":"https:\/\/focas.uniso.br\/index.php\/wp-json\/wp\/v2\/types\/post"}],"author":[{"embeddable":true,"href":"https:\/\/focas.uniso.br\/index.php\/wp-json\/wp\/v2\/users\/1"}],"replies":[{"embeddable":true,"href":"https:\/\/focas.uniso.br\/index.php\/wp-json\/wp\/v2\/comments?post=3982"}],"version-history":[{"count":1,"href":"https:\/\/focas.uniso.br\/index.php\/wp-json\/wp\/v2\/posts\/3982\/revisions"}],"predecessor-version":[{"id":3984,"href":"https:\/\/focas.uniso.br\/index.php\/wp-json\/wp\/v2\/posts\/3982\/revisions\/3984"}],"wp:attachment":[{"href":"https:\/\/focas.uniso.br\/index.php\/wp-json\/wp\/v2\/media?parent=3982"}],"wp:term":[{"taxonomy":"category","embeddable":true,"href":"https:\/\/focas.uniso.br\/index.php\/wp-json\/wp\/v2\/categories?post=3982"},{"taxonomy":"post_tag","embeddable":true,"href":"https:\/\/focas.uniso.br\/index.php\/wp-json\/wp\/v2\/tags?post=3982"}],"curies":[{"name":"wp","href":"https:\/\/api.w.org\/{rel}","templated":true}]}}