{"id":3988,"date":"2025-09-10T10:40:36","date_gmt":"2025-09-10T13:40:36","guid":{"rendered":"https:\/\/focas.uniso.br\/?p=3988"},"modified":"2025-09-10T10:40:36","modified_gmt":"2025-09-10T13:40:36","slug":"estudante-da-uniso-e-campeao-da-copa-sul-americana-de-futebol-para-amputados-e-uma-historia-predestinada","status":"publish","type":"post","link":"https:\/\/focas.uniso.br\/index.php\/2025\/09\/10\/estudante-da-uniso-e-campeao-da-copa-sul-americana-de-futebol-para-amputados-e-uma-historia-predestinada\/","title":{"rendered":"Estudante da Uniso \u00e9 campe\u00e3o da Copa Sul-Americana de Futebol para Amputados \u2018\u00e9 uma hist\u00f3ria predestinada\u2019"},"content":{"rendered":"\n<p><em>Pedro Henrique Barbosa, o \u201cPedrinho\u201d, \u00e9 estudante de Psicologia, Meio-campista da Sele\u00e7\u00e3o Brasileira, jogador do S\u00e3o Bento, conquistou o tetracampeonato da Copa Sul-Americana de Futebol para Amputados com a equipe nacional.<\/em><\/p>\n\n\n\n<p>Por Kau\u00e3 Bueno (Ag\u00eancia Focas \u2013 Jornalismo Uniso)<\/p>\n\n\n\n<figure class=\"wp-block-image size-large\"><img loading=\"lazy\" decoding=\"async\" width=\"836\" height=\"1024\" src=\"https:\/\/focas.uniso.br\/wp-content\/uploads\/2025\/09\/WhatsApp-Image-2025-09-10-at-10.27.24-836x1024.jpeg\" alt=\"\" class=\"wp-image-3989\" srcset=\"https:\/\/focas.uniso.br\/wp-content\/uploads\/2025\/09\/WhatsApp-Image-2025-09-10-at-10.27.24-836x1024.jpeg 836w, https:\/\/focas.uniso.br\/wp-content\/uploads\/2025\/09\/WhatsApp-Image-2025-09-10-at-10.27.24-245x300.jpeg 245w, https:\/\/focas.uniso.br\/wp-content\/uploads\/2025\/09\/WhatsApp-Image-2025-09-10-at-10.27.24-768x941.jpeg 768w, https:\/\/focas.uniso.br\/wp-content\/uploads\/2025\/09\/WhatsApp-Image-2025-09-10-at-10.27.24.jpeg 1080w\" sizes=\"auto, (max-width: 836px) 100vw, 836px\" \/><figcaption class=\"wp-element-caption\">arte da Sele\u00e7\u00e3o Brasileira campe\u00e3. Imagem: reprodu\u00e7\u00e3o das redes sociais da cbfamput.<\/figcaption><\/figure>\n\n\n\n<p>A final foi disputada no Mercado Livre Arena Pacaembu, em S\u00e3o Paulo, em 30 de agosto. Ap\u00f3s empate em 1 a 1 no tempo regulamentar e na prorroga\u00e7\u00e3o, o Brasil venceu o Uruguai nos p\u00eanaltis e garantiu o t\u00edtulo.<\/p>\n\n\n\n<p>Essa foi a primeira participa\u00e7\u00e3o oficial de Pedrinho pela Sele\u00e7\u00e3o. \u201cMeu objetivo era esse: representar uma na\u00e7\u00e3o inteira, o Brasil, que \u00e9 o pa\u00eds do futebol. Estar convocado j\u00e1 \u00e9 muito gratificante, mas defender a Sele\u00e7\u00e3o Brasileira \u00e9 um sentimento inexplic\u00e1vel, que nos d\u00e1 ainda mais vontade de correr atr\u00e1s e se manter focado\u201d, afirmou.<\/p>\n\n\n\n<figure class=\"wp-block-image size-large\"><img loading=\"lazy\" decoding=\"async\" width=\"773\" height=\"1024\" src=\"https:\/\/focas.uniso.br\/wp-content\/uploads\/2025\/09\/WhatsApp-Image-2025-09-10-at-10.27.53-773x1024.jpeg\" alt=\"\" class=\"wp-image-3990\" srcset=\"https:\/\/focas.uniso.br\/wp-content\/uploads\/2025\/09\/WhatsApp-Image-2025-09-10-at-10.27.53-773x1024.jpeg 773w, https:\/\/focas.uniso.br\/wp-content\/uploads\/2025\/09\/WhatsApp-Image-2025-09-10-at-10.27.53-227x300.jpeg 227w, https:\/\/focas.uniso.br\/wp-content\/uploads\/2025\/09\/WhatsApp-Image-2025-09-10-at-10.27.53-768x1017.jpeg 768w, https:\/\/focas.uniso.br\/wp-content\/uploads\/2025\/09\/WhatsApp-Image-2025-09-10-at-10.27.53.jpeg 1080w\" sizes=\"auto, (max-width: 773px) 100vw, 773px\" \/><figcaption class=\"wp-element-caption\">Pedrinho com a Ta\u00e7a. Foto: reprodu\u00e7\u00e3o das redes sociais <\/figcaption><\/figure>\n\n\n\n<p>Na fase de grupos, a equipe goleou o Equador por 9 a 0, com destaque para o meia da Uniso, que abriu o placar logo aos 33 segundos. O campeonato foi realizado entre 26 e 30 de agosto.<\/p>\n\n\n\n<p>\u201cSou o atleta mais novo da delega\u00e7\u00e3o, mas estar entre os titulares j\u00e1 consolidados \u00e9 algo incr\u00edvel. O primeiro gol da sele\u00e7\u00e3o nesse campeonato, foi meu com 33 segundos de jogo, fico at\u00e9 arrepiado porque \u00e9 realmente uma hist\u00f3ria predestinada.\u201d<\/p>\n\n\n\n<p>Na sequ\u00eancia, a sele\u00e7\u00e3o derrotou o Chile, com o placar de 5 a 0, tamb\u00e9m enfrentou o Uruguai, vencendo por 2 a 1. J\u00e1 na semifinal, a sele\u00e7\u00e3o derrotou a Col\u00f4mbia, e na grande final, a equipe jogou mais uma vez contra os uruguaios, com vit\u00f3ria nos p\u00eanaltis, por 4 a 3.&nbsp;<\/p>\n\n\n\n<figure class=\"wp-block-image size-large\"><img loading=\"lazy\" decoding=\"async\" width=\"1024\" height=\"1016\" src=\"https:\/\/focas.uniso.br\/wp-content\/uploads\/2025\/09\/WhatsApp-Image-2025-09-10-at-10.28.12-1024x1016.jpeg\" alt=\"\" class=\"wp-image-3991\" srcset=\"https:\/\/focas.uniso.br\/wp-content\/uploads\/2025\/09\/WhatsApp-Image-2025-09-10-at-10.28.12-1024x1016.jpeg 1024w, https:\/\/focas.uniso.br\/wp-content\/uploads\/2025\/09\/WhatsApp-Image-2025-09-10-at-10.28.12-300x298.jpeg 300w, https:\/\/focas.uniso.br\/wp-content\/uploads\/2025\/09\/WhatsApp-Image-2025-09-10-at-10.28.12-150x150.jpeg 150w, https:\/\/focas.uniso.br\/wp-content\/uploads\/2025\/09\/WhatsApp-Image-2025-09-10-at-10.28.12-768x762.jpeg 768w, https:\/\/focas.uniso.br\/wp-content\/uploads\/2025\/09\/WhatsApp-Image-2025-09-10-at-10.28.12.jpeg 1080w\" sizes=\"auto, (max-width: 1024px) 100vw, 1024px\" \/><figcaption class=\"wp-element-caption\">: Sele\u00e7\u00e3o Brasileira levantando a ta\u00e7a. Imagem: reprodu\u00e7\u00e3o das redes sociais da cbfamput<\/figcaption><\/figure>\n\n\n\n<p>Al\u00e9m da conquista, a Sele\u00e7\u00e3o garantiu vaga na Copa do Mundo de 2026, que ser\u00e1 realizada na Costa Rica entre 31 de julho e 9 de agosto. Uruguai e Col\u00f4mbia tamb\u00e9m se classificaram.<\/p>\n\n\n\n<p>\u201cEstou com as expectativas l\u00e1 em cima, para que eu possa integrar a equipe, que eu possa estar l\u00e1 pela Sele\u00e7\u00e3o, fazendo a minha primeira viagem internacional pelo esporte, \u00e9 um sonho e se tudo der certo ser\u00e1 realizado.\u201d<\/p>\n\n\n\n<p>O atleta conclui com as suas expectativas em rela\u00e7\u00e3o ao esporte. \u201cFalando coletivamente, a expectativa \u00e9 que isso gere mais visibilidade para a modalidade, e que as pessoas acompanhem ainda mais o esporte, seja nos est\u00e1dios ou na m\u00eddia.\u201d<\/p>\n","protected":false},"excerpt":{"rendered":"<p>Pedro Henrique Barbosa, o \u201cPedrinho\u201d, \u00e9 estudante de Psicologia, Meio-campista da Sele\u00e7\u00e3o Brasileira, jogador do S\u00e3o Bento, conquistou o tetracampeonato<\/p>\n","protected":false},"author":1,"featured_media":0,"comment_status":"open","ping_status":"open","sticky":false,"template":"","format":"standard","meta":{"colormag_page_container_layout":"default_layout","colormag_page_sidebar_layout":"default_layout","footnotes":""},"categories":[15,9,37,14],"tags":[30,41,29,28],"class_list":["post-3988","post","type-post","status-publish","format-standard","hentry","category-jornalismo","category-jornalismo-online","category-sorocaba","category-uniso","tag-focas","tag-focas-na-rede","tag-jornalismo","tag-uniso"],"featured_image_urls":{"full":"","thumbnail":"","medium":"","medium_large":"","large":"","1536x1536":"","2048x2048":"","colormag-highlighted-post":"","colormag-featured-post-medium":"","colormag-featured-post-small":"","colormag-featured-image":"","colormag-default-news":"","colormag-featured-image-large":""},"author_info":{"info":["focas"]},"category_info":"<a href=\"https:\/\/focas.uniso.br\/index.php\/category\/jornalismo\/\" rel=\"category tag\">Jornalismo<\/a> <a href=\"https:\/\/focas.uniso.br\/index.php\/category\/jornalismo-online\/\" rel=\"category tag\">jornalismo online<\/a> <a href=\"https:\/\/focas.uniso.br\/index.php\/category\/sorocaba\/\" rel=\"category tag\">Sorocaba<\/a> <a href=\"https:\/\/focas.uniso.br\/index.php\/category\/uniso\/\" rel=\"category tag\">Uniso<\/a>","tag_info":"Uniso","comment_count":"0","_links":{"self":[{"href":"https:\/\/focas.uniso.br\/index.php\/wp-json\/wp\/v2\/posts\/3988","targetHints":{"allow":["GET"]}}],"collection":[{"href":"https:\/\/focas.uniso.br\/index.php\/wp-json\/wp\/v2\/posts"}],"about":[{"href":"https:\/\/focas.uniso.br\/index.php\/wp-json\/wp\/v2\/types\/post"}],"author":[{"embeddable":true,"href":"https:\/\/focas.uniso.br\/index.php\/wp-json\/wp\/v2\/users\/1"}],"replies":[{"embeddable":true,"href":"https:\/\/focas.uniso.br\/index.php\/wp-json\/wp\/v2\/comments?post=3988"}],"version-history":[{"count":1,"href":"https:\/\/focas.uniso.br\/index.php\/wp-json\/wp\/v2\/posts\/3988\/revisions"}],"predecessor-version":[{"id":3992,"href":"https:\/\/focas.uniso.br\/index.php\/wp-json\/wp\/v2\/posts\/3988\/revisions\/3992"}],"wp:attachment":[{"href":"https:\/\/focas.uniso.br\/index.php\/wp-json\/wp\/v2\/media?parent=3988"}],"wp:term":[{"taxonomy":"category","embeddable":true,"href":"https:\/\/focas.uniso.br\/index.php\/wp-json\/wp\/v2\/categories?post=3988"},{"taxonomy":"post_tag","embeddable":true,"href":"https:\/\/focas.uniso.br\/index.php\/wp-json\/wp\/v2\/tags?post=3988"}],"curies":[{"name":"wp","href":"https:\/\/api.w.org\/{rel}","templated":true}]}}