{"id":3993,"date":"2025-09-10T12:09:41","date_gmt":"2025-09-10T15:09:41","guid":{"rendered":"https:\/\/focas.uniso.br\/?p=3993"},"modified":"2025-09-10T12:09:41","modified_gmt":"2025-09-10T15:09:41","slug":"dia-mundial-de-prevencao-ao-suicidio","status":"publish","type":"post","link":"https:\/\/focas.uniso.br\/index.php\/2025\/09\/10\/dia-mundial-de-prevencao-ao-suicidio\/","title":{"rendered":"Dia Mundial de Preven\u00e7\u00e3o ao Suic\u00eddio\u00a0"},"content":{"rendered":"\n<p>Por Beatriz Lippi (Ag\u00eancia Focas &#8211; Jornalismo Uniso) <\/p>\n\n\n\n<p>10 de setembro marca o Dia Mundial de Preven\u00e7\u00e3o ao Suic\u00eddio, data que integra a campanha Setembro Amarelo, dedicada \u00e0 conscientiza\u00e7\u00e3o sobre a sa\u00fade mental e \u00e0 valoriza\u00e7\u00e3o da vida. Essa data foi criada pela Associa\u00e7\u00e3o Internacional para a Preven\u00e7\u00e3o do Suic\u00eddio (IASP) em parceria com a Organiza\u00e7\u00e3o Mundial da Sa\u00fade (OMS), com o intuito de estimular o di\u00e1logo sobre o assunto e incentivar a busca por ajuda.<\/p>\n\n\n\n<p>Segundo dados da OMS, mais de 700 mil pessoas morrem por suic\u00eddio todos os anos, sendo a quarta principal causa de morte entre jovens de 15 a 29 anos. No Brasil, o movimento Setembro Amarelo \u00e9 liderado pelo Conselho Federal de Medicina (CFM) e pela Associa\u00e7\u00e3o Brasileira de Psiquiatria (ABP), com diversas a\u00e7\u00f5es de orienta\u00e7\u00e3o \u00e0 popula\u00e7\u00e3o.<\/p>\n\n\n\n<p>A Ag\u00eancia Focas publica uma s\u00e9rie de mat\u00e9rias sobre o Setembro Amarelo, ao longo deste m\u00eas. A produ\u00e7\u00e3o \u00e9 assinada pela aluna de Jornalismo Ana Torres e j\u00e1 tem um texto dispon\u00edvel para leitura: <a href=\"https:\/\/focas.uniso.br\/index.php\/2025\/09\/04\/por-que-os-governos-nao-deveriam-tratar-a-depressao-como-uma-doenca-fisiologica-mas-um-problema-economico-e-social\/\">https:\/\/focas.uniso.br\/index.php\/2025\/09\/04\/por-que-os-governos-nao-deveriam-tratar-a-depressao-como-uma-doenca-fisiologica-mas-um-problema-economico-e-social\/<\/a> A pr\u00f3xima publica\u00e7\u00e3o est\u00e1 prevista para amanh\u00e3.<\/p>\n\n\n\n<h2 class=\"wp-block-heading\"><strong>Servi\u00e7o<\/strong><\/h2>\n\n\n\n<p>Em caso de necessidade, \u00e9 poss\u00edvel buscar atendimento nos servi\u00e7os de sa\u00fade ou entrar em contato pelo CVV (Centro de Valoriza\u00e7\u00e3o da Vida), dispon\u00edvel 24 horas pelo telefone 188 ou pelo site <a href=\"https:\/\/www.cvv.org.br\" data-type=\"link\" data-id=\"https:\/\/www.cvv.org.br\">www.cvv.org.br<\/a>.<\/p>\n\n\n\n<p><\/p>\n","protected":false},"excerpt":{"rendered":"<p>Por Beatriz Lippi (Ag\u00eancia Focas &#8211; Jornalismo Uniso) 10 de setembro marca o Dia Mundial de Preven\u00e7\u00e3o ao Suic\u00eddio, data<\/p>\n","protected":false},"author":1,"featured_media":0,"comment_status":"open","ping_status":"open","sticky":false,"template":"","format":"standard","meta":{"colormag_page_container_layout":"default_layout","colormag_page_sidebar_layout":"default_layout","footnotes":""},"categories":[15,9,37,14],"tags":[30,41,29,28],"class_list":["post-3993","post","type-post","status-publish","format-standard","hentry","category-jornalismo","category-jornalismo-online","category-sorocaba","category-uniso","tag-focas","tag-focas-na-rede","tag-jornalismo","tag-uniso"],"featured_image_urls":{"full":"","thumbnail":"","medium":"","medium_large":"","large":"","1536x1536":"","2048x2048":"","colormag-highlighted-post":"","colormag-featured-post-medium":"","colormag-featured-post-small":"","colormag-featured-image":"","colormag-default-news":"","colormag-featured-image-large":""},"author_info":{"info":["focas"]},"category_info":"<a href=\"https:\/\/focas.uniso.br\/index.php\/category\/jornalismo\/\" rel=\"category tag\">Jornalismo<\/a> <a href=\"https:\/\/focas.uniso.br\/index.php\/category\/jornalismo-online\/\" rel=\"category tag\">jornalismo online<\/a> <a href=\"https:\/\/focas.uniso.br\/index.php\/category\/sorocaba\/\" rel=\"category tag\">Sorocaba<\/a> <a href=\"https:\/\/focas.uniso.br\/index.php\/category\/uniso\/\" rel=\"category tag\">Uniso<\/a>","tag_info":"Uniso","comment_count":"0","_links":{"self":[{"href":"https:\/\/focas.uniso.br\/index.php\/wp-json\/wp\/v2\/posts\/3993","targetHints":{"allow":["GET"]}}],"collection":[{"href":"https:\/\/focas.uniso.br\/index.php\/wp-json\/wp\/v2\/posts"}],"about":[{"href":"https:\/\/focas.uniso.br\/index.php\/wp-json\/wp\/v2\/types\/post"}],"author":[{"embeddable":true,"href":"https:\/\/focas.uniso.br\/index.php\/wp-json\/wp\/v2\/users\/1"}],"replies":[{"embeddable":true,"href":"https:\/\/focas.uniso.br\/index.php\/wp-json\/wp\/v2\/comments?post=3993"}],"version-history":[{"count":1,"href":"https:\/\/focas.uniso.br\/index.php\/wp-json\/wp\/v2\/posts\/3993\/revisions"}],"predecessor-version":[{"id":3994,"href":"https:\/\/focas.uniso.br\/index.php\/wp-json\/wp\/v2\/posts\/3993\/revisions\/3994"}],"wp:attachment":[{"href":"https:\/\/focas.uniso.br\/index.php\/wp-json\/wp\/v2\/media?parent=3993"}],"wp:term":[{"taxonomy":"category","embeddable":true,"href":"https:\/\/focas.uniso.br\/index.php\/wp-json\/wp\/v2\/categories?post=3993"},{"taxonomy":"post_tag","embeddable":true,"href":"https:\/\/focas.uniso.br\/index.php\/wp-json\/wp\/v2\/tags?post=3993"}],"curies":[{"name":"wp","href":"https:\/\/api.w.org\/{rel}","templated":true}]}}