{"id":427,"date":"2016-08-10T17:22:00","date_gmt":"2016-08-10T17:22:00","guid":{"rendered":"http:\/\/focas.uniso.br\/index.php\/2016\/08\/10\/uniso-recebe-tocha-olimpica\/"},"modified":"2016-08-10T17:22:00","modified_gmt":"2016-08-10T17:22:00","slug":"uniso-recebe-tocha-olimpica","status":"publish","type":"post","link":"https:\/\/focas.uniso.br\/index.php\/2016\/08\/10\/uniso-recebe-tocha-olimpica\/","title":{"rendered":"Uniso recebe Tocha Ol\u00edmpica"},"content":{"rendered":"<div style=\"clear: both; text-align: center;\"><a href=\"https:\/\/2.bp.blogspot.com\/-AYbTLu-9SJQ\/V-AeicZ6o4I\/AAAAAAAAFME\/xIKBCmHqdn0kUia8DAkcyKNkwGmJeOvegCLcB\/s1600\/13938090_1045027642252748_776629297054129410_o.jpg\" style=\"margin-left: 1em; margin-right: 1em;\"><img loading=\"lazy\" decoding=\"async\" border=\"0\" height=\"265\" src=\"https:\/\/2.bp.blogspot.com\/-AYbTLu-9SJQ\/V-AeicZ6o4I\/AAAAAAAAFME\/xIKBCmHqdn0kUia8DAkcyKNkwGmJeOvegCLcB\/s400\/13938090_1045027642252748_776629297054129410_o.jpg\" width=\"400\" \/><\/a><\/div>\n<p><\/p>\n<div style=\"background-color: white; color: #1d2129; font-family: helvetica, arial, sans-serif; font-size: 14px; margin-bottom: 6px;\"><\/div>\n<div style=\"background-color: white; color: #1d2129; font-family: helvetica, arial, sans-serif; font-size: 14px; margin-bottom: 6px;\"><\/div>\n<div style=\"text-align: justify;\">O agente social e criador do grupo Vagas de Emprego em Sorocaba, no Facebook, P\u00e9ricles R\u00e9gis, 30 anos, esteve na Universidade de Sorocaba (Uniso), nesta ter\u00e7a-feira (9), para trazer a Tocha Ol\u00edmpica. Em conversa com os alunos de Jornalismo, R\u00e9gis contou sobre a experi\u00eancia como um dos representantes de Sorocaba para participar do Revezamento da Tocha Ol\u00edmpica.<\/div>\n<div style=\"text-align: justify;\">Segundo R\u00e9gis, que \u00e9 conhecido pelo grupo na rede social, criado h\u00e1 quatro anos com mais de 300 mil membros, ele sofreu cr\u00edticas por ser convidado a carregar o s\u00edmbolo ol\u00edmpico. \u201cA popula\u00e7\u00e3o acreditava que era tudo patrocinado pelo governo\u201d, diz. No entanto, ele participou do evento em patroc\u00ednio com a Coca-Cola (Sorocaba Refrescos), Nissan e Banco Bradesco.<\/div>\n<div style=\"text-align: justify;\">\u201cA passagem da chama Ol\u00edmpica foi um marco para Sorocaba, \u00e9 importante para o reconhecimento dos valores, como respeito, amizade e excel\u00eancia. E \u00e9 uma data que vai entrar para a hist\u00f3ria, ningu\u00e9m vai ver essa tocha por aqui t\u00e3o cedo, novamente\u201d, ressalta R\u00e9gis. Comentou ainda sobre a satisfa\u00e7\u00e3o pessoal que teve ao participar do revezamento. \u201c\u00c9 o que eu falo para os meus filhos, quando sofrerem bullying, falem que seu pai carregou a tocha e pronto, j\u00e1 ganhou a briga\u201d.<\/div>\n<div style=\"text-align: justify;\"><a href=\"https:\/\/4.bp.blogspot.com\/-6dxaZhkoKuQ\/V-AeiYtznWI\/AAAAAAAAFMI\/4CWr2czaHmoJpgK-eN0oCZ4pB5nOp4CRgCLcB\/s1600\/13938257_1045029558919223_8243539860929098648_o.jpg\" style=\"clear: right; float: right; margin-bottom: 1em; margin-left: 1em;\"><img loading=\"lazy\" decoding=\"async\" border=\"0\" height=\"212\" src=\"https:\/\/4.bp.blogspot.com\/-6dxaZhkoKuQ\/V-AeiYtznWI\/AAAAAAAAFMI\/4CWr2czaHmoJpgK-eN0oCZ4pB5nOp4CRgCLcB\/s320\/13938257_1045029558919223_8243539860929098648_o.jpg\" width=\"320\" \/><\/a>Para o jornalista e professor Fernando Negr\u00e3o Duarte foi um momento \u00fanico e emocionante para os alunos. \u201cEles tiveram acesso \u00e0 hist\u00f3ria do condutor e puderam conhecer o s\u00edmbolo, \u00edcone hist\u00f3rico que ser\u00e1 eterno. Isso \u00e9 gratificante, um aprendizado, fica um pouco dessa hist\u00f3ria, do nosso cotidiano na universidade\u201d.&nbsp;<\/div>\n<div style=\"text-align: justify;\">Regis levou a Tocha Ol\u00edmpica para duas crian\u00e7as, uma da Funda\u00e7\u00e3o Casa, e outra que escreveu uma carta motivadora para ele. \u201cCrian\u00e7as s\u00e3o as que mais t\u00eam valor ol\u00edmpico no mundo\u201d, conclui.<\/div>\n<p><\/p>\n<div style=\"background-color: white; display: inline; margin-top: 6px;\"><\/div>\n<div>\n<div style=\"background-color: white; display: inline; margin-top: 6px;\"><\/div>\n<p><a name='more'><\/a><\/p>\n<div style=\"text-align: justify;\"><span style=\"color: #1d2129; font-family: helvetica, arial, sans-serif; font-size: 14px;\"><br \/><\/span><\/div>\n<\/div>\n<p><span style=\"color: #1d2129; font-family: helvetica, arial, sans-serif; font-size: 14px;\"><\/p>\n<div style=\"text-align: justify;\">Texto: Thatiane Silva (Ag\u00eanciaJor\/Uniso)<\/div>\n<p><\/span><span style=\"color: #1d2129; font-family: helvetica, arial, sans-serif; font-size: 14px;\"><\/p>\n<div style=\"text-align: justify;\">Fotos: Lucas Monteiro (Ag\u00eanciaJor\/Uniso)<\/div>\n<p><\/span><\/p>\n","protected":false},"excerpt":{"rendered":"<p>O agente social e criador do grupo Vagas de Emprego em Sorocaba, no Facebook, P\u00e9ricles R\u00e9gis, 30 anos, esteve na<\/p>\n","protected":false},"author":1,"featured_media":0,"comment_status":"open","ping_status":"open","sticky":false,"template":"","format":"standard","meta":{"colormag_page_container_layout":"default_layout","colormag_page_sidebar_layout":"default_layout","footnotes":""},"categories":[1],"tags":[],"class_list":["post-427","post","type-post","status-publish","format-standard","hentry","category-uncategorized"],"featured_image_urls":{"full":"","thumbnail":"","medium":"","medium_large":"","large":"","1536x1536":"","2048x2048":"","colormag-highlighted-post":"","colormag-featured-post-medium":"","colormag-featured-post-small":"","colormag-featured-image":"","colormag-default-news":"","colormag-featured-image-large":""},"author_info":{"info":["focas"]},"category_info":"<a href=\"https:\/\/focas.uniso.br\/index.php\/category\/uncategorized\/\" rel=\"category tag\">Uncategorized<\/a>","tag_info":"Uncategorized","comment_count":"0","_links":{"self":[{"href":"https:\/\/focas.uniso.br\/index.php\/wp-json\/wp\/v2\/posts\/427","targetHints":{"allow":["GET"]}}],"collection":[{"href":"https:\/\/focas.uniso.br\/index.php\/wp-json\/wp\/v2\/posts"}],"about":[{"href":"https:\/\/focas.uniso.br\/index.php\/wp-json\/wp\/v2\/types\/post"}],"author":[{"embeddable":true,"href":"https:\/\/focas.uniso.br\/index.php\/wp-json\/wp\/v2\/users\/1"}],"replies":[{"embeddable":true,"href":"https:\/\/focas.uniso.br\/index.php\/wp-json\/wp\/v2\/comments?post=427"}],"version-history":[{"count":0,"href":"https:\/\/focas.uniso.br\/index.php\/wp-json\/wp\/v2\/posts\/427\/revisions"}],"wp:attachment":[{"href":"https:\/\/focas.uniso.br\/index.php\/wp-json\/wp\/v2\/media?parent=427"}],"wp:term":[{"taxonomy":"category","embeddable":true,"href":"https:\/\/focas.uniso.br\/index.php\/wp-json\/wp\/v2\/categories?post=427"},{"taxonomy":"post_tag","embeddable":true,"href":"https:\/\/focas.uniso.br\/index.php\/wp-json\/wp\/v2\/tags?post=427"}],"curies":[{"name":"wp","href":"https:\/\/api.w.org\/{rel}","templated":true}]}}