{"id":430,"date":"2016-06-23T16:56:00","date_gmt":"2016-06-23T16:56:00","guid":{"rendered":"http:\/\/focas.uniso.br\/index.php\/2016\/06\/23\/uniso-inaugura-hospital-veterinario\/"},"modified":"2016-06-23T16:56:00","modified_gmt":"2016-06-23T16:56:00","slug":"uniso-inaugura-hospital-veterinario","status":"publish","type":"post","link":"https:\/\/focas.uniso.br\/index.php\/2016\/06\/23\/uniso-inaugura-hospital-veterinario\/","title":{"rendered":"Uniso inaugura hospital veterin\u00e1rio"},"content":{"rendered":"<p><\/p>\n<div style=\"clear: both; text-align: center;\"><a href=\"https:\/\/1.bp.blogspot.com\/--MStyYUf7WQ\/V-AcaqOrEVI\/AAAAAAAAFLs\/CvPcEFyX5SQAUpDAISodFeCKupK0YwjFACLcB\/s1600\/13701205_1028883570533822_5384860035376834277_o.jpg\" style=\"margin-left: 1em; margin-right: 1em;\"><img loading=\"lazy\" decoding=\"async\" border=\"0\" height=\"266\" src=\"https:\/\/1.bp.blogspot.com\/--MStyYUf7WQ\/V-AcaqOrEVI\/AAAAAAAAFLs\/CvPcEFyX5SQAUpDAISodFeCKupK0YwjFACLcB\/s400\/13701205_1028883570533822_5384860035376834277_o.jpg\" width=\"400\" \/><\/a><\/div>\n<p><\/p>\n<div style=\"background-color: white; color: #1d2129; font-family: helvetica, arial, sans-serif; font-size: 14px; margin-bottom: 6px; margin-top: 6px;\"><\/div>\n<div style=\"background-color: white; color: #1d2129; font-family: helvetica, arial, sans-serif; font-size: 14px; margin-bottom: 6px; margin-top: 6px; text-align: justify;\">A Universidade de Sorocaba inaugurou um Hospital Veterin\u00e1rio para atender animais de pequeno e grande porte, al\u00e9m de animais silvestres. O local foi idealizado para as aulas pr\u00e1ticas do curso de Medicina Veterin\u00e1ria, contando com infraestrutura para a realiza\u00e7\u00e3o de cirurgias e atendimento cl\u00ednico dos animais. A inaugura\u00e7\u00e3o solene foi no dia 23 de junho e o hospital est\u00e1 localizado em uma \u00e1rea ao lado da Uniso, na Rua Rafael Lobo de Moraes, s\/n\u00ba, Brigadeiro Tobias.<\/div>\n<div style=\"clear: both; text-align: center;\"><a href=\"https:\/\/3.bp.blogspot.com\/-SXNQUZ87ecU\/V-AcaHAF4-I\/AAAAAAAAFLk\/Tt1u2Uw62l0rsHsSXUlUzaY7_v_Ggs3nQCLcB\/s1600\/13691101_1028883540533825_6943018000574013802_o.jpg\" style=\"clear: right; float: right; margin-bottom: 1em; margin-left: 1em; text-align: justify;\"><img loading=\"lazy\" decoding=\"async\" border=\"0\" height=\"213\" src=\"https:\/\/3.bp.blogspot.com\/-SXNQUZ87ecU\/V-AcaHAF4-I\/AAAAAAAAFLk\/Tt1u2Uw62l0rsHsSXUlUzaY7_v_Ggs3nQCLcB\/s320\/13691101_1028883540533825_6943018000574013802_o.jpg\" width=\"320\" \/><\/a><\/div>\n<div style=\"background-color: white; color: #1d2129; font-family: helvetica, arial, sans-serif; font-size: 14px; margin-bottom: 6px; margin-top: 6px; text-align: justify;\">Aldo Vannucchi, assessor especial da reitoria, falou aos presentes destacando como cada novo passo forma a hist\u00f3ria da Uniso. &#8220;Eu gostaria que nos sent\u00edssemos em casa e em fam\u00edlia. A funda\u00e7\u00e3o n\u00e3o \u00e9 somente pessoa jur\u00eddica, mas alicerce, base de toda nossa hist\u00f3ria. Passado, presente e certamente um futuro brilhante&#8221;, disse ele, que, al\u00e9m de contar um pouco da hist\u00f3ria que come\u00e7ou em 1963, ainda citou uma cantiga que comp\u00f4s em homenagem \u00e0 funda\u00e7\u00e3o. Presidente da Funda\u00e7\u00e3o Dom Aguirre (FDA), Dom Eduardo Benes de Sales relembrou os tempos dif\u00edceis que a Uniso e o Col\u00e9gio Dom Aguirre atravessaram e elogiou as conquistas que fizeram com que ambos crescessem. Em discurso breve, ele fez uma homenagem p\u00f3stuma a Dom Aguirre, primeiro bispo que iniciou os cursos da universidade e disse que a inaugura\u00e7\u00e3o do hospital est\u00e1 sendo elogiada pela comunidade sorocabana.<\/div>\n<div style=\"background-color: white; color: #1d2129; font-family: helvetica, arial, sans-serif; font-size: 14px; margin-bottom: 6px; margin-top: 6px; text-align: justify;\">&#8220;Nossa Universidade n\u00e3o caminha para ser a maior, mas para ser cada vez melhor. Hoje a Uniso e Sorocaba ganham&#8221;, disse o reitor Fernando de S\u00e1 Del Fiol. Segundo ele, \u00e9 uma satisfa\u00e7\u00e3o estar construindo uma parte da hist\u00f3ria da universidade, sabendo o qu\u00e3o dif\u00edcil \u00e9 concluir um projeto desse porte. \u201cA gente comemora muito cada conquista. A Uniso tem somente vinte anos e j\u00e1 come\u00e7a muito bem. Cada pedacinho que a gente constr\u00f3i vai ficar pelos pr\u00f3ximos cem, duzentos anos, isso d\u00e1 muito orgulho\u201d.<\/div>\n<div style=\"background-color: white; color: #1d2129; font-family: helvetica, arial, sans-serif; font-size: 14px; margin-bottom: 6px; margin-top: 6px;\"><a href=\"https:\/\/2.bp.blogspot.com\/-K_g-QNr8XWk\/V-AcavJ5EPI\/AAAAAAAAFLw\/mWTuOqvHQoIf0zIxUcZ03_60Wf29yDH1gCLcB\/s1600\/13723838_1028883687200477_3728943211815079114_o.jpg\" style=\"clear: left; float: left; margin-bottom: 1em; margin-right: 1em; text-align: justify;\"><img loading=\"lazy\" decoding=\"async\" border=\"0\" height=\"214\" src=\"https:\/\/2.bp.blogspot.com\/-K_g-QNr8XWk\/V-AcavJ5EPI\/AAAAAAAAFLw\/mWTuOqvHQoIf0zIxUcZ03_60Wf29yDH1gCLcB\/s320\/13723838_1028883687200477_3728943211815079114_o.jpg\" width=\"320\" \/><\/a><\/div>\n<div style=\"text-align: justify;\">A coordenadora do curso de Medicina Veterin\u00e1ria, Ana Carolina Porto, afirmou ser satisfat\u00f3rio ver o trabalho crescer e ressaltou a import\u00e2ncia do hospital para que os alunos possam exercitar o que \u00e9 aprendido dentro da sala de aula. Durante seu discurso, ela agradeceu \u00e0 reitoria, aos funcion\u00e1rios e dedicou a conquista a um grupo em especial. &#8220;Gostaria de dedicar isso a todos os alunos de Medicina Veterin\u00e1ria, mas, principalmente, aos alunos da primeira turma, que confiaram no curso e acabaram se tornando colaboradores ativos dessa hist\u00f3ria&#8221;. Ela recebeu tamb\u00e9m uma homenagem dos estudantes ao longo da cerim\u00f4nia por sua atua\u00e7\u00e3o dentro do curso.<\/div>\n<p><\/p>\n<div style=\"background-color: white; color: #1d2129; font-family: helvetica, arial, sans-serif; font-size: 14px; margin-bottom: 6px; margin-top: 6px; text-align: justify;\">Um dos integrantes dessa turma, Fabiano Oliveira al\u00e9m de aluno, \u00e9 tamb\u00e9m funcion\u00e1rio do hospital e foi o escolhido para representar os estudantes de veterin\u00e1ria na cerim\u00f4nia. \u201cEu tenho o privil\u00e9gio de, al\u00e9m de ser aluno da primeira turma, tamb\u00e9m estar na parte administrativa, fazendo com que exista um crescimento do curso, um incentivo\u201d. Segundo ele, vivenciar essa conquista \u00e9 algo \u00fanico. \u201cSou grato \u00e0 reitoria por ter nos dado essa oportunidade e por estar fazendo com que o curso de veterin\u00e1ria seja reconhecido em Sorocaba\u201d.<\/div>\n<div style=\"background-color: white; color: #1d2129; font-family: helvetica, arial, sans-serif; font-size: 14px; margin-bottom: 6px; margin-top: 6px; text-align: justify;\">O hospital j\u00e1 funciona h\u00e1 cerca de seis meses no atendimento de animais de pequeno porte, pertencentes a funcion\u00e1rios e alunos. A partir do segundo semestre, em agosto, iniciar\u00e1 a assist\u00eancia e atendimento a animais de grande porte e animais silvestres. O atendimento aberto \u00e0 comunidade ser\u00e1 feito em breve. A inaugura\u00e7\u00e3o foi acompanhada por representantes de comunidade acad\u00eamica e autoridades, como o vereador de Sorocaba, Carlos Leite.<\/div>\n<div style=\"background-color: white; color: #1d2129; font-family: helvetica, arial, sans-serif; font-size: 14px; margin-bottom: 6px; margin-top: 6px;\"><a href=\"https:\/\/2.bp.blogspot.com\/-jSNJQS7PUM0\/V-AcaAFQdXI\/AAAAAAAAFLg\/BqCJU-BgLOk-hNHThkgPxJ4_pwuXjumnACLcB\/s1600\/13690959_1028883573867155_8217017479484352358_o.jpg\" style=\"clear: right; float: right; margin-bottom: 1em; margin-left: 1em; text-align: justify;\"><img loading=\"lazy\" decoding=\"async\" border=\"0\" height=\"213\" src=\"https:\/\/2.bp.blogspot.com\/-jSNJQS7PUM0\/V-AcaAFQdXI\/AAAAAAAAFLg\/BqCJU-BgLOk-hNHThkgPxJ4_pwuXjumnACLcB\/s320\/13690959_1028883573867155_8217017479484352358_o.jpg\" width=\"320\" \/><\/a><\/div>\n<div style=\"text-align: justify;\">Medalha Cultural Dom Aguirre<\/div>\n<p><\/p>\n<div style=\"background-color: white; color: #1d2129; font-family: helvetica, arial, sans-serif; font-size: 14px; margin-bottom: 6px; margin-top: 6px; text-align: justify;\">Durante a cerim\u00f4nia de inaugura\u00e7\u00e3o, ocorreu a entrega da Medalha Cultural Dom Aguirre 2016, que homenageia tr\u00eas pessoas ou institui\u00e7\u00f5es que tenham contribu\u00eddo com o trabalho da Funda\u00e7\u00e3o Dom Aguirre de alguma forma. Os tr\u00eas contemplados com a medalha esse ano foram Helenice de Barros, administradora geral; Dawilson Menna Junior, respons\u00e1vel pelo setor de engenharia da funda\u00e7\u00e3o e Etevaldo Queiroz Faria, advogado da FDA.<\/div>\n<div style=\"background-color: white; margin-bottom: 6px; margin-top: 6px;\"><\/div>\n<p><a name='more'><\/a><\/p>\n<div style=\"text-align: justify;\"><span style=\"color: #1d2129; font-family: helvetica, arial, sans-serif; font-size: 14px;\"><br \/><\/span><\/div>\n<p><\/p>\n<div style=\"background-color: white; color: #1d2129; display: inline; font-family: helvetica, arial, sans-serif; font-size: 14px; margin-top: 6px;\"><\/div>\n<div style=\"text-align: justify;\">Texto: Giulia Vasovino_Ag\u00eancia JOR\/Uniso<\/div>\n<div style=\"text-align: justify;\">Fotos: Lucas Ant\u00f4nio_Ag\u00eancia JOR\/Uniso<\/div>\n","protected":false},"excerpt":{"rendered":"<p>A Universidade de Sorocaba inaugurou um Hospital Veterin\u00e1rio para atender animais de pequeno e grande porte, al\u00e9m de animais silvestres.<\/p>\n","protected":false},"author":1,"featured_media":0,"comment_status":"open","ping_status":"open","sticky":false,"template":"","format":"standard","meta":{"colormag_page_container_layout":"default_layout","colormag_page_sidebar_layout":"default_layout","footnotes":""},"categories":[1],"tags":[],"class_list":["post-430","post","type-post","status-publish","format-standard","hentry","category-uncategorized"],"featured_image_urls":{"full":"","thumbnail":"","medium":"","medium_large":"","large":"","1536x1536":"","2048x2048":"","colormag-highlighted-post":"","colormag-featured-post-medium":"","colormag-featured-post-small":"","colormag-featured-image":"","colormag-default-news":"","colormag-featured-image-large":""},"author_info":{"info":["focas"]},"category_info":"<a href=\"https:\/\/focas.uniso.br\/index.php\/category\/uncategorized\/\" rel=\"category tag\">Uncategorized<\/a>","tag_info":"Uncategorized","comment_count":"0","_links":{"self":[{"href":"https:\/\/focas.uniso.br\/index.php\/wp-json\/wp\/v2\/posts\/430","targetHints":{"allow":["GET"]}}],"collection":[{"href":"https:\/\/focas.uniso.br\/index.php\/wp-json\/wp\/v2\/posts"}],"about":[{"href":"https:\/\/focas.uniso.br\/index.php\/wp-json\/wp\/v2\/types\/post"}],"author":[{"embeddable":true,"href":"https:\/\/focas.uniso.br\/index.php\/wp-json\/wp\/v2\/users\/1"}],"replies":[{"embeddable":true,"href":"https:\/\/focas.uniso.br\/index.php\/wp-json\/wp\/v2\/comments?post=430"}],"version-history":[{"count":0,"href":"https:\/\/focas.uniso.br\/index.php\/wp-json\/wp\/v2\/posts\/430\/revisions"}],"wp:attachment":[{"href":"https:\/\/focas.uniso.br\/index.php\/wp-json\/wp\/v2\/media?parent=430"}],"wp:term":[{"taxonomy":"category","embeddable":true,"href":"https:\/\/focas.uniso.br\/index.php\/wp-json\/wp\/v2\/categories?post=430"},{"taxonomy":"post_tag","embeddable":true,"href":"https:\/\/focas.uniso.br\/index.php\/wp-json\/wp\/v2\/tags?post=430"}],"curies":[{"name":"wp","href":"https:\/\/api.w.org\/{rel}","templated":true}]}}