{"id":431,"date":"2016-05-25T20:50:00","date_gmt":"2016-05-25T20:50:00","guid":{"rendered":"http:\/\/focas.uniso.br\/index.php\/2016\/05\/25\/animacao-o-menino-e-o-mundo-sera-exibida-na-uniso\/"},"modified":"2016-05-25T20:50:00","modified_gmt":"2016-05-25T20:50:00","slug":"animacao-o-menino-e-o-mundo-sera-exibida-na-uniso","status":"publish","type":"post","link":"https:\/\/focas.uniso.br\/index.php\/2016\/05\/25\/animacao-o-menino-e-o-mundo-sera-exibida-na-uniso\/","title":{"rendered":"Anima\u00e7\u00e3o O menino e o mundo ser\u00e1 exibida na Uniso"},"content":{"rendered":"<div style=\"clear: both; text-align: center;\"><a href=\"https:\/\/fbcdn-sphotos-h-a.akamaihd.net\/hphotos-ak-xtp1\/v\/t1.0-9\/13256173_993129314109248_1213083670052766783_n.jpg?oh=bf7e4adf32a8d620385698726c76ee15&amp;oe=57D7F5B0&amp;__gda__=1474709894_c0e0447a5bb425a9acd72fd89ffd6e20\" style=\"clear: left; float: left; margin-bottom: 1em; margin-right: 1em;\"><img loading=\"lazy\" decoding=\"async\" border=\"0\" height=\"320\" src=\"https:\/\/fbcdn-sphotos-h-a.akamaihd.net\/hphotos-ak-xtp1\/v\/t1.0-9\/13256173_993129314109248_1213083670052766783_n.jpg?oh=bf7e4adf32a8d620385698726c76ee15&amp;oe=57D7F5B0&amp;__gda__=1474709894_c0e0447a5bb425a9acd72fd89ffd6e20\" width=\"214\" \/><\/a><\/div>\n<div style=\"background-color: white; line-height: 19.32px; margin-bottom: 6px; margin-top: 6px;\"><span style=\"font-family: Arial, Helvetica, sans-serif;\">Os alunos do sexto semestre de Publicidade e Propaganda realizar\u00e3o, na pr\u00f3xima ter\u00e7a-feira (31 de maio), o 1\u00b0 Cine Flix Uniso, um projeto desenvolvido para a disciplina de Produ\u00e7\u00e3o de Eventos da professora Neliane Leone. O filme a ser exibido \u00e9 O Menino e o Mundo, anima\u00e7\u00e3o brasileira que concorreu ao Oscar e contou com a participa\u00e7\u00e3o do professor da Uniso Gil Caserta. A sess\u00e3o ser\u00e1 \u00e0s 19h, no audit\u00f3rio do bloco F, da Cidade Universit\u00e1ria.<\/span><\/div>\n<div style=\"background-color: white; line-height: 19.32px; margin-bottom: 6px; margin-top: 6px;\"><span style=\"font-family: Arial, Helvetica, sans-serif;\">\u201cO mote do evento \u00e9 ajudar na constru\u00e7\u00e3o da biblioteca da Institui\u00e7\u00e3o Crian\u00e7a Feliz, que \u00e9 uma institui\u00e7\u00e3o que auxilia crian\u00e7as com dificuldades de aprendizado para que elas consigam acompanhar o ensino nas escolas regulares\u201d, explica Giovanna Tegani, uma das organizadoras do evento. Sobre o motivo de ter escolhido esse filme, ela diz que al\u00e9m de ter a participa\u00e7\u00e3o do professor, a tem\u00e1tica encaixa no contexto. \u201cO objetivo seria promover um debate das quest\u00f5es sociais que envolvem as crian\u00e7as do Brasil e toda essa parte que o filme aborda\u201d.<\/span><\/div>\n<div style=\"background-color: white; line-height: 19.32px; margin-bottom: 6px; margin-top: 6px;\"><span style=\"font-family: Arial, Helvetica, sans-serif;\">Para participar, basta contribuir com a doa\u00e7\u00e3o de um livro infantil ou gibi, que ser\u00e1 trocado por um ingresso para a sess\u00e3o. As trocas acontecem na sala 101A do Bloco B, das 19h \u00e0s 22h e ser\u00e3o feitas at\u00e9 o dia do evento. Os ingressos s\u00e3o limitados.<\/span><\/div>\n<div style=\"background-color: white; display: inline; line-height: 19.32px; margin-top: 6px;\"><span style=\"font-family: Arial, Helvetica, sans-serif;\"><\/span><\/div>\n<div>\n<div style=\"background-color: white; display: inline; line-height: 19.32px; margin-top: 6px;\"><span style=\"font-family: Arial, Helvetica, sans-serif;\"><span style=\"font-family: Arial, Helvetica, sans-serif;\">_______________________________<\/span><\/span><\/div>\n<\/div>\n<p><span style=\"font-family: Arial, Helvetica, sans-serif;\">Texto: Giulia Vasovino, Ag\u00eancia JOR\/Uniso<\/span><\/p>\n","protected":false},"excerpt":{"rendered":"<p>Os alunos do sexto semestre de Publicidade e Propaganda realizar\u00e3o, na pr\u00f3xima ter\u00e7a-feira (31 de maio), o 1\u00b0 Cine Flix<\/p>\n","protected":false},"author":1,"featured_media":0,"comment_status":"open","ping_status":"open","sticky":false,"template":"","format":"standard","meta":{"colormag_page_container_layout":"default_layout","colormag_page_sidebar_layout":"default_layout","footnotes":""},"categories":[1],"tags":[],"class_list":["post-431","post","type-post","status-publish","format-standard","hentry","category-uncategorized"],"featured_image_urls":{"full":"","thumbnail":"","medium":"","medium_large":"","large":"","1536x1536":"","2048x2048":"","colormag-highlighted-post":"","colormag-featured-post-medium":"","colormag-featured-post-small":"","colormag-featured-image":"","colormag-default-news":"","colormag-featured-image-large":""},"author_info":{"info":["focas"]},"category_info":"<a href=\"https:\/\/focas.uniso.br\/index.php\/category\/uncategorized\/\" rel=\"category tag\">Uncategorized<\/a>","tag_info":"Uncategorized","comment_count":"0","_links":{"self":[{"href":"https:\/\/focas.uniso.br\/index.php\/wp-json\/wp\/v2\/posts\/431","targetHints":{"allow":["GET"]}}],"collection":[{"href":"https:\/\/focas.uniso.br\/index.php\/wp-json\/wp\/v2\/posts"}],"about":[{"href":"https:\/\/focas.uniso.br\/index.php\/wp-json\/wp\/v2\/types\/post"}],"author":[{"embeddable":true,"href":"https:\/\/focas.uniso.br\/index.php\/wp-json\/wp\/v2\/users\/1"}],"replies":[{"embeddable":true,"href":"https:\/\/focas.uniso.br\/index.php\/wp-json\/wp\/v2\/comments?post=431"}],"version-history":[{"count":0,"href":"https:\/\/focas.uniso.br\/index.php\/wp-json\/wp\/v2\/posts\/431\/revisions"}],"wp:attachment":[{"href":"https:\/\/focas.uniso.br\/index.php\/wp-json\/wp\/v2\/media?parent=431"}],"wp:term":[{"taxonomy":"category","embeddable":true,"href":"https:\/\/focas.uniso.br\/index.php\/wp-json\/wp\/v2\/categories?post=431"},{"taxonomy":"post_tag","embeddable":true,"href":"https:\/\/focas.uniso.br\/index.php\/wp-json\/wp\/v2\/tags?post=431"}],"curies":[{"name":"wp","href":"https:\/\/api.w.org\/{rel}","templated":true}]}}