{"id":432,"date":"2016-05-24T20:55:00","date_gmt":"2016-05-24T20:55:00","guid":{"rendered":"http:\/\/focas.uniso.br\/index.php\/2016\/05\/24\/mestrado-em-comunicacao-e-cultura-comemora-10-anos\/"},"modified":"2016-05-24T20:55:00","modified_gmt":"2016-05-24T20:55:00","slug":"mestrado-em-comunicacao-e-cultura-comemora-10-anos","status":"publish","type":"post","link":"https:\/\/focas.uniso.br\/index.php\/2016\/05\/24\/mestrado-em-comunicacao-e-cultura-comemora-10-anos\/","title":{"rendered":"Mestrado em Comunica\u00e7\u00e3o e Cultura comemora 10 anos"},"content":{"rendered":"<div style=\"background-color: white; line-height: 19.32px; margin-bottom: 6px; margin-top: 6px;\"><\/div>\n<div style=\"clear: both; text-align: center;\"><a href=\"https:\/\/fbcdn-sphotos-a-a.akamaihd.net\/hphotos-ak-xlt1\/t31.0-8\/13235453_992569907498522_8148024345142970535_o.jpg\" style=\"margin-left: 1em; margin-right: 1em;\"><img loading=\"lazy\" decoding=\"async\" border=\"0\" height=\"266\" src=\"https:\/\/fbcdn-sphotos-a-a.akamaihd.net\/hphotos-ak-xlt1\/t31.0-8\/13235453_992569907498522_8148024345142970535_o.jpg\" width=\"400\" \/><\/a><\/div>\n<div style=\"text-align: justify;\"><span style=\"font-family: Arial, Helvetica, sans-serif; line-height: 19.32px;\"><br \/><\/span><\/div>\n<div style=\"text-align: justify;\"><span style=\"font-family: Arial, Helvetica, sans-serif; line-height: 19.32px;\">Em comemora\u00e7\u00e3o aos 10 anos do Programa de P\u00f3s-gradua\u00e7\u00e3o em Comunica\u00e7\u00e3o e Cultura da Uniso, a universidade recebeu o coordenador de mestrado e doutorado da C\u00e1sper L\u00edbero, Dimas Ant\u00f4nio K\u00fcnsch com a palestra \u201cA academia, a comunica\u00e7\u00e3o e a compreens\u00e3o\u201d. Duranto o evento realizado na manh\u00e3 desta segunda-feira (23), na Cidade Universit\u00e1ria \u201cProf. Aldo Vannucchi\u201d, o convidado abordou como a arte e a comunica\u00e7\u00e3o dialogam e s\u00e3o retra<\/span><span style=\"display: inline; font-family: Arial, Helvetica, sans-serif; line-height: 19.32px;\">tadas na pintura \u201cEscola de Athenas\u201d, produzida entre 1509 e 1511 pelo artista renascentista italiano Rafael.<\/span><\/div>\n<div style=\"text-align: justify;\"><span style=\"display: inline; font-family: Arial, Helvetica, sans-serif; line-height: 19.32px;\"><br \/><\/span><\/div>\n<p><span style=\"font-family: Arial, Helvetica, sans-serif; line-height: 19.32px;\"><\/p>\n<div style=\"text-align: justify;\"><span style=\"line-height: 19.32px;\">Conforme o coordenador do programa de Comunica\u00e7\u00e3o e Cultura da Uniso, Paulo Celso da Silva, a proposta do evento foi celebrar a primeira d\u00e9cada do programa, mas as atividades comemorativas continuar\u00e3o ao longo do semestre, \u201choje \u00e9 como comemorar o anivers\u00e1rio no seu dia, ent\u00e3o convidamos o professor Dimas Kunsch para falar sobre o tema da pesquisa que ele est\u00e1 desenvolvendo\u201d. A palestra teve como base o quadro de Rafael sobre a Escola de Atenas em rela\u00e7\u00e3o a comunica\u00e7\u00e3o.<\/span><\/div>\n<div style=\"text-align: justify;\"><span style=\"line-height: 19.32px;\"><br \/><\/span><\/div>\n<p><\/span><span style=\"font-family: Arial, Helvetica, sans-serif; line-height: 19.32px;\"><\/p>\n<div style=\"text-align: justify;\"><a href=\"https:\/\/fbcdn-sphotos-e-a.akamaihd.net\/hphotos-ak-xpa1\/t31.0-8\/13244020_992569950831851_8174623582108631372_o.jpg\" style=\"clear: left; float: left; margin-bottom: 1em; margin-right: 1em;\"><img loading=\"lazy\" decoding=\"async\" border=\"0\" height=\"213\" src=\"https:\/\/fbcdn-sphotos-e-a.akamaihd.net\/hphotos-ak-xpa1\/t31.0-8\/13244020_992569950831851_8174623582108631372_o.jpg\" width=\"320\" \/><\/a><span style=\"line-height: 19.32px;\">Wilton Garcia, professor do programa de p\u00f3s-gradua\u00e7\u00e3o de Comunica\u00e7\u00e3o e Cultura, diz que a palestra \u00e9 interessante no momento em que K\u00fcnsch faz a rela\u00e7\u00e3o de uma pintura com a filosofia e, a partir disso, ele pensa uma pesquisa. Segundo Wilton, ele analisou por duas perspectivas, o campo da comunica\u00e7\u00e3o propriamente dita nos dias de hoje e a no\u00e7\u00e3o de compreens\u00e3o, ilustrando com uma s\u00e9rie de imagens e depoimentos. \u201cFalta muito hoje em dia para as pessoas o pensar, e desse ponto de vista ele acredita que \u00e9 uma grande contribui\u00e7\u00e3o para a universidade\u201d.<\/span><\/div>\n<div style=\"text-align: justify;\"><span style=\"line-height: 19.32px;\"><br \/><\/span><\/div>\n<p><\/span><span style=\"font-family: Arial, Helvetica, sans-serif; line-height: 19.32px;\"><\/p>\n<div style=\"text-align: justify;\"><span style=\"line-height: 19.32px;\">Desde o tempo do mestrado e doutorado, Dimas pesquisa o tema da compreens\u00e3o no campo do conhecimento compreensivo e conhecimento dial\u00f3gico. Ele n\u00e3o busca tanto a verdade, o conceito, e sim caminhos que sejam mais amorosos, compreens\u00edveis e dial\u00f3gicos. Atualmente, participa de um projeto de pesquisa cujo tema envolve a compreens\u00e3o como m\u00e9todo, desenvolvida em conv\u00eanio com uma universidade da Col\u00f4mbia.<\/span><\/div>\n<div style=\"text-align: justify;\"><span style=\"line-height: 19.32px;\"><br \/><\/span><\/div>\n<p><\/span><span style=\"font-family: Arial, Helvetica, sans-serif; line-height: 19.32px;\"><\/p>\n<div style=\"text-align: justify;\"><span style=\"line-height: 19.32px;\">Atualmente, al\u00e9m do Mestrado em Comunica\u00e7\u00e3o e Cultura, a Universidade de Sorocaba conta com Mestrado e Doutorado em Educa\u00e7\u00e3o, Ci\u00eancias Farmac\u00eauticas e Mestrado em Processos Tecnol\u00f3gicos e Ambientais. Para mais informa\u00e7\u00f5es acesse&nbsp;<\/span><a href=\"http:\/\/www.uniso.br\/cs\/mestrados-e-doutorados\/\" rel=\"nofollow noopener noreferrer\" style=\"cursor: pointer; line-height: 19.32px;\" target=\"_blank\">http:\/\/www.uniso.br\/cs\/mestrados-e-doutorados\/<\/a><span style=\"line-height: 19.32px;\">.<\/span><\/div>\n<div style=\"text-align: justify;\"><span style=\"line-height: 19.32px;\"><br \/><\/span><\/div>\n<div style=\"text-align: justify;\"><span style=\"line-height: 19.32px;\">_________________________________<\/span><\/div>\n<p><\/span><span style=\"font-family: Arial, Helvetica, sans-serif; line-height: 19.32px;\"><\/p>\n<div style=\"text-align: justify;\"><span style=\"line-height: 19.32px;\">Texto e fotos: Lu\u00eds Gustavo Peres, Ag\u00eancia JOR\/Uniso<\/span><\/div>\n<p><\/span><\/p>\n","protected":false},"excerpt":{"rendered":"<p>Em comemora\u00e7\u00e3o aos 10 anos do Programa de P\u00f3s-gradua\u00e7\u00e3o em Comunica\u00e7\u00e3o e Cultura da Uniso, a universidade recebeu o coordenador<\/p>\n","protected":false},"author":1,"featured_media":0,"comment_status":"open","ping_status":"open","sticky":false,"template":"","format":"standard","meta":{"colormag_page_container_layout":"default_layout","colormag_page_sidebar_layout":"default_layout","footnotes":""},"categories":[1],"tags":[],"class_list":["post-432","post","type-post","status-publish","format-standard","hentry","category-uncategorized"],"featured_image_urls":{"full":"","thumbnail":"","medium":"","medium_large":"","large":"","1536x1536":"","2048x2048":"","colormag-highlighted-post":"","colormag-featured-post-medium":"","colormag-featured-post-small":"","colormag-featured-image":"","colormag-default-news":"","colormag-featured-image-large":""},"author_info":{"info":["focas"]},"category_info":"<a href=\"https:\/\/focas.uniso.br\/index.php\/category\/uncategorized\/\" rel=\"category tag\">Uncategorized<\/a>","tag_info":"Uncategorized","comment_count":"0","_links":{"self":[{"href":"https:\/\/focas.uniso.br\/index.php\/wp-json\/wp\/v2\/posts\/432","targetHints":{"allow":["GET"]}}],"collection":[{"href":"https:\/\/focas.uniso.br\/index.php\/wp-json\/wp\/v2\/posts"}],"about":[{"href":"https:\/\/focas.uniso.br\/index.php\/wp-json\/wp\/v2\/types\/post"}],"author":[{"embeddable":true,"href":"https:\/\/focas.uniso.br\/index.php\/wp-json\/wp\/v2\/users\/1"}],"replies":[{"embeddable":true,"href":"https:\/\/focas.uniso.br\/index.php\/wp-json\/wp\/v2\/comments?post=432"}],"version-history":[{"count":0,"href":"https:\/\/focas.uniso.br\/index.php\/wp-json\/wp\/v2\/posts\/432\/revisions"}],"wp:attachment":[{"href":"https:\/\/focas.uniso.br\/index.php\/wp-json\/wp\/v2\/media?parent=432"}],"wp:term":[{"taxonomy":"category","embeddable":true,"href":"https:\/\/focas.uniso.br\/index.php\/wp-json\/wp\/v2\/categories?post=432"},{"taxonomy":"post_tag","embeddable":true,"href":"https:\/\/focas.uniso.br\/index.php\/wp-json\/wp\/v2\/tags?post=432"}],"curies":[{"name":"wp","href":"https:\/\/api.w.org\/{rel}","templated":true}]}}