{"id":433,"date":"2016-05-23T21:05:00","date_gmt":"2016-05-23T21:05:00","guid":{"rendered":"http:\/\/focas.uniso.br\/index.php\/2016\/05\/23\/campanha-lacre-do-bem-e-estendida-ao-colegio-dom-aguirre\/"},"modified":"2016-05-23T21:05:00","modified_gmt":"2016-05-23T21:05:00","slug":"campanha-lacre-do-bem-e-estendida-ao-colegio-dom-aguirre","status":"publish","type":"post","link":"https:\/\/focas.uniso.br\/index.php\/2016\/05\/23\/campanha-lacre-do-bem-e-estendida-ao-colegio-dom-aguirre\/","title":{"rendered":"Campanha Lacre do Bem \u00e9 estendida ao Col\u00e9gio Dom Aguirre"},"content":{"rendered":"<div style=\"clear: both; text-align: center;\"><a href=\"https:\/\/scontent-gru2-1.xx.fbcdn.net\/t31.0-8\/13268041_991908830897963_6126566563035432266_o.jpg\" style=\"margin-left: 1em; margin-right: 1em;\"><img loading=\"lazy\" decoding=\"async\" border=\"0\" height=\"298\" src=\"https:\/\/scontent-gru2-1.xx.fbcdn.net\/t31.0-8\/13268041_991908830897963_6126566563035432266_o.jpg\" width=\"400\" \/><\/a><\/div>\n<div style=\"clear: both; text-align: center;\"><\/div>\n<div style=\"background-color: white; line-height: 19.32px; margin-bottom: 6px; margin-top: 6px; text-align: justify;\"><span style=\"font-family: Arial, Helvetica, sans-serif;\">A campanha Lacre do Bem, organizada pelos alunos dos cursos de comunica\u00e7\u00e3o da Universidade de Sorocaba (Uniso), em parceria com a CCR Viaoeste, deu mais um passo desde que foi lan\u00e7ada em abril, na Cidade Universit\u00e1ria. Durante a Feira de Ci\u00eancias do Col\u00e9gio Dom Aguirre, realizada no s\u00e1bado, dia 21, as professoras de Jornalismo Evenize Batista e Andrea Sanhudo e um grupo de alunos do primeiro semestre de Publicidade e Propaganda estiveram em um estande para apresentar a campanha aos visitantes da feira, informando que o Col\u00e9gio passa a ser um ponto de coleta para os lacres de latinhas de alum\u00ednio. A cada 140 garrafas pet de dois litros cheias de lacres, ser\u00e1 feita a troca por uma cadeira de rodas.<\/span><\/div>\n<div style=\"background-color: white; line-height: 19.32px; margin-bottom: 6px; margin-top: 6px; text-align: justify;\"><span style=\"font-family: Arial, Helvetica, sans-serif;\">Um dos alunos a participar da elabora\u00e7\u00e3o e divulga\u00e7\u00e3o do projeto, Pedro Scanavez, do primeiro semestre de Publicidade, estava presente para auxiliar no lan\u00e7amento da campanha. \u201cEsse evento estimula os jovens a participarem, a verem a coisa acontecer. N\u00e3o \u00e9 simplesmente colocar uma garrafa, \u00e9 voc\u00ea fazer uma divulga\u00e7\u00e3o para as pessoas come\u00e7arem a participar\u201d. Como estrat\u00e9gia para atrair o p\u00fablico, os universit\u00e1rios levaram plaquinhas com frases para que as pessoas tirassem fotos a cada doa\u00e7\u00e3o feita.<\/span><\/div>\n<div style=\"background-color: white; line-height: 19.32px; margin-bottom: 6px; margin-top: 6px; text-align: justify;\"><span style=\"font-family: Arial, Helvetica, sans-serif;\">Segundo Pedro, essa movimenta\u00e7\u00e3o da campanha \u00e9 gratificante, principalmente para quem atuou na elabora\u00e7\u00e3o do projeto. \u201c\u00c9 gostoso ver crescer, porque foi o nosso primeiro contato com a t\u00e9cnica da publicidade em si\u201d, diz ele, acreditando que a iniciativa possa crescer ainda mais com o p\u00fablico infantil. \u201cNa pesquisa de campo que a gente fez na Uniso, n\u00f3s vimos que muita gente n\u00e3o toma refrigerante e aqui acontece o contr\u00e1rio, s\u00f3 andando j\u00e1 vimos umas vinte pessoas consumindo\u201d.<\/span><\/div>\n<div style=\"background-color: white; line-height: 19.32px; margin-bottom: 6px; margin-top: 6px; text-align: justify;\"><span style=\"font-family: Arial, Helvetica, sans-serif;\">\u201cNossa expectativa \u00e9 que a campanha seja bem acolhida, porque os alunos gostam desses projetos, principalmente quando est\u00e1 voltado para a \u00e1rea social\u201d, diz o diretor do Col\u00e9gio Dom Aguirre, Jos\u00e9 Martins da Rocha. Ele ressalta tamb\u00e9m a import\u00e2ncia do engajamento de todos na iniciativa, principalmente dos educadores, para que o resultado seja positivo. \u201cAluno de ensino b\u00e1sico precisa muito da figura do professor como modelo, ent\u00e3o quando o professor fala que \u00e9 legal, ele se engaja. Vai depender um pouco dessa participa\u00e7\u00e3o dos professores\u201d.<\/span><\/div>\n<div style=\"background-color: white; line-height: 19.32px; margin-bottom: 6px; margin-top: 6px; text-align: justify;\"><span style=\"font-family: Arial, Helvetica, sans-serif;\">Participante e incentivadora da campanha, a professora Evenize Batista, do curso de Jornalismo, se mostrou satisfeita com o crescimento do Lacre do Bem. \u201cN\u00f3s lan\u00e7amos a campanha na Uniso no come\u00e7o de abril e, um m\u00eas depois, estamos trazendo para outro pr\u00e9dio, que vai atingir outro p\u00fablico A maior satisfa\u00e7\u00e3o \u00e9 saber que isso est\u00e1 se ampliando e que existem mais pessoas colaborando na divulga\u00e7\u00e3o\u201d.<\/span><\/div>\n<div style=\"background-color: white; line-height: 19.32px; margin-bottom: 6px; margin-top: 6px; text-align: justify;\"><span style=\"font-family: Arial, Helvetica, sans-serif;\"><br \/><\/span><\/div>\n<div style=\"clear: both; text-align: center;\"><a href=\"https:\/\/fbcdn-photos-d-a.akamaihd.net\/hphotos-ak-xpl1\/v\/t1.0-0\/s480x480\/13254511_991908837564629_3584144718551290518_n.jpg?oh=47687004e387570e88e45dbda74ceb1c&amp;oe=579ADB84&amp;__gda__=1473688237_44f545ffb7c19ba8e8588c1a77b93202\" style=\"margin-left: 1em; margin-right: 1em;\"><img loading=\"lazy\" decoding=\"async\" border=\"0\" height=\"321\" src=\"https:\/\/fbcdn-photos-d-a.akamaihd.net\/hphotos-ak-xpl1\/v\/t1.0-0\/s480x480\/13254511_991908837564629_3584144718551290518_n.jpg?oh=47687004e387570e88e45dbda74ceb1c&amp;oe=579ADB84&amp;__gda__=1473688237_44f545ffb7c19ba8e8588c1a77b93202\" width=\"400\" \/><\/a><\/div>\n<div style=\"clear: both; text-align: center;\"><\/div>\n<div style=\"background-color: white; line-height: 19.32px; margin-bottom: 6px; margin-top: 6px; text-align: justify;\"><span style=\"font-family: Arial, Helvetica, sans-serif;\">De acordo com Evenize, que j\u00e1 teve experi\u00eancia em trabalhar com escolas da rede p\u00fablica de Votorantim, o p\u00fablico infantil ser\u00e1 fundamental para o andamento da iniciativa, j\u00e1 que as crian\u00e7as se engajam facilmente quando se trata de uma causa social, desde que motivadas por pais e professores. \u201c\u00c9 um momento novo e que vai movimentar de uma maneira diferente a campanha. Hoje estamos fazendo um lan\u00e7amento menor, montamos um estande, estamos abordando as pessoas para falar sobre o Lacre do Bem e mostrar o ponto de coleta, que estar\u00e1 aberto a quem quiser contribuir\u201d.<\/span><\/div>\n<div style=\"background-color: white; line-height: 19.32px; margin-bottom: 6px; margin-top: 6px; text-align: justify;\"><span style=\"font-family: Arial, Helvetica, sans-serif;\">No momento, n\u00e3o h\u00e1 previs\u00e3o de estender a campanha para al\u00e9m da Uniso e do Dom Aguirre, entretanto, a professora diz que qualquer um pode participar, j\u00e1 que o intuito \u00e9 a uni\u00e3o da comunidade. \u201cO grande objetivo dessa campanha \u00e9 promover uma grande corrente, ent\u00e3o se algu\u00e9m quiser alguma informa\u00e7\u00e3o para come\u00e7ar seu projeto pr\u00f3prio ou colaborar com essa iniciativa, estamos \u00e0 disposi\u00e7\u00e3o tamb\u00e9m\u201d.<\/span><\/div>\n<div style=\"background-color: white; line-height: 19.32px; margin-bottom: 6px; margin-top: 6px; text-align: justify;\"><span style=\"font-family: Arial, Helvetica, sans-serif;\">_______________________________<\/span><\/div>\n<div style=\"background-color: white; display: inline; line-height: 19.32px; margin-top: 6px;\"><\/div>\n<div style=\"text-align: justify;\"><span style=\"font-family: Arial, Helvetica, sans-serif; line-height: 19.32px;\">Texto: Giulia Vasovino, Ag\u00eancia JOR\/Uniso<\/span><\/div>\n<p><span style=\"font-family: Arial, Helvetica, sans-serif;\"><\/p>\n<div style=\"text-align: justify;\"><span style=\"line-height: 19.32px;\">Fotos: Lu\u00eds Gustavo Peres, Ag\u00eancia JOR\/Uniso<\/span><\/div>\n<p><\/span><\/p>\n","protected":false},"excerpt":{"rendered":"<p>A campanha Lacre do Bem, organizada pelos alunos dos cursos de comunica\u00e7\u00e3o da Universidade de Sorocaba (Uniso), em parceria com<\/p>\n","protected":false},"author":1,"featured_media":0,"comment_status":"open","ping_status":"open","sticky":false,"template":"","format":"standard","meta":{"colormag_page_container_layout":"default_layout","colormag_page_sidebar_layout":"default_layout","footnotes":""},"categories":[1],"tags":[],"class_list":["post-433","post","type-post","status-publish","format-standard","hentry","category-uncategorized"],"featured_image_urls":{"full":"","thumbnail":"","medium":"","medium_large":"","large":"","1536x1536":"","2048x2048":"","colormag-highlighted-post":"","colormag-featured-post-medium":"","colormag-featured-post-small":"","colormag-featured-image":"","colormag-default-news":"","colormag-featured-image-large":""},"author_info":{"info":["focas"]},"category_info":"<a href=\"https:\/\/focas.uniso.br\/index.php\/category\/uncategorized\/\" rel=\"category tag\">Uncategorized<\/a>","tag_info":"Uncategorized","comment_count":"0","_links":{"self":[{"href":"https:\/\/focas.uniso.br\/index.php\/wp-json\/wp\/v2\/posts\/433","targetHints":{"allow":["GET"]}}],"collection":[{"href":"https:\/\/focas.uniso.br\/index.php\/wp-json\/wp\/v2\/posts"}],"about":[{"href":"https:\/\/focas.uniso.br\/index.php\/wp-json\/wp\/v2\/types\/post"}],"author":[{"embeddable":true,"href":"https:\/\/focas.uniso.br\/index.php\/wp-json\/wp\/v2\/users\/1"}],"replies":[{"embeddable":true,"href":"https:\/\/focas.uniso.br\/index.php\/wp-json\/wp\/v2\/comments?post=433"}],"version-history":[{"count":0,"href":"https:\/\/focas.uniso.br\/index.php\/wp-json\/wp\/v2\/posts\/433\/revisions"}],"wp:attachment":[{"href":"https:\/\/focas.uniso.br\/index.php\/wp-json\/wp\/v2\/media?parent=433"}],"wp:term":[{"taxonomy":"category","embeddable":true,"href":"https:\/\/focas.uniso.br\/index.php\/wp-json\/wp\/v2\/categories?post=433"},{"taxonomy":"post_tag","embeddable":true,"href":"https:\/\/focas.uniso.br\/index.php\/wp-json\/wp\/v2\/tags?post=433"}],"curies":[{"name":"wp","href":"https:\/\/api.w.org\/{rel}","templated":true}]}}