{"id":4367,"date":"2025-10-13T09:36:45","date_gmt":"2025-10-13T12:36:45","guid":{"rendered":"https:\/\/focas.uniso.br\/?p=4367"},"modified":"2025-10-13T09:36:45","modified_gmt":"2025-10-13T12:36:45","slug":"sindicato-dos-jornalistas-se-solidariza-com-estudante-kaua-bueno-e-repudia-agressoes-ao-jovem-e-dalmatas-fc-pede-desculpas","status":"publish","type":"post","link":"https:\/\/focas.uniso.br\/index.php\/2025\/10\/13\/sindicato-dos-jornalistas-se-solidariza-com-estudante-kaua-bueno-e-repudia-agressoes-ao-jovem-e-dalmatas-fc-pede-desculpas\/","title":{"rendered":"Sindicato dos Jornalistas se solidariza com estudante Kau\u00e3 Bueno e repudia agress\u00f5es ao jovem, e D\u00e1lmatas FC pede desculpas"},"content":{"rendered":"\n<figure class=\"wp-block-image size-full\"><img loading=\"lazy\" decoding=\"async\" width=\"580\" height=\"420\" src=\"https:\/\/focas.uniso.br\/wp-content\/uploads\/2025\/10\/WhatsApp-Image-2025-10-13-at-09.34.17.jpeg\" alt=\"\" class=\"wp-image-4368\" srcset=\"https:\/\/focas.uniso.br\/wp-content\/uploads\/2025\/10\/WhatsApp-Image-2025-10-13-at-09.34.17.jpeg 580w, https:\/\/focas.uniso.br\/wp-content\/uploads\/2025\/10\/WhatsApp-Image-2025-10-13-at-09.34.17-300x217.jpeg 300w\" sizes=\"auto, (max-width: 580px) 100vw, 580px\" \/><figcaption class=\"wp-element-caption\">Foto- Reprodu\u00e7\u00e3o<\/figcaption><\/figure>\n\n\n\n<p>O Sindicato dos Jornalistas Profissionais no Estado de S\u00e3o Paulo (SJSP), por meio da Regional Sorocaba, manifesta solidariedade e apoio ao estudante de jornalismo Kau\u00e3 Henrique Bueno Valentim, agredido e intimidado no \u00faltimo domingo (5\/10), quando trabalhava na cobertura da 6\u00aa rodada da Ta\u00e7a Cidade Sorocaba, no jogo entre Vila Helena e D\u00e1lmatas.<\/p>\n\n\n\n<p>Segundo relato do pr\u00f3prio Kau\u00e3, que cursa o 4\u00ba semestre de jornalismo na Uniso e atua de forma independente na cobertura do futebol de v\u00e1rzea, integrantes da comiss\u00e3o t\u00e9cnica do D\u00e1lmatas Futebol Clube o abordaram de forma violenta e o impediram de registrar imagens de um incidente ocorrido ao final da partida.<\/p>\n\n\n\n<p>O estudante relatou o caso \u00e0 imprensa e recebeu apoio p\u00fablico de jornalistas, torcedores e clubes da cidade. O epis\u00f3dio foi noticiado por emissoras regionais e ganhou ampla repercuss\u00e3o nas redes sociais.<\/p>\n\n\n\n<p>Em nota oficial publicada em suas redes, o D\u00e1lmatas Futebol Clube reconheceu o ocorrido e pediu desculpas p\u00fablicas a Kau\u00e3. Na mensagem, a diretoria afirmou que entrou em contato com ele, que as desculpas foram aceitas, e que \u201ctudo foi resolvido de forma respeitosa e amistosa\u201d.<\/p>\n\n\n\n<p>Em v\u00eddeo gravado posteriormente, um dos dirigentes do clube tamb\u00e9m admitiu ter \u201cbatido no celular\u201d de Kau\u00e3 no calor do jogo, comprometeu-se a reparar o dano e afirmou lamentar o epis\u00f3dio.<\/p>\n\n\n\n<p>O SJSP reitera seu compromisso com a defesa incondicional da liberdade de imprensa e do livre exerc\u00edcio do jornalismo, e repudia toda e qualquer agress\u00e3o ou amea\u00e7a \u00e0 integridade f\u00edsica e moral de jornalistas e demais trabalhadores(as) da not\u00edcia.<\/p>\n\n\n\n<p>Assim, o SJSP se coloca \u00e0 disposi\u00e7\u00e3o de Kau\u00e3 para qualquer provid\u00eancia que se fa\u00e7a necess\u00e1ria.<\/p>\n\n\n\n<p>SJSP-Regional Sorocaba<\/p>\n\n\n\n<p>Sorocaba, 10 de outubro de 2025<\/p>\n\n\n\n<p>Publica\u00e7\u00e3o original: Sindicato dos Jornalistas<\/p>\n","protected":false},"excerpt":{"rendered":"<p>O Sindicato dos Jornalistas Profissionais no Estado de S\u00e3o Paulo (SJSP), por meio da Regional Sorocaba, manifesta solidariedade e apoio<\/p>\n","protected":false},"author":1,"featured_media":0,"comment_status":"open","ping_status":"open","sticky":false,"template":"","format":"standard","meta":{"colormag_page_container_layout":"default_layout","colormag_page_sidebar_layout":"default_layout","footnotes":""},"categories":[15,9,37,14],"tags":[30,41,29,28],"class_list":["post-4367","post","type-post","status-publish","format-standard","hentry","category-jornalismo","category-jornalismo-online","category-sorocaba","category-uniso","tag-focas","tag-focas-na-rede","tag-jornalismo","tag-uniso"],"featured_image_urls":{"full":"","thumbnail":"","medium":"","medium_large":"","large":"","1536x1536":"","2048x2048":"","colormag-highlighted-post":"","colormag-featured-post-medium":"","colormag-featured-post-small":"","colormag-featured-image":"","colormag-default-news":"","colormag-featured-image-large":""},"author_info":{"info":["focas"]},"category_info":"<a href=\"https:\/\/focas.uniso.br\/index.php\/category\/jornalismo\/\" rel=\"category tag\">Jornalismo<\/a> <a href=\"https:\/\/focas.uniso.br\/index.php\/category\/jornalismo-online\/\" rel=\"category tag\">jornalismo online<\/a> <a href=\"https:\/\/focas.uniso.br\/index.php\/category\/sorocaba\/\" rel=\"category tag\">Sorocaba<\/a> <a href=\"https:\/\/focas.uniso.br\/index.php\/category\/uniso\/\" rel=\"category tag\">Uniso<\/a>","tag_info":"Uniso","comment_count":"0","_links":{"self":[{"href":"https:\/\/focas.uniso.br\/index.php\/wp-json\/wp\/v2\/posts\/4367","targetHints":{"allow":["GET"]}}],"collection":[{"href":"https:\/\/focas.uniso.br\/index.php\/wp-json\/wp\/v2\/posts"}],"about":[{"href":"https:\/\/focas.uniso.br\/index.php\/wp-json\/wp\/v2\/types\/post"}],"author":[{"embeddable":true,"href":"https:\/\/focas.uniso.br\/index.php\/wp-json\/wp\/v2\/users\/1"}],"replies":[{"embeddable":true,"href":"https:\/\/focas.uniso.br\/index.php\/wp-json\/wp\/v2\/comments?post=4367"}],"version-history":[{"count":1,"href":"https:\/\/focas.uniso.br\/index.php\/wp-json\/wp\/v2\/posts\/4367\/revisions"}],"predecessor-version":[{"id":4370,"href":"https:\/\/focas.uniso.br\/index.php\/wp-json\/wp\/v2\/posts\/4367\/revisions\/4370"}],"wp:attachment":[{"href":"https:\/\/focas.uniso.br\/index.php\/wp-json\/wp\/v2\/media?parent=4367"}],"wp:term":[{"taxonomy":"category","embeddable":true,"href":"https:\/\/focas.uniso.br\/index.php\/wp-json\/wp\/v2\/categories?post=4367"},{"taxonomy":"post_tag","embeddable":true,"href":"https:\/\/focas.uniso.br\/index.php\/wp-json\/wp\/v2\/tags?post=4367"}],"curies":[{"name":"wp","href":"https:\/\/api.w.org\/{rel}","templated":true}]}}