{"id":437,"date":"2016-05-20T16:45:00","date_gmt":"2016-05-20T16:45:00","guid":{"rendered":"http:\/\/focas.uniso.br\/index.php\/2016\/05\/20\/maio-amarelo-representante-da-urbes-conscientiza-sobre-seguranca-no-transito\/"},"modified":"2016-05-20T16:45:00","modified_gmt":"2016-05-20T16:45:00","slug":"maio-amarelo-representante-da-urbes-conscientiza-sobre-seguranca-no-transito","status":"publish","type":"post","link":"https:\/\/focas.uniso.br\/index.php\/2016\/05\/20\/maio-amarelo-representante-da-urbes-conscientiza-sobre-seguranca-no-transito\/","title":{"rendered":"Maio Amarelo: Representante da Urbes conscientiza sobre seguran\u00e7a no tr\u00e2nsito"},"content":{"rendered":"<div style=\"clear: both; text-align: center;\"><a href=\"https:\/\/fbcdn-sphotos-d-a.akamaihd.net\/hphotos-ak-xpf1\/t31.0-8\/13227772_992396190849227_5284936426422026407_o.jpg\" style=\"margin-left: 1em; margin-right: 1em;\"><img loading=\"lazy\" decoding=\"async\" border=\"0\" height=\"266\" src=\"https:\/\/fbcdn-sphotos-d-a.akamaihd.net\/hphotos-ak-xpf1\/t31.0-8\/13227772_992396190849227_5284936426422026407_o.jpg\" width=\"400\" \/><\/a><\/div>\n<div style=\"background-color: white; line-height: 19.32px; margin-bottom: 6px; margin-top: 6px; text-align: justify;\"><span style=\"font-family: Arial, Helvetica, sans-serif;\"><br \/><\/span><\/div>\n<div style=\"background-color: white; line-height: 19.32px; margin-bottom: 6px; margin-top: 6px; text-align: justify;\"><span style=\"font-family: Arial, Helvetica, sans-serif;\">Visando \u00e0 amplia\u00e7\u00e3o da campanha e a\u00e7\u00e3o conjunta Maio Amarelo, que busca a conscientiza\u00e7\u00e3o das pessoas para um tr\u00e2nsito mais seguro, uma palestra foi realizada na Cidade Universit\u00e1ria da Uniso com a presen\u00e7a do agente de tr\u00e2nsito Pietro Francisco Mazzulli, representante da Empresa de Desenvolvimento Urbano e Social de Sorocaba (Urbes). O evento foi realizado no per\u00edodo noturno para funcion\u00e1rios, alunos e professores e teve como tema principal a seguran\u00e7a e educa\u00e7\u00e3o no tr\u00e2nsito cotidiano.<\/span><\/div>\n<div style=\"background-color: white; line-height: 19.32px; margin-bottom: 6px; margin-top: 6px; text-align: justify;\"><span style=\"font-family: Arial, Helvetica, sans-serif;\">Pietro comenta que os acidentes podem ter in\u00fameras causas, mas todas elas podem ser prevenidas se os motoristas e pedestres respeitarem mutuamente o tr\u00e2nsito. \u201cMuitas s\u00e3o as causas dos acidentes envolvendo ve\u00edculos: seja algo mec\u00e2nico no carro, alguma imprud\u00eancia da parte do motorista ou at\u00e9 mesmo do pedestre. Por\u00e9m, todos os acidentes podem ser evitados\u201d, explicou. \u201cA pessoa deve apenas ser consciente no tr\u00e2nsito e jamais, por exemplo, atravessar no sinal proibido, passar nos sinais vermelhos ou cortar pela direita simplesmente para chegar mais r\u00e1pido ao destino\u201d.<\/span><\/div>\n<div style=\"background-color: white; line-height: 19.32px; margin-bottom: 6px; margin-top: 6px; text-align: justify;\"><span style=\"font-family: Arial, Helvetica, sans-serif;\">Al\u00e9m disso, o representante da Urbes afirmou que as escolas que formam motoristas atualmente n\u00e3o d\u00e3o a experi\u00eancia necess\u00e1ria para a pessoa dirigir livremente em todas as ruas do Brasil. \u201cDeve haver um entendimento no tr\u00e2nsito e uma maior experi\u00eancia no volante para poder dirigir em todo o territ\u00f3rio nacional. Entretanto, os centros de forma\u00e7\u00e3o de condutores n\u00e3o proporcionam toda essa experi\u00eancia ao aluno atrav\u00e9s apenas de simuladores e algumas aulas te\u00f3ricas e pr\u00e1ticas\u201d.<\/span><\/div>\n<div style=\"background-color: white; line-height: 19.32px; margin-bottom: 6px; margin-top: 6px; text-align: justify;\"><span style=\"font-family: Arial, Helvetica, sans-serif;\">Mazzulli diz, tamb\u00e9m, que o motorista deve estar atento e de acordo com as leis de tr\u00e2nsito em qualquer situa\u00e7\u00e3o, independente das condi\u00e7\u00f5es de clima ou da pista. \u201cNa realidade, condi\u00e7\u00f5es ideais nunca existem. Neblina, chuva e o estado das pistas s\u00e3o fatores que interferem na dire\u00e7\u00e3o do motorista. Por isso, deve-se sempre dirigir com prud\u00eancia a todo momento e utilizar o cinto de seguran\u00e7a sempre, nos bancos da frente e de tr\u00e1s, pois isso pode salvar uma vida\u201d, finalizou.<\/span><\/div>\n<div style=\"background-color: white; line-height: 19.32px; margin-bottom: 6px; margin-top: 6px; text-align: justify;\"><span style=\"font-family: Arial, Helvetica, sans-serif;\"><br \/><\/span><\/div>\n<h4 style=\"background-color: white; line-height: 19.32px; margin-bottom: 6px; margin-top: 6px; text-align: justify;\"><span style=\"font-family: Arial, Helvetica, sans-serif;\"><b>La\u00e7os amarelos<\/b><\/span><\/h4>\n<div style=\"background-color: white; line-height: 19.32px; margin-bottom: 6px; margin-top: 6px; text-align: justify;\"><span style=\"font-family: Arial, Helvetica, sans-serif;\">O Movimento \u201cMaio Amarelo\u201d visa chamar a aten\u00e7\u00e3o para o alto n\u00famero de mortos e feridos no tr\u00e2nsito. Mediante a participa\u00e7\u00e3o do Poder P\u00fablico e sociedade civil, o Movimento tem a finalidade de promover a\u00e7\u00f5es de conscientiza\u00e7\u00e3o, para que se reverta o grave quadro atual. A Funda\u00e7\u00e3o Dom Aguirre aderiu ao momento e tem promovido a\u00e7\u00f5es na Universidade de Sorocaba e no Col\u00e9gio Dom Aguirre. Al\u00e9m de palestras, est\u00e3o sendo distribu\u00eddos la\u00e7os amarelos com o objetivo de conscientizar e chamar a aten\u00e7\u00e3o sobre os temas abordados.<\/span><\/div>\n<div style=\"background-color: white; line-height: 19.32px; margin-bottom: 6px; margin-top: 6px; text-align: justify;\"><span style=\"font-family: Arial, Helvetica, sans-serif;\">De acordo com a Organiza\u00e7\u00e3o das Na\u00e7\u00f5es Unidas (ONU), os acidentes de tr\u00e2nsito est\u00e3o entre as principais causas de morte no mundo, resultando em 1,25 milh\u00e3o de v\u00edtimas por ano, especialmente em pa\u00edses pobres. O Brasil, segundo a ONU, tem o maior n\u00famero de mortes no tr\u00e2nsito por habitante na Am\u00e9rica do Sul. Em 2013, foram registradas 41 mil v\u00edtimas.<\/span><\/div>\n<div style=\"background-color: white; line-height: 19.32px; margin-bottom: 6px; margin-top: 6px; text-align: justify;\"><span style=\"font-family: Arial, Helvetica, sans-serif;\">____________________________<\/span><\/div>\n<div style=\"background-color: white; display: inline; line-height: 19.32px; margin-top: 6px;\"><\/div>\n<div style=\"text-align: justify;\"><span style=\"font-family: Arial, Helvetica, sans-serif; line-height: 19.32px;\">Texto e fotos: Claudio Mascaro Junior, Ag\u00eancia JOR\/Uniso<\/span><\/div>\n","protected":false},"excerpt":{"rendered":"<p>Visando \u00e0 amplia\u00e7\u00e3o da campanha e a\u00e7\u00e3o conjunta Maio Amarelo, que busca a conscientiza\u00e7\u00e3o das pessoas para um tr\u00e2nsito mais<\/p>\n","protected":false},"author":1,"featured_media":0,"comment_status":"open","ping_status":"open","sticky":false,"template":"","format":"standard","meta":{"colormag_page_container_layout":"default_layout","colormag_page_sidebar_layout":"default_layout","footnotes":""},"categories":[1],"tags":[],"class_list":["post-437","post","type-post","status-publish","format-standard","hentry","category-uncategorized"],"featured_image_urls":{"full":"","thumbnail":"","medium":"","medium_large":"","large":"","1536x1536":"","2048x2048":"","colormag-highlighted-post":"","colormag-featured-post-medium":"","colormag-featured-post-small":"","colormag-featured-image":"","colormag-default-news":"","colormag-featured-image-large":""},"author_info":{"info":["focas"]},"category_info":"<a href=\"https:\/\/focas.uniso.br\/index.php\/category\/uncategorized\/\" rel=\"category tag\">Uncategorized<\/a>","tag_info":"Uncategorized","comment_count":"0","_links":{"self":[{"href":"https:\/\/focas.uniso.br\/index.php\/wp-json\/wp\/v2\/posts\/437","targetHints":{"allow":["GET"]}}],"collection":[{"href":"https:\/\/focas.uniso.br\/index.php\/wp-json\/wp\/v2\/posts"}],"about":[{"href":"https:\/\/focas.uniso.br\/index.php\/wp-json\/wp\/v2\/types\/post"}],"author":[{"embeddable":true,"href":"https:\/\/focas.uniso.br\/index.php\/wp-json\/wp\/v2\/users\/1"}],"replies":[{"embeddable":true,"href":"https:\/\/focas.uniso.br\/index.php\/wp-json\/wp\/v2\/comments?post=437"}],"version-history":[{"count":0,"href":"https:\/\/focas.uniso.br\/index.php\/wp-json\/wp\/v2\/posts\/437\/revisions"}],"wp:attachment":[{"href":"https:\/\/focas.uniso.br\/index.php\/wp-json\/wp\/v2\/media?parent=437"}],"wp:term":[{"taxonomy":"category","embeddable":true,"href":"https:\/\/focas.uniso.br\/index.php\/wp-json\/wp\/v2\/categories?post=437"},{"taxonomy":"post_tag","embeddable":true,"href":"https:\/\/focas.uniso.br\/index.php\/wp-json\/wp\/v2\/tags?post=437"}],"curies":[{"name":"wp","href":"https:\/\/api.w.org\/{rel}","templated":true}]}}