{"id":4371,"date":"2025-10-13T10:32:07","date_gmt":"2025-10-13T13:32:07","guid":{"rendered":"https:\/\/focas.uniso.br\/?p=4371"},"modified":"2025-10-13T10:35:47","modified_gmt":"2025-10-13T13:35:47","slug":"na-varzea-o-jornalismo-tambem-joga-duro","status":"publish","type":"post","link":"https:\/\/focas.uniso.br\/index.php\/2025\/10\/13\/na-varzea-o-jornalismo-tambem-joga-duro\/","title":{"rendered":"Na V\u00e1rzea, o jornalismo tamb\u00e9m joga duro"},"content":{"rendered":"\n<p>Por Kau\u00e3 Bueno (Ag\u00eancia Focas \u2013 Jornalismo Uniso)<\/p>\n\n\n\n<p><em>Ser estudante de Jornalismo \u00e9 aprender na pr\u00e1tica o que significa estar diante do fato. Com responsabilidade, \u00e9tica e firmeza. Desde 2024, quando comecei a cobrir de forma independente a v\u00e1rzea de Sorocaba, entendi que esse ambiente carrega muito mais do que futebol, \u00e9 um retrato vivo da cidade, com hist\u00f3rias, disputas e personagens que raramente ganham espa\u00e7o na grande m\u00eddia.<\/em><\/p>\n\n\n\n<p>No domingo (5\/10), durante a 6\u00aa rodada da Ta\u00e7a Cidade Sorocaba, acompanhei o jogo entre Vila Helena e D\u00e1lmatas. A cobertura seguia normalmente at\u00e9 que, ao final da partida, uma confus\u00e3o entre jogadores, comiss\u00e3o t\u00e9cnica e arbitragem se formou no campo. Ao registrar a cena, fui empurrado e tive o celular atingido por membros da comiss\u00e3o t\u00e9cnica do D\u00e1lmatas, mesmo ap\u00f3s me identificar como jornalista.<\/p>\n\n\n\n<p>O epis\u00f3dio repercutiu, foi noticiado pela TV TEM, no programa Tem Esporte e no G1, e levou o clube a publicar uma nota de desculpas \u2013 ainda que de forma incompleta. Recebi apoio de colegas de profiss\u00e3o, professores e do <a href=\"https:\/\/share.google\/4xxBJ9GNvhxGnAFCm\" data-type=\"link\" data-id=\"https:\/\/share.google\/4xxBJ9GNvhxGnAFCm\">Sindicato dos Jornalistas Profissionais do Estado de S\u00e3o Paulo<\/a>, que refor\u00e7ou a import\u00e2ncia de garantir respeito e seguran\u00e7a a quem exerce o trabalho jornal\u00edstico, independentemente do espa\u00e7o em que atua.<\/p>\n\n\n\n<p>Atuo hoje na comunica\u00e7\u00e3o do Instituto Federal e sigo cobrindo a v\u00e1rzea de forma independente. Essas experi\u00eancias me mostram o valor de estar perto das pessoas e das hist\u00f3rias que fazem parte do cotidiano da cidade. A v\u00e1rzea, com toda sua intensidade, \u00e9 um campo de aprendizado constante, tanto sobre o futebol quanto sobre o papel do jornalismo em contextos populares.<\/p>\n\n\n\n<p>Mais do que um epis\u00f3dio isolado, o que fica \u00e9 a certeza de que o jornalismo precisa ocupar todos os espa\u00e7os, inclusive os que ainda tratam o rep\u00f3rter como um intruso. Ser estudante e estar em campo \u00e9 um exerc\u00edcio di\u00e1rio de resist\u00eancia, mas tamb\u00e9m de compromisso com a verdade e com o direito de informar.<\/p>\n\n\n\n<figure class=\"wp-block-gallery has-nested-images columns-default is-cropped wp-block-gallery-1 is-layout-flex wp-block-gallery-is-layout-flex\">\n<figure class=\"wp-block-image size-large\"><img loading=\"lazy\" decoding=\"async\" width=\"1024\" height=\"674\" data-id=\"4376\" src=\"https:\/\/focas.uniso.br\/wp-content\/uploads\/2025\/10\/WhatsApp-Image-2025-10-13-at-09.46.23-1024x674.jpeg\" alt=\"\" class=\"wp-image-4376\" srcset=\"https:\/\/focas.uniso.br\/wp-content\/uploads\/2025\/10\/WhatsApp-Image-2025-10-13-at-09.46.23-1024x674.jpeg 1024w, https:\/\/focas.uniso.br\/wp-content\/uploads\/2025\/10\/WhatsApp-Image-2025-10-13-at-09.46.23-300x198.jpeg 300w, https:\/\/focas.uniso.br\/wp-content\/uploads\/2025\/10\/WhatsApp-Image-2025-10-13-at-09.46.23-768x506.jpeg 768w, https:\/\/focas.uniso.br\/wp-content\/uploads\/2025\/10\/WhatsApp-Image-2025-10-13-at-09.46.23.jpeg 1040w\" sizes=\"auto, (max-width: 1024px) 100vw, 1024px\" \/><figcaption class=\"wp-element-caption\">Kau\u00e3 Bueno entrevistando o Leandro Dami\u00e3o, centroavante do Vila Helana| Foto: Rodrigo Barbosa\/Fotografia FC<\/figcaption><\/figure>\n\n\n\n<figure class=\"wp-block-image size-large\"><img loading=\"lazy\" decoding=\"async\" width=\"1024\" height=\"683\" data-id=\"4375\" src=\"https:\/\/focas.uniso.br\/wp-content\/uploads\/2025\/10\/WhatsApp-Image-2025-10-13-at-09.46.54-1024x683.jpeg\" alt=\"\" class=\"wp-image-4375\" srcset=\"https:\/\/focas.uniso.br\/wp-content\/uploads\/2025\/10\/WhatsApp-Image-2025-10-13-at-09.46.54-1024x683.jpeg 1024w, https:\/\/focas.uniso.br\/wp-content\/uploads\/2025\/10\/WhatsApp-Image-2025-10-13-at-09.46.54-300x200.jpeg 300w, https:\/\/focas.uniso.br\/wp-content\/uploads\/2025\/10\/WhatsApp-Image-2025-10-13-at-09.46.54-768x512.jpeg 768w, https:\/\/focas.uniso.br\/wp-content\/uploads\/2025\/10\/WhatsApp-Image-2025-10-13-at-09.46.54.jpeg 1040w\" sizes=\"auto, (max-width: 1024px) 100vw, 1024px\" \/><figcaption class=\"wp-element-caption\">Kau\u00e3 Bueno entrevistando o treinador do D\u00e1lmatas| Foto: Rodrigo Barbosa\/Fotografia FC<\/figcaption><\/figure>\n\n\n\n<figure class=\"wp-block-image size-large\"><img loading=\"lazy\" decoding=\"async\" width=\"1024\" height=\"658\" data-id=\"4374\" src=\"https:\/\/focas.uniso.br\/wp-content\/uploads\/2025\/10\/WhatsApp-Image-2025-10-13-at-09.47.37-1024x658.jpeg\" alt=\"\" class=\"wp-image-4374\" srcset=\"https:\/\/focas.uniso.br\/wp-content\/uploads\/2025\/10\/WhatsApp-Image-2025-10-13-at-09.47.37-1024x658.jpeg 1024w, https:\/\/focas.uniso.br\/wp-content\/uploads\/2025\/10\/WhatsApp-Image-2025-10-13-at-09.47.37-300x193.jpeg 300w, https:\/\/focas.uniso.br\/wp-content\/uploads\/2025\/10\/WhatsApp-Image-2025-10-13-at-09.47.37-768x493.jpeg 768w, https:\/\/focas.uniso.br\/wp-content\/uploads\/2025\/10\/WhatsApp-Image-2025-10-13-at-09.47.37.jpeg 1040w\" sizes=\"auto, (max-width: 1024px) 100vw, 1024px\" \/><figcaption class=\"wp-element-caption\">Kau\u00e3 Bueno entrevistando o Leandro Dami\u00e3o, centroavante do Vila Helana, e Maria Clara Russini Gravando| Foto: Rodrigo Barbosa\/Fotografia FC<\/figcaption><\/figure>\n\n\n\n<figure class=\"wp-block-image size-large\"><img loading=\"lazy\" decoding=\"async\" width=\"682\" height=\"1024\" data-id=\"4373\" src=\"https:\/\/focas.uniso.br\/wp-content\/uploads\/2025\/10\/WhatsApp-Image-2025-10-13-at-09.47.46-682x1024.jpeg\" alt=\"\" class=\"wp-image-4373\" srcset=\"https:\/\/focas.uniso.br\/wp-content\/uploads\/2025\/10\/WhatsApp-Image-2025-10-13-at-09.47.46-682x1024.jpeg 682w, https:\/\/focas.uniso.br\/wp-content\/uploads\/2025\/10\/WhatsApp-Image-2025-10-13-at-09.47.46-200x300.jpeg 200w, https:\/\/focas.uniso.br\/wp-content\/uploads\/2025\/10\/WhatsApp-Image-2025-10-13-at-09.47.46-768x1152.jpeg 768w, https:\/\/focas.uniso.br\/wp-content\/uploads\/2025\/10\/WhatsApp-Image-2025-10-13-at-09.47.46.jpeg 853w\" sizes=\"auto, (max-width: 682px) 100vw, 682px\" \/><figcaption class=\"wp-element-caption\">Kau\u00e3 Bueno e a equipe do Boleiragem Live, transmitindo um jogo da v\u00e1rzea| Foto: Rodrigo Barbosa\/Fotografia FC<\/figcaption><\/figure>\n\n\n\n<figure class=\"wp-block-image size-large\"><img loading=\"lazy\" decoding=\"async\" width=\"683\" height=\"1024\" data-id=\"4372\" src=\"https:\/\/focas.uniso.br\/wp-content\/uploads\/2025\/10\/WhatsApp-Image-2025-10-13-at-09.47.54-683x1024.jpeg\" alt=\"\" class=\"wp-image-4372\" srcset=\"https:\/\/focas.uniso.br\/wp-content\/uploads\/2025\/10\/WhatsApp-Image-2025-10-13-at-09.47.54-683x1024.jpeg 683w, https:\/\/focas.uniso.br\/wp-content\/uploads\/2025\/10\/WhatsApp-Image-2025-10-13-at-09.47.54-200x300.jpeg 200w, https:\/\/focas.uniso.br\/wp-content\/uploads\/2025\/10\/WhatsApp-Image-2025-10-13-at-09.47.54.jpeg 694w\" sizes=\"auto, (max-width: 683px) 100vw, 683px\" \/><figcaption class=\"wp-element-caption\">Kau\u00e3 Bueno | Foto: Rodrigo Barbosa\/Fotografia FC<\/figcaption><\/figure>\n<\/figure>\n","protected":false},"excerpt":{"rendered":"<p>Por Kau\u00e3 Bueno (Ag\u00eancia Focas \u2013 Jornalismo Uniso) Ser estudante de Jornalismo \u00e9 aprender na pr\u00e1tica o que significa estar<\/p>\n","protected":false},"author":1,"featured_media":0,"comment_status":"open","ping_status":"open","sticky":false,"template":"","format":"standard","meta":{"colormag_page_container_layout":"default_layout","colormag_page_sidebar_layout":"default_layout","footnotes":""},"categories":[15,9,37,14],"tags":[30,41,29,28],"class_list":["post-4371","post","type-post","status-publish","format-standard","hentry","category-jornalismo","category-jornalismo-online","category-sorocaba","category-uniso","tag-focas","tag-focas-na-rede","tag-jornalismo","tag-uniso"],"featured_image_urls":{"full":"","thumbnail":"","medium":"","medium_large":"","large":"","1536x1536":"","2048x2048":"","colormag-highlighted-post":"","colormag-featured-post-medium":"","colormag-featured-post-small":"","colormag-featured-image":"","colormag-default-news":"","colormag-featured-image-large":""},"author_info":{"info":["focas"]},"category_info":"<a href=\"https:\/\/focas.uniso.br\/index.php\/category\/jornalismo\/\" rel=\"category tag\">Jornalismo<\/a> <a href=\"https:\/\/focas.uniso.br\/index.php\/category\/jornalismo-online\/\" rel=\"category tag\">jornalismo online<\/a> <a href=\"https:\/\/focas.uniso.br\/index.php\/category\/sorocaba\/\" rel=\"category tag\">Sorocaba<\/a> <a href=\"https:\/\/focas.uniso.br\/index.php\/category\/uniso\/\" rel=\"category tag\">Uniso<\/a>","tag_info":"Uniso","comment_count":"0","_links":{"self":[{"href":"https:\/\/focas.uniso.br\/index.php\/wp-json\/wp\/v2\/posts\/4371","targetHints":{"allow":["GET"]}}],"collection":[{"href":"https:\/\/focas.uniso.br\/index.php\/wp-json\/wp\/v2\/posts"}],"about":[{"href":"https:\/\/focas.uniso.br\/index.php\/wp-json\/wp\/v2\/types\/post"}],"author":[{"embeddable":true,"href":"https:\/\/focas.uniso.br\/index.php\/wp-json\/wp\/v2\/users\/1"}],"replies":[{"embeddable":true,"href":"https:\/\/focas.uniso.br\/index.php\/wp-json\/wp\/v2\/comments?post=4371"}],"version-history":[{"count":2,"href":"https:\/\/focas.uniso.br\/index.php\/wp-json\/wp\/v2\/posts\/4371\/revisions"}],"predecessor-version":[{"id":4378,"href":"https:\/\/focas.uniso.br\/index.php\/wp-json\/wp\/v2\/posts\/4371\/revisions\/4378"}],"wp:attachment":[{"href":"https:\/\/focas.uniso.br\/index.php\/wp-json\/wp\/v2\/media?parent=4371"}],"wp:term":[{"taxonomy":"category","embeddable":true,"href":"https:\/\/focas.uniso.br\/index.php\/wp-json\/wp\/v2\/categories?post=4371"},{"taxonomy":"post_tag","embeddable":true,"href":"https:\/\/focas.uniso.br\/index.php\/wp-json\/wp\/v2\/tags?post=4371"}],"curies":[{"name":"wp","href":"https:\/\/api.w.org\/{rel}","templated":true}]}}